{"id":9952,"date":"2012-04-25T11:12:55","date_gmt":"2012-04-25T11:12:55","guid":{"rendered":"http:\/\/www.fg.ull.es\/?p=9952"},"modified":"2012-04-25T11:12:55","modified_gmt":"2012-04-25T11:12:55","slug":"el-iv-foro-de-empleo-de-la-ull-se-celebrara-el-proximo-9-de-mayo-en-el-campus-central","status":"publish","type":"post","link":"https:\/\/fg.ull.es\/hemeroteca\/2012\/04\/25\/el-iv-foro-de-empleo-de-la-ull-se-celebrara-el-proximo-9-de-mayo-en-el-campus-central\/","title":{"rendered":"El IV Foro de Empleo de la ULL se celebrar\u00e1 el pr\u00f3ximo 9 de mayo en el Campus Central"},"content":{"rendered":"<p>Se podr\u00e1 participar en tres bloques de actividades: talleres, encuentros con el empresariado y agentes de empleo y contacto directo con las empresas. La participaci\u00f3n es gratuita y es posible acceder a CLES.<\/p>\n<p style='text-align: left'>La <a href='http:\/\/www.ull.es\/'>Universidad de La Laguna<\/a> (ULL) y su Fundaci&oacute;n Empresa (FEULL) preparan la <strong>cuarta edici&oacute;n del Foro de Empleo Universitario<\/strong>, que tendr&aacute; lugar el mi&eacute;rcoles<strong> 9 de mayo<\/strong> desde las <strong>10 hasta las 17 horas<\/strong>. El lugar de celebraci&oacute;n, al igual que el a&ntilde;o pasado, ser&aacute; la<a href='..\/..\/es\/estatico\/donde_estamos\/15\/'> plaza anexa a la Torre Profesor Agust&iacute;n Ar&eacute;valo y el Aulario <\/a>de la Fundaci&oacute;n Empresa Universidad de La Laguna, en el <strong>Campus Central<\/strong>.<\/p>\n<p style='text-align: left'>Se estima que <strong>participar&aacute;n en torno a 30 empresas y organizaciones <\/strong>que se aproximar&aacute;n a los estudiantes y personas tituladas por la ULL.&nbsp; Asimismo, se podr&aacute; participar en cualquiera de los <a href='http:\/\/foroempleo.feull.org\/?page_id=118'>talleres gratuitos<\/a> organizados, relacionados con la empleabilidad desde diversas perspectivas. Aunque es posible que este n&uacute;mero aumente, est&aacute;n<strong> confirmados una treintena de talleres<\/strong>, con una duraci&oacute;n de cincuenta minutos, impartidos por profesores de la ULL, profesionales de la orientaci&oacute;n laboral y otras &aacute;reas, empresarios y consultores especializados. Para participar es preciso formalizar una inscripci&oacute;n previa en el Portal Servicios de la Fundaci&oacute;n Empresa Universidad de La Laguna (<a href='https:\/\/servicios.feu.ull.es\/'>hacer click aqu&iacute;<\/a>).<\/p>\n<p style='text-align: justify'>Por &uacute;ltimo, se podr&aacute; tomar parte en los <a href='http:\/\/foroempleo.feull.org\/?page_id=139'>`Encuentros&acute;<\/a>, espacios de di&aacute;logo abierto con una duraci&oacute;n de treinta minutos en los que intervendr&aacute;n empresarios, emprendedores y responsables de entidades del &aacute;mbito del fomento del empleo y la inserci&oacute;n laboral. Es la f&oacute;rmula elegida para <strong>acercar la realidad de las empresas y emprendedores, desde su propia voz, a los j&oacute;venes<\/strong> que integran la comunidad universitaria de la ULL, quienes tambi&eacute;n podr&aacute;n plantear tambi&eacute;n sus inquietudes y dudas. Tambi&eacute;n es necesaria la<strong> inscripci&oacute;n previa<\/strong>.<\/p>\n<p style='text-align: justify'><strong>Toda la informaci&oacute;n<\/strong> sobre los actos programados, encuentros y talleres est&aacute; disponible en la direcci&oacute;n web <a href='http:\/\/foroempleo.feull.org\/'>http:\/\/foroempleo.feull.org\/<\/a>.<\/p>\n<p style='text-align: justify'>&nbsp;<\/p>\n<p style='text-align: justify'><strong>El Foro Universitario de Empleo, el evento m&aacute;s importante del Programa Universitario de Empleo<\/strong><\/p>\n<p style='text-align: justify'>Este Foro representa el mayor evento p&uacute;blico de fomento de la empleabilidad entre el colectivo universitario en la provincia de Santa Cruz de Tenerife y es uno de los hitos del<a href='..\/..\/public\/docs\/472_dz_orientacion_alumnado.pdf'> Programa Universitario de Empleo<\/a>. Este programa, financiado por el <a href='http:\/\/www2.gobiernodecanarias.org\/empleo\/portal\/web\/sce'>Servicio Canario de Empleo del Gobierno de Canarias<\/a>, ofrece gratuitamente a la comunidad universitaria un conjunto de servicios destinados a mejorar sus posibilidades de inserci&oacute;n laboral y a acompa&ntilde;ar y orientar a los y las j&oacute;venes universitarios, tanto estudiantes como egresados, en el complejo camino de la b&uacute;squeda de empleo. La oferta la componen pr&aacute;cticas para estudiantes, becas de inserci&oacute;n laboral para titulados y tituladas, orientaci&oacute;n laboral personalizada, diversas actividades destinadas a mejorar las habilidades para la empleabilidad y acciones que ponen en contacto al empresariado canario con sus futuros profesionales.<\/p>\n<p style='text-align: justify'>&nbsp;<\/p>\n<p style='text-align: justify'>&nbsp;<\/p>\n","protected":false},"excerpt":{"rendered":"<p>Se podr\u00e1 participar en tres bloques de actividades: talleres, encuentros con el empresariado y agentes de empleo y contacto directo con las empresas. La participaci\u00f3n es gratuita y es posible acceder a CLES.<\/p>\n","protected":false},"author":36,"featured_media":9951,"comment_status":"closed","ping_status":"open","sticky":false,"template":"","format":"standard","meta":{"footnotes":""},"categories":[3],"tags":[173,518,677],"featured_image_thumbnail_url":"https:\/\/fg.ull.es\/hemeroteca\/wp-content\/uploads\/sites\/14\/2015\/04\/696_t1_cartel_foro3-212x300.jpg","_links":{"self":[{"href":"https:\/\/fg.ull.es\/hemeroteca\/wp-json\/wp\/v2\/posts\/9952"}],"collection":[{"href":"https:\/\/fg.ull.es\/hemeroteca\/wp-json\/wp\/v2\/posts"}],"about":[{"href":"https:\/\/fg.ull.es\/hemeroteca\/wp-json\/wp\/v2\/types\/post"}],"author":[{"embeddable":true,"href":"https:\/\/fg.ull.es\/hemeroteca\/wp-json\/wp\/v2\/users\/36"}],"replies":[{"embeddable":true,"href":"https:\/\/fg.ull.es\/hemeroteca\/wp-json\/wp\/v2\/comments?post=9952"}],"version-history":[{"count":0,"href":"https:\/\/fg.ull.es\/hemeroteca\/wp-json\/wp\/v2\/posts\/9952\/revisions"}],"wp:featuredmedia":[{"embeddable":true,"href":"https:\/\/fg.ull.es\/hemeroteca\/wp-json\/wp\/v2\/media\/9951"}],"wp:attachment":[{"href":"https:\/\/fg.ull.es\/hemeroteca\/wp-json\/wp\/v2\/media?parent=9952"}],"wp:term":[{"taxonomy":"category","embeddable":true,"href":"https:\/\/fg.ull.es\/hemeroteca\/wp-json\/wp\/v2\/categories?post=9952"},{"taxonomy":"post_tag","embeddable":true,"href":"https:\/\/fg.ull.es\/hemeroteca\/wp-json\/wp\/v2\/tags?post=9952"}],"curies":[{"name":"wp","href":"https:\/\/api.w.org\/{rel}","templated":true}]}}