{"id":9941,"date":"2012-04-20T13:48:12","date_gmt":"2012-04-20T13:48:12","guid":{"rendered":"http:\/\/www.fg.ull.es\/?p=9941"},"modified":"2012-04-20T13:48:12","modified_gmt":"2012-04-20T13:48:12","slug":"oferta-de-cursos-con-comienzo-en-la-semana-del-30-de-abril","status":"publish","type":"post","link":"https:\/\/fg.ull.es\/hemeroteca\/2012\/04\/20\/oferta-de-cursos-con-comienzo-en-la-semana-del-30-de-abril\/","title":{"rendered":"Oferta de cursos con comienzo en la semana del 30 de abril"},"content":{"rendered":"<p>Durante dicha semana, se iniciar\u00e1n los cursos de &#8216;dise\u00f1o gr\u00e1fico en proyectos editoriales&#8217;, as\u00ed como el de &#8216;familiares cuidadores de enfermos de alzheimer&#8217;.<\/p>\n<p style='text-align: justify'>El <a href='http:\/\/feull.org\/es\/formacion\/'>&Aacute;rea de Formaci&oacute;n<\/a> de la Fundaci&oacute;n Empresa Universidad de La Laguna presenta, como cada viernes, el <strong>cartel con la oferta de cursos con comienzo en la semana del 30 de abril<\/strong>.<\/p>\n<p style='text-align: justify'>En este caso, se presenta un <strong>&#8216;Taller de dise&ntilde;o gr&aacute;fico en proyectos editoriales&#8217;<\/strong>, cuyo objetivo es aportar conocimientos b&aacute;sicos en el planteamiento, desarrollo de ideas y la producci&oacute;n final de una publicaci&oacute;n de peque&ntilde;o formato.<\/p>\n<p style='text-align: justify'>Por su parte, el curso <strong>&#8216;Familiares cuidadores de enfermos de alzheimer: aprender a cuidar y a cuidarse&#8217;<\/strong>pretende ayudar al alumnado a conocer las caracter&iacute;sticas del deterioro cognitivo y comportamental de la enfermedad y su evoluci&oacute;n, aprendiendo a afrontar esta situaci&oacute;n desde el punto de vista familiar, social y personal.&nbsp; &nbsp;<\/p>\n<p style='text-align: justify'>Para mayor informaci&oacute;n y<strong> matr&iacute;cula<\/strong>, visitar el <a href='https:\/\/servicios.feu.ull.es\/Portal\/OfertaFormativa'>Portal Servicios de la Fundaci&oacute;n<\/a>.<\/p>\n<div style=\"max-width: 100%;max-height:100%\"><img src='http:\/\/www.fg.ull.es\/wp-content\/uploads\/2015\/04\/692_dq_taller_proyectos_editoriales_de_la_idea_a_la_edicionjpg.jpg'><\/div>\n","protected":false},"excerpt":{"rendered":"<p>Durante dicha semana, se iniciar\u00e1n los cursos de &#8216;dise\u00f1o gr\u00e1fico en proyectos editoriales&#8217;, as\u00ed como el de &#8216;familiares cuidadores de enfermos de alzheimer&#8217;.<\/p>\n","protected":false},"author":36,"featured_media":9939,"comment_status":"closed","ping_status":"open","sticky":false,"template":"","format":"standard","meta":{"footnotes":""},"categories":[5],"tags":[173,425,672],"featured_image_thumbnail_url":"https:\/\/fg.ull.es\/hemeroteca\/wp-content\/uploads\/sites\/14\/2015\/04\/691_vy_cursos_semana_30_de_abril-300x212.jpg","_links":{"self":[{"href":"https:\/\/fg.ull.es\/hemeroteca\/wp-json\/wp\/v2\/posts\/9941"}],"collection":[{"href":"https:\/\/fg.ull.es\/hemeroteca\/wp-json\/wp\/v2\/posts"}],"about":[{"href":"https:\/\/fg.ull.es\/hemeroteca\/wp-json\/wp\/v2\/types\/post"}],"author":[{"embeddable":true,"href":"https:\/\/fg.ull.es\/hemeroteca\/wp-json\/wp\/v2\/users\/36"}],"replies":[{"embeddable":true,"href":"https:\/\/fg.ull.es\/hemeroteca\/wp-json\/wp\/v2\/comments?post=9941"}],"version-history":[{"count":0,"href":"https:\/\/fg.ull.es\/hemeroteca\/wp-json\/wp\/v2\/posts\/9941\/revisions"}],"wp:featuredmedia":[{"embeddable":true,"href":"https:\/\/fg.ull.es\/hemeroteca\/wp-json\/wp\/v2\/media\/9939"}],"wp:attachment":[{"href":"https:\/\/fg.ull.es\/hemeroteca\/wp-json\/wp\/v2\/media?parent=9941"}],"wp:term":[{"taxonomy":"category","embeddable":true,"href":"https:\/\/fg.ull.es\/hemeroteca\/wp-json\/wp\/v2\/categories?post=9941"},{"taxonomy":"post_tag","embeddable":true,"href":"https:\/\/fg.ull.es\/hemeroteca\/wp-json\/wp\/v2\/tags?post=9941"}],"curies":[{"name":"wp","href":"https:\/\/api.w.org\/{rel}","templated":true}]}}