{"id":9904,"date":"2012-04-16T12:10:35","date_gmt":"2012-04-16T12:10:35","guid":{"rendered":"http:\/\/www.fg.ull.es\/?p=9904"},"modified":"2012-04-16T12:10:35","modified_gmt":"2012-04-16T12:10:35","slug":"exito-de-participacion-en-la-jornada-de-orientacion-laboral-campus-de-anchieta","status":"publish","type":"post","link":"https:\/\/fg.ull.es\/hemeroteca\/2012\/04\/16\/exito-de-participacion-en-la-jornada-de-orientacion-laboral-campus-de-anchieta\/","title":{"rendered":"\u00c9xito de participaci\u00f3n en la &#039;Jornada de Orientaci\u00f3n Laboral Campus de Anchieta&#039;"},"content":{"rendered":"<p>El acto tuvo lugar el pasado viernes 13 de abril en el Aula Magna de las Facultades de F\u00edsica y Matem\u00e1ticas de la Universidad de La Laguna.<\/p>\n<p style='text-align: left'><strong>M&aacute;s de un centenar de j&oacute;venes<\/strong> pertenecientes a las diferentes facultades del Campus de Anchieta participaron el pasado viernes 13 de abril en las &#8216;Jornadas de Orientaci&oacute;n Laboral por Campus&#8217;. El <strong>Aula Magna de las Facultades de F&iacute;sica y Matem&aacute;ticas<\/strong> de la <a href='http:\/\/www.ull.es\/'>Universidad de La Laguna<\/a> acogi&oacute; diferentes charlas, en la que los asistentes pudieron recibir <strong>asesoramiento<\/strong> por parte de t&eacute;cnicos de diversas &aacute;reas de la Fundaci&oacute;n Empresa Universidad de La Laguna, tanto a nivel de inserci&oacute;n laboral como de diferentes iniciativas llevadas a cabo desde la Fundaci&oacute;n, como el &#8216;<a href='http:\/\/proyectoideas.feull.org\/'>Proyecto Ideas<\/a>&#8216;.<\/p>\n<p style='text-align: justify'>Los estudiantes manifestaron especial inter&eacute;s en el programa &#8216;<a href='http:\/\/www.feu.ull.es\/es\/proyecto\/pude_orientacion\/3\/'>Itinera<\/a>&#8216;, que pretende ayudar a los j&oacute;venes a prepararse para <strong>mejorar su empleabilidad<\/strong>. Tambi&eacute;n tuvieron la posibilidad de conocer la <strong>oferta de becas y pr&aacute;cticas<\/strong> con la que cuenta la Fundaci&oacute;n Empresa, adem&aacute;s de acercarse al proyecto &#8216;<a href='http:\/\/emprendeull.ning.com\/'>Emprende.ull<\/a>&#8216;, cuyo objetivo primordial es <strong>impulsar la capacidad innovadora y emprendedora<\/strong> de los estudiantes universitarios.<\/p>\n<p style='text-align: justify'>Para finalizar la sesi&oacute;n de ma&ntilde;ana de la jornada, los participantes trabajaron en un <strong>taller din&aacute;mico para la creaci&oacute;n del curr&iacute;culum vitae<\/strong>, consider&aacute;ndolo como una herramienta fundamental para aumentar sus posibilidades de inserci&oacute;n laboral.<\/p>\n<div style=\"max-width: 100%;max-height:100%\"><img src='http:\/\/www.fg.ull.es\/wp-content\/uploads\/2015\/04\/675_pq_dsc_0614.jpg'><\/div>\n<div style=\"max-width: 100%;max-height:100%\"><img src='http:\/\/www.fg.ull.es\/wp-content\/uploads\/2015\/04\/676_qp_dsc_0646.jpg'><\/div>\n<div style=\"max-width: 100%;max-height:100%\"><img src='http:\/\/www.fg.ull.es\/wp-content\/uploads\/2015\/04\/680_xk_dsc_0618.jpg'><\/div>\n","protected":false},"excerpt":{"rendered":"<p>El acto tuvo lugar el pasado viernes 13 de abril en el Aula Magna de las Facultades de F\u00edsica y Matem\u00e1ticas de la Universidad de La Laguna.<\/p>\n","protected":false},"author":36,"featured_media":9900,"comment_status":"closed","ping_status":"open","sticky":false,"template":"","format":"standard","meta":{"footnotes":""},"categories":[3],"tags":[173,533,541,872,1079,1187],"featured_image_thumbnail_url":"https:\/\/fg.ull.es\/hemeroteca\/wp-content\/uploads\/sites\/14\/2015\/04\/673_ht_dsc_0623-300x201.jpg","_links":{"self":[{"href":"https:\/\/fg.ull.es\/hemeroteca\/wp-json\/wp\/v2\/posts\/9904"}],"collection":[{"href":"https:\/\/fg.ull.es\/hemeroteca\/wp-json\/wp\/v2\/posts"}],"about":[{"href":"https:\/\/fg.ull.es\/hemeroteca\/wp-json\/wp\/v2\/types\/post"}],"author":[{"embeddable":true,"href":"https:\/\/fg.ull.es\/hemeroteca\/wp-json\/wp\/v2\/users\/36"}],"replies":[{"embeddable":true,"href":"https:\/\/fg.ull.es\/hemeroteca\/wp-json\/wp\/v2\/comments?post=9904"}],"version-history":[{"count":0,"href":"https:\/\/fg.ull.es\/hemeroteca\/wp-json\/wp\/v2\/posts\/9904\/revisions"}],"wp:featuredmedia":[{"embeddable":true,"href":"https:\/\/fg.ull.es\/hemeroteca\/wp-json\/wp\/v2\/media\/9900"}],"wp:attachment":[{"href":"https:\/\/fg.ull.es\/hemeroteca\/wp-json\/wp\/v2\/media?parent=9904"}],"wp:term":[{"taxonomy":"category","embeddable":true,"href":"https:\/\/fg.ull.es\/hemeroteca\/wp-json\/wp\/v2\/categories?post=9904"},{"taxonomy":"post_tag","embeddable":true,"href":"https:\/\/fg.ull.es\/hemeroteca\/wp-json\/wp\/v2\/tags?post=9904"}],"curies":[{"name":"wp","href":"https:\/\/api.w.org\/{rel}","templated":true}]}}