{"id":9851,"date":"2012-03-30T16:47:37","date_gmt":"2012-03-30T16:47:37","guid":{"rendered":"http:\/\/www.fg.ull.es\/?p=9851"},"modified":"2012-03-30T16:47:37","modified_gmt":"2012-03-30T16:47:37","slug":"curso-introduccion-a-la-creacion-literaria","status":"publish","type":"post","link":"https:\/\/fg.ull.es\/hemeroteca\/2012\/03\/30\/curso-introduccion-a-la-creacion-literaria\/","title":{"rendered":"Curso &#039;Introducci\u00f3n a la creaci\u00f3n literaria&#039;"},"content":{"rendered":"<p>Se presenta este curso que se desarrollar\u00e1 en la Universidad Popular de Puerto de la Cruz. Con clases presenciales una vez a la semana y trabajo online. Del 25 de mayo al 6 de julio .<\/p>\n<p style='text-align: justify'>La Feull inicia una colaboraci&oacute;n con la Universidad Popular del Puerto de la Cruz con este curso que acercar&aacute; el placer de la escritura a las personas que est&eacute;n interesadas. El curso consta de 25 horas, de las que 10 se desarrollar&aacute;n en un Aula Virtual y 15 se impartir&aacute;n de forma presencial. Las sesiones presenciales ser&aacute;n lo viernes de 18 a 20 horas del <strong>25 de mayo al 6 de julio<\/strong> (fecha definitiva).<\/p>\n<p style='text-align: justify'>El curso tiene un coste de 50 euros para las personas residentes en el Puerto de la Cruz y estudiantes de la Universidad de La Laguna.<\/p>\n<p style='text-align: justify'><a href='https:\/\/servicios.feu.ull.es\/Portal\/ExpedienteOfertado.aspx?COD=A12030161' target=\"_blank\" rel=\"noopener\">(Formaliza tu matr&iacute;cula haciendo click aqu&iacute;)<\/a><\/p>\n<p style='text-align: justify'><strong>Car&aacute;cter del curso<\/strong><\/p>\n<p style='text-align: justify'><!--[if gte mso 9]&gt;    &lt;![endif]--><!--[if gte mso 9]&gt;  Normal 0   21   false false false  ES X-NONE X-NONE                         &lt;![endif]--><!--[if gte mso 9]&gt;--><br \/>\n       <!--[if gte mso 10]&gt; &lt;!   \/* Style Definitions *\/  table.MsoNormalTable \t{mso-style-name:&#039;Tabla normal&#039;; \tmso-tstyle-rowband-size:0; \tmso-tstyle-colband-size:0; \tmso-style-noshow:yes; \tmso-style-priority:99; \tmso-style-parent:&#039;&#039;; \tmso-padding-alt:0cm 5.4pt 0cm 5.4pt; \tmso-para-margin-top:0cm; \tmso-para-margin-right:0cm; \tmso-para-margin-bottom:10.0pt; \tmso-para-margin-left:0cm; \tline-height:115%; \tmso-pagination:widow-orphan; \tfont-size:11.0pt; \tfont-family:&#039;Calibri&#039;,&#039;sans-serif&#039;; \tmso-ascii-font-family:Calibri; \tmso-ascii-theme-font:minor-latin; \tmso-hansi-font-family:Calibri; \tmso-hansi-theme-font:minor-latin; \tmso-bidi-font-family:&#039;Times New Roman&#039;; \tmso-bidi-theme-font:minor-bidi; \tmso-fareast-language:EN-US;} --> <!--[endif] --><\/p>\n<p class='MsoNormal' style='text-align: justify'>La escritura es una herramienta b&aacute;sica de expresi&oacute;n del ser humano. Permite transmitir ideas, sentimientos y emociones y es una herramienta eficaz para ejercitar el razonamiento, la actitud cr&iacute;tica y la reflexi&oacute;n. Numerosos estudios psicol&oacute;gicos<span> <\/span>avalan la pertinencia de la escritura creativa como estabilizador emocional, reductor del estr&eacute;s y como un factor de mejora de la autoestima. Asimismo, la pr&aacute;ctica de la escritura creativa permite mejorar la expresi&oacute;n escrita y fomenta la capacidad creativa. Tambi&eacute;n, el enfoque del curso (pr&aacute;ctico y participativo) permite establecer relaciones sociales entre las personas que integran el grupo.<\/p>\n<p class='MsoNormal' style='text-align: justify'><strong>La docente<\/strong><\/p>\n<p class='MsoNormal' style='text-align: justify'><!--[if gte mso 9]&gt;    &lt;![endif]--><!--[if gte mso 9]&gt;  Normal 0   21   false false false  ES X-NONE X-NONE                         &lt;![endif]--><!--[if gte mso 9]&gt;-->                                                                                                                                            <!--[if gte mso 10]&gt; &lt;!   \/* Style Definitions *\/  table.MsoNormalTable \t{mso-style-name:&#039;Tabla normal&#039;; \tmso-tstyle-rowband-size:0; \tmso-tstyle-colband-size:0; \tmso-style-noshow:yes; \tmso-style-priority:99; \tmso-style-parent:&#039;&#039;; \tmso-padding-alt:0cm 5.4pt 0cm 5.4pt; \tmso-para-margin-top:0cm; \tmso-para-margin-right:0cm; \tmso-para-margin-bottom:10.0pt; \tmso-para-margin-left:0cm; \tline-height:115%; \tmso-pagination:widow-orphan; \tfont-size:11.0pt; \tfont-family:&#039;Calibri&#039;,&#039;sans-serif&#039;; \tmso-ascii-font-family:Calibri; \tmso-ascii-theme-font:minor-latin; \tmso-hansi-font-family:Calibri; \tmso-hansi-theme-font:minor-latin; \tmso-bidi-font-family:&#039;Times New Roman&#039;; \tmso-bidi-theme-font:minor-bidi; \tmso-fareast-language:EN-US;} --> <!--[endif] --><\/p>\n<p class='MsoNormal' style='text-align: justify'>Nira Llarena Alberto, es Lda. en Publicidad y RR.PP. por la UPSA (Universidad Pontificia de Salamanca) y Periodismo por la ULL (Universidad de La Laguna). Experto en Gabinetes de Comunicaci&oacute;n en Empresas e Instituciones por la UCM (Universidad Complutense de Madrid). Actualmente, est&aacute; estudiando el Grado de Educaci&oacute;n Social. Ha trabajado como periodista, responsable y t&eacute;cnico en Gabinetes de Prensa, y como gestora y dinamizadora sociocultural.<\/p>\n<p class='MsoNormal' style='text-align: justify'>En su faceta literaria, es escritora de poes&iacute;a y relato corto, con varios premios en su trayectoria. Ha realizado cursos en la Escuela Canaria de Creaci&oacute;n Literaria, Talleres de Mec&aacute;nica Literaria y ha participado en comunidades de escritores online. Asimismo, ha desarrollado, numerosas actividades de Animaci&oacute;n a la lectura, dirigidas tanto a la infancia como a personas adultas, llevando en algunos casos la direcci&oacute;n de proyectos y en otros la propia dinamizaci&oacute;n. En su faceta docente ha impartido talleres de creaci&oacute;n literaria en Casas de la Juventud y diversas asociaciones socio-culturales.<\/p>\n<p class='MsoNormal' style='text-align: justify'><strong>Matr&iacute;cula <\/strong><\/p>\n<p class='MsoNormal' style='text-align: justify'>La matr&iacute;cula se ha de cumplimentar a trav&eacute;s del Portal Servicios en este <a href='https:\/\/servicios.feu.ull.es\/Portal\/ExpedienteOfertado.aspx?COD=A12030161' target=\"_blank\" rel=\"noopener\">enlace<\/a> o en la Secretar&iacute;a de la Feull.<\/p>\n<p class='MsoNormal' style='text-align: justify'>&nbsp;<\/p>\n<div id='_mcePaste' style='width: 1px;height: 1px;overflow: hidden'><!--[if gte mso 9]&gt;    &lt;![endif]--><!--[if gte mso 9]&gt;  Normal 0   21   false false false  ES X-NONE X-NONE                         &lt;![endif]--><!--[if gte mso 9]&gt;-->                                                                                                                                            <!--[if gte mso 10]&gt; &lt;!   \/* Style Definitions *\/  table.MsoNormalTable \t{mso-style-name:&#039;Tabla normal&#039;; \tmso-tstyle-rowband-size:0; \tmso-tstyle-colband-size:0; \tmso-style-noshow:yes; \tmso-style-priority:99; \tmso-style-parent:&#039;&#039;; \tmso-padding-alt:0cm 5.4pt 0cm 5.4pt; \tmso-para-margin-top:0cm; \tmso-para-margin-right:0cm; \tmso-para-margin-bottom:10.0pt; \tmso-para-margin-left:0cm; \tline-height:115%; \tmso-pagination:widow-orphan; \tfont-size:11.0pt; \tfont-family:&#039;Calibri&#039;,&#039;sans-serif&#039;; \tmso-ascii-font-family:Calibri; \tmso-ascii-theme-font:minor-latin; \tmso-hansi-font-family:Calibri; \tmso-hansi-theme-font:minor-latin; \tmso-bidi-font-family:&#039;Times New Roman&#039;; \tmso-bidi-theme-font:minor-bidi; \tmso-fareast-language:EN-US;} --> <!--[endif] --><\/p>\n<p class='MsoNormal' style='text-align:justify'><span style='font-size:11.0pt;font-family:'>La escritura es una herramienta b&aacute;sica de expresi&oacute;n del ser humano. Permite transmitir ideas, sentimientos y emociones y es una herramienta eficaz para ejercitar el razonamiento, la actitud cr&iacute;tica y la reflexi&oacute;n. Numerosos estudios psicol&oacute;gicos<a name='_ftnref1' href='#_ftn1' target=\"_blank\" rel=\"noopener\"><span class='MsoFootnoteReference'><span><span class='MsoFootnoteReference'><span style='font-size:11.0pt;font-family:'>[1]<\/span><\/span><\/span><\/span><\/a> avalan la pertinencia de la escritura creativa como estabilizador emocional, reductor del estr&eacute;s y como un factor de mejora de la autoestima. Asimismo, la pr&aacute;ctica de la escritura creativa permite mejorar la expresi&oacute;n escrita y fomenta la capacidad creativa. Tambi&eacute;n, el enfoque del curso (pr&aacute;ctico y participativo) permite establecer relaciones sociales entre las personas que integran el grupo.<\/span><\/p>\n<p class='MsoNormal' style='text-align:justify;line-height:115%'><span style='font-size:11.0pt;line-height:115%;font-family:'>&nbsp;<\/span><\/p>\n<div><\/p>\n<hr size='1' \/>\n<div id='ftn1'>\n<p class='MsoFootnoteText'><a name='_ftn1' href='#_ftnref1' target=\"_blank\" rel=\"noopener\"><span class='MsoFootnoteReference'><span><span class='MsoFootnoteReference'><span style='font-size:10.0pt;font-family:'>[1]<\/span><\/span><\/span><\/span><\/a><span lang='EN-US'> Simonton, K., Creativity: cognitive, personal, developmental and social aspects. American Psychologist, n&ordm; 55, 2000, p&aacute;gs. 151-158<\/span><\/p>\n<p class='MsoFootnoteText'><span lang='EN-US'><span>&nbsp;<\/span>&#8211; Csikszentmihalyi, M: Creativity: Flow and the Psychology of Discovery and Invention, New York, Harper Perennial, 1996 (trad. cast.: Creatividad: el fluir y la psicolog&iacute;a del descubrimiento y la invenci&oacute;n, Barcelona, Paid&oacute;s, 1998).<\/span><\/p>\n<p class='MsoFootnoteText'><span lang='EN-US'>&nbsp;<\/span><\/p>\n<\/div>\n<\/div>\n<\/div>\n","protected":false},"excerpt":{"rendered":"<p>Se presenta este curso que se desarrollar\u00e1 en la Universidad Popular de Puerto de la Cruz. Con clases presenciales una vez a la semana y trabajo online. Del 25 de mayo al 6 de julio .<\/p>\n","protected":false},"author":36,"featured_media":9850,"comment_status":"closed","ping_status":"open","sticky":false,"template":"","format":"standard","meta":{"footnotes":""},"categories":[5],"tags":[173],"class_list":["post-9851","post","type-post","status-publish","format-standard","has-post-thumbnail","hentry","category-formacion","tag-archivados"],"yoast_head":"<!-- This site is optimized with the Yoast SEO plugin v28.2 - https:\/\/yoast.com\/product\/yoast-seo-wordpress\/ -->\n<title>Curso &#039;Introducci\u00f3n a la creaci\u00f3n literaria&#039; - Hist\u00f3rico de noticias de la Fundaci\u00f3n General<\/title>\n<meta name=\"robots\" content=\"index, follow, max-snippet:-1, max-image-preview:large, max-video-preview:-1\" \/>\n<link rel=\"canonical\" href=\"https:\/\/fg.ull.es\/hemeroteca\/2012\/03\/30\/curso-introduccion-a-la-creacion-literaria\/\" \/>\n<meta property=\"og:locale\" content=\"es_ES\" \/>\n<meta property=\"og:type\" content=\"article\" \/>\n<meta property=\"og:title\" content=\"Curso &#039;Introducci\u00f3n a la creaci\u00f3n literaria&#039; - Hist\u00f3rico de noticias de la Fundaci\u00f3n General\" \/>\n<meta property=\"og:description\" content=\"Se presenta este curso que se desarrollar\u00e1 en la Universidad Popular de Puerto de la Cruz. Con clases presenciales una vez a la semana y trabajo online. Del 25 de mayo al 6 de julio .\" \/>\n<meta property=\"og:url\" content=\"https:\/\/fg.ull.es\/hemeroteca\/2012\/03\/30\/curso-introduccion-a-la-creacion-literaria\/\" \/>\n<meta property=\"og:site_name\" content=\"Hist\u00f3rico de noticias de la Fundaci\u00f3n General\" \/>\n<meta property=\"article:published_time\" content=\"2012-03-30T16:47:37+00:00\" \/>\n<meta property=\"og:image\" content=\"https:\/\/fg.ull.es\/hemeroteca\/wp-content\/uploads\/sites\/14\/2015\/04\/740_js_taller_creacion_literaria6.jpg\" \/>\n\t<meta property=\"og:image:width\" content=\"842\" \/>\n\t<meta property=\"og:image:height\" content=\"1191\" \/>\n\t<meta property=\"og:image:type\" content=\"image\/jpeg\" \/>\n<meta name=\"author\" content=\"fgull\" \/>\n<meta name=\"twitter:card\" content=\"summary_large_image\" \/>\n<meta name=\"twitter:label1\" content=\"Escrito por\" \/>\n\t<meta name=\"twitter:data1\" content=\"fgull\" \/>\n\t<meta name=\"twitter:label2\" content=\"Tiempo de lectura\" \/>\n\t<meta name=\"twitter:data2\" content=\"3 minutos\" \/>\n<script type=\"application\/ld+json\" class=\"yoast-schema-graph\">{\"@context\":\"https:\\\/\\\/schema.org\",\"@graph\":[{\"@type\":\"Article\",\"@id\":\"https:\\\/\\\/fg.ull.es\\\/hemeroteca\\\/2012\\\/03\\\/30\\\/curso-introduccion-a-la-creacion-literaria\\\/#article\",\"isPartOf\":{\"@id\":\"https:\\\/\\\/fg.ull.es\\\/hemeroteca\\\/2012\\\/03\\\/30\\\/curso-introduccion-a-la-creacion-literaria\\\/\"},\"author\":{\"name\":\"fgull\",\"@id\":\"https:\\\/\\\/fg.ull.es\\\/hemeroteca\\\/#\\\/schema\\\/person\\\/cf424320c3c543ecb9f15d3785219238\"},\"headline\":\"Curso &#039;Introducci\u00f3n a la creaci\u00f3n literaria&#039;\",\"datePublished\":\"2012-03-30T16:47:37+00:00\",\"mainEntityOfPage\":{\"@id\":\"https:\\\/\\\/fg.ull.es\\\/hemeroteca\\\/2012\\\/03\\\/30\\\/curso-introduccion-a-la-creacion-literaria\\\/\"},\"wordCount\":653,\"image\":{\"@id\":\"https:\\\/\\\/fg.ull.es\\\/hemeroteca\\\/2012\\\/03\\\/30\\\/curso-introduccion-a-la-creacion-literaria\\\/#primaryimage\"},\"thumbnailUrl\":\"https:\\\/\\\/fg.ull.es\\\/hemeroteca\\\/wp-content\\\/uploads\\\/sites\\\/14\\\/2015\\\/04\\\/740_js_taller_creacion_literaria6.jpg\",\"keywords\":[\"Archivados\"],\"articleSection\":[\"Formaci\u00f3n\"],\"inLanguage\":\"es\"},{\"@type\":\"WebPage\",\"@id\":\"https:\\\/\\\/fg.ull.es\\\/hemeroteca\\\/2012\\\/03\\\/30\\\/curso-introduccion-a-la-creacion-literaria\\\/\",\"url\":\"https:\\\/\\\/fg.ull.es\\\/hemeroteca\\\/2012\\\/03\\\/30\\\/curso-introduccion-a-la-creacion-literaria\\\/\",\"name\":\"Curso &#039;Introducci\u00f3n a la creaci\u00f3n literaria&#039; - Hist\u00f3rico de noticias de la Fundaci\u00f3n General\",\"isPartOf\":{\"@id\":\"https:\\\/\\\/fg.ull.es\\\/hemeroteca\\\/#website\"},\"primaryImageOfPage\":{\"@id\":\"https:\\\/\\\/fg.ull.es\\\/hemeroteca\\\/2012\\\/03\\\/30\\\/curso-introduccion-a-la-creacion-literaria\\\/#primaryimage\"},\"image\":{\"@id\":\"https:\\\/\\\/fg.ull.es\\\/hemeroteca\\\/2012\\\/03\\\/30\\\/curso-introduccion-a-la-creacion-literaria\\\/#primaryimage\"},\"thumbnailUrl\":\"https:\\\/\\\/fg.ull.es\\\/hemeroteca\\\/wp-content\\\/uploads\\\/sites\\\/14\\\/2015\\\/04\\\/740_js_taller_creacion_literaria6.jpg\",\"datePublished\":\"2012-03-30T16:47:37+00:00\",\"author\":{\"@id\":\"https:\\\/\\\/fg.ull.es\\\/hemeroteca\\\/#\\\/schema\\\/person\\\/cf424320c3c543ecb9f15d3785219238\"},\"breadcrumb\":{\"@id\":\"https:\\\/\\\/fg.ull.es\\\/hemeroteca\\\/2012\\\/03\\\/30\\\/curso-introduccion-a-la-creacion-literaria\\\/#breadcrumb\"},\"inLanguage\":\"es\",\"potentialAction\":[{\"@type\":\"ReadAction\",\"target\":[\"https:\\\/\\\/fg.ull.es\\\/hemeroteca\\\/2012\\\/03\\\/30\\\/curso-introduccion-a-la-creacion-literaria\\\/\"]}]},{\"@type\":\"ImageObject\",\"inLanguage\":\"es\",\"@id\":\"https:\\\/\\\/fg.ull.es\\\/hemeroteca\\\/2012\\\/03\\\/30\\\/curso-introduccion-a-la-creacion-literaria\\\/#primaryimage\",\"url\":\"https:\\\/\\\/fg.ull.es\\\/hemeroteca\\\/wp-content\\\/uploads\\\/sites\\\/14\\\/2015\\\/04\\\/740_js_taller_creacion_literaria6.jpg\",\"contentUrl\":\"https:\\\/\\\/fg.ull.es\\\/hemeroteca\\\/wp-content\\\/uploads\\\/sites\\\/14\\\/2015\\\/04\\\/740_js_taller_creacion_literaria6.jpg\",\"width\":842,\"height\":1191},{\"@type\":\"BreadcrumbList\",\"@id\":\"https:\\\/\\\/fg.ull.es\\\/hemeroteca\\\/2012\\\/03\\\/30\\\/curso-introduccion-a-la-creacion-literaria\\\/#breadcrumb\",\"itemListElement\":[{\"@type\":\"ListItem\",\"position\":1,\"name\":\"Home\",\"item\":\"https:\\\/\\\/fg.ull.es\\\/hemeroteca\\\/\"},{\"@type\":\"ListItem\",\"position\":2,\"name\":\"Curso &#039;Introducci\u00f3n a la creaci\u00f3n literaria&#039;\"}]},{\"@type\":\"WebSite\",\"@id\":\"https:\\\/\\\/fg.ull.es\\\/hemeroteca\\\/#website\",\"url\":\"https:\\\/\\\/fg.ull.es\\\/hemeroteca\\\/\",\"name\":\"Hist\u00f3rico de noticias de la Fundaci\u00f3n General\",\"description\":\"\",\"potentialAction\":[{\"@type\":\"SearchAction\",\"target\":{\"@type\":\"EntryPoint\",\"urlTemplate\":\"https:\\\/\\\/fg.ull.es\\\/hemeroteca\\\/?s={search_term_string}\"},\"query-input\":{\"@type\":\"PropertyValueSpecification\",\"valueRequired\":true,\"valueName\":\"search_term_string\"}}],\"inLanguage\":\"es\"},{\"@type\":\"Person\",\"@id\":\"https:\\\/\\\/fg.ull.es\\\/hemeroteca\\\/#\\\/schema\\\/person\\\/cf424320c3c543ecb9f15d3785219238\",\"name\":\"fgull\",\"image\":{\"@type\":\"ImageObject\",\"inLanguage\":\"es\",\"@id\":\"https:\\\/\\\/secure.gravatar.com\\\/avatar\\\/3b3f179500dd91d295ffa66543a853574e5676c5c7f8b31d00af1a80aadcafa4?s=96&d=mm&r=g\",\"url\":\"https:\\\/\\\/secure.gravatar.com\\\/avatar\\\/3b3f179500dd91d295ffa66543a853574e5676c5c7f8b31d00af1a80aadcafa4?s=96&d=mm&r=g\",\"contentUrl\":\"https:\\\/\\\/secure.gravatar.com\\\/avatar\\\/3b3f179500dd91d295ffa66543a853574e5676c5c7f8b31d00af1a80aadcafa4?s=96&d=mm&r=g\",\"caption\":\"fgull\"},\"url\":\"https:\\\/\\\/fg.ull.es\\\/hemeroteca\\\/author\\\/fgull\\\/\"}]}<\/script>\n<!-- \/ Yoast SEO plugin. -->","yoast_head_json":{"title":"Curso &#039;Introducci\u00f3n a la creaci\u00f3n literaria&#039; - Hist\u00f3rico de noticias de la Fundaci\u00f3n General","robots":{"index":"index","follow":"follow","max-snippet":"max-snippet:-1","max-image-preview":"max-image-preview:large","max-video-preview":"max-video-preview:-1"},"canonical":"https:\/\/fg.ull.es\/hemeroteca\/2012\/03\/30\/curso-introduccion-a-la-creacion-literaria\/","og_locale":"es_ES","og_type":"article","og_title":"Curso &#039;Introducci\u00f3n a la creaci\u00f3n literaria&#039; - Hist\u00f3rico de noticias de la Fundaci\u00f3n General","og_description":"Se presenta este curso que se desarrollar\u00e1 en la Universidad Popular de Puerto de la Cruz. Con clases presenciales una vez a la semana y trabajo online. Del 25 de mayo al 6 de julio .","og_url":"https:\/\/fg.ull.es\/hemeroteca\/2012\/03\/30\/curso-introduccion-a-la-creacion-literaria\/","og_site_name":"Hist\u00f3rico de noticias de la Fundaci\u00f3n General","article_published_time":"2012-03-30T16:47:37+00:00","og_image":[{"width":842,"height":1191,"url":"https:\/\/fg.ull.es\/hemeroteca\/wp-content\/uploads\/sites\/14\/2015\/04\/740_js_taller_creacion_literaria6.jpg","type":"image\/jpeg"}],"author":"fgull","twitter_card":"summary_large_image","twitter_misc":{"Escrito por":"fgull","Tiempo de lectura":"3 minutos"},"schema":{"@context":"https:\/\/schema.org","@graph":[{"@type":"Article","@id":"https:\/\/fg.ull.es\/hemeroteca\/2012\/03\/30\/curso-introduccion-a-la-creacion-literaria\/#article","isPartOf":{"@id":"https:\/\/fg.ull.es\/hemeroteca\/2012\/03\/30\/curso-introduccion-a-la-creacion-literaria\/"},"author":{"name":"fgull","@id":"https:\/\/fg.ull.es\/hemeroteca\/#\/schema\/person\/cf424320c3c543ecb9f15d3785219238"},"headline":"Curso &#039;Introducci\u00f3n a la creaci\u00f3n literaria&#039;","datePublished":"2012-03-30T16:47:37+00:00","mainEntityOfPage":{"@id":"https:\/\/fg.ull.es\/hemeroteca\/2012\/03\/30\/curso-introduccion-a-la-creacion-literaria\/"},"wordCount":653,"image":{"@id":"https:\/\/fg.ull.es\/hemeroteca\/2012\/03\/30\/curso-introduccion-a-la-creacion-literaria\/#primaryimage"},"thumbnailUrl":"https:\/\/fg.ull.es\/hemeroteca\/wp-content\/uploads\/sites\/14\/2015\/04\/740_js_taller_creacion_literaria6.jpg","keywords":["Archivados"],"articleSection":["Formaci\u00f3n"],"inLanguage":"es"},{"@type":"WebPage","@id":"https:\/\/fg.ull.es\/hemeroteca\/2012\/03\/30\/curso-introduccion-a-la-creacion-literaria\/","url":"https:\/\/fg.ull.es\/hemeroteca\/2012\/03\/30\/curso-introduccion-a-la-creacion-literaria\/","name":"Curso &#039;Introducci\u00f3n a la creaci\u00f3n literaria&#039; - Hist\u00f3rico de noticias de la Fundaci\u00f3n General","isPartOf":{"@id":"https:\/\/fg.ull.es\/hemeroteca\/#website"},"primaryImageOfPage":{"@id":"https:\/\/fg.ull.es\/hemeroteca\/2012\/03\/30\/curso-introduccion-a-la-creacion-literaria\/#primaryimage"},"image":{"@id":"https:\/\/fg.ull.es\/hemeroteca\/2012\/03\/30\/curso-introduccion-a-la-creacion-literaria\/#primaryimage"},"thumbnailUrl":"https:\/\/fg.ull.es\/hemeroteca\/wp-content\/uploads\/sites\/14\/2015\/04\/740_js_taller_creacion_literaria6.jpg","datePublished":"2012-03-30T16:47:37+00:00","author":{"@id":"https:\/\/fg.ull.es\/hemeroteca\/#\/schema\/person\/cf424320c3c543ecb9f15d3785219238"},"breadcrumb":{"@id":"https:\/\/fg.ull.es\/hemeroteca\/2012\/03\/30\/curso-introduccion-a-la-creacion-literaria\/#breadcrumb"},"inLanguage":"es","potentialAction":[{"@type":"ReadAction","target":["https:\/\/fg.ull.es\/hemeroteca\/2012\/03\/30\/curso-introduccion-a-la-creacion-literaria\/"]}]},{"@type":"ImageObject","inLanguage":"es","@id":"https:\/\/fg.ull.es\/hemeroteca\/2012\/03\/30\/curso-introduccion-a-la-creacion-literaria\/#primaryimage","url":"https:\/\/fg.ull.es\/hemeroteca\/wp-content\/uploads\/sites\/14\/2015\/04\/740_js_taller_creacion_literaria6.jpg","contentUrl":"https:\/\/fg.ull.es\/hemeroteca\/wp-content\/uploads\/sites\/14\/2015\/04\/740_js_taller_creacion_literaria6.jpg","width":842,"height":1191},{"@type":"BreadcrumbList","@id":"https:\/\/fg.ull.es\/hemeroteca\/2012\/03\/30\/curso-introduccion-a-la-creacion-literaria\/#breadcrumb","itemListElement":[{"@type":"ListItem","position":1,"name":"Home","item":"https:\/\/fg.ull.es\/hemeroteca\/"},{"@type":"ListItem","position":2,"name":"Curso &#039;Introducci\u00f3n a la creaci\u00f3n literaria&#039;"}]},{"@type":"WebSite","@id":"https:\/\/fg.ull.es\/hemeroteca\/#website","url":"https:\/\/fg.ull.es\/hemeroteca\/","name":"Hist\u00f3rico de noticias de la Fundaci\u00f3n General","description":"","potentialAction":[{"@type":"SearchAction","target":{"@type":"EntryPoint","urlTemplate":"https:\/\/fg.ull.es\/hemeroteca\/?s={search_term_string}"},"query-input":{"@type":"PropertyValueSpecification","valueRequired":true,"valueName":"search_term_string"}}],"inLanguage":"es"},{"@type":"Person","@id":"https:\/\/fg.ull.es\/hemeroteca\/#\/schema\/person\/cf424320c3c543ecb9f15d3785219238","name":"fgull","image":{"@type":"ImageObject","inLanguage":"es","@id":"https:\/\/secure.gravatar.com\/avatar\/3b3f179500dd91d295ffa66543a853574e5676c5c7f8b31d00af1a80aadcafa4?s=96&d=mm&r=g","url":"https:\/\/secure.gravatar.com\/avatar\/3b3f179500dd91d295ffa66543a853574e5676c5c7f8b31d00af1a80aadcafa4?s=96&d=mm&r=g","contentUrl":"https:\/\/secure.gravatar.com\/avatar\/3b3f179500dd91d295ffa66543a853574e5676c5c7f8b31d00af1a80aadcafa4?s=96&d=mm&r=g","caption":"fgull"},"url":"https:\/\/fg.ull.es\/hemeroteca\/author\/fgull\/"}]}},"featured_image_thumbnail_url":"https:\/\/fg.ull.es\/hemeroteca\/wp-content\/uploads\/sites\/14\/2015\/04\/740_js_taller_creacion_literaria6-212x300.jpg","_links":{"self":[{"href":"https:\/\/fg.ull.es\/hemeroteca\/wp-json\/wp\/v2\/posts\/9851","targetHints":{"allow":["GET"]}}],"collection":[{"href":"https:\/\/fg.ull.es\/hemeroteca\/wp-json\/wp\/v2\/posts"}],"about":[{"href":"https:\/\/fg.ull.es\/hemeroteca\/wp-json\/wp\/v2\/types\/post"}],"author":[{"embeddable":true,"href":"https:\/\/fg.ull.es\/hemeroteca\/wp-json\/wp\/v2\/users\/36"}],"replies":[{"embeddable":true,"href":"https:\/\/fg.ull.es\/hemeroteca\/wp-json\/wp\/v2\/comments?post=9851"}],"version-history":[{"count":0,"href":"https:\/\/fg.ull.es\/hemeroteca\/wp-json\/wp\/v2\/posts\/9851\/revisions"}],"wp:featuredmedia":[{"embeddable":true,"href":"https:\/\/fg.ull.es\/hemeroteca\/wp-json\/wp\/v2\/media\/9850"}],"wp:attachment":[{"href":"https:\/\/fg.ull.es\/hemeroteca\/wp-json\/wp\/v2\/media?parent=9851"}],"wp:term":[{"taxonomy":"category","embeddable":true,"href":"https:\/\/fg.ull.es\/hemeroteca\/wp-json\/wp\/v2\/categories?post=9851"},{"taxonomy":"post_tag","embeddable":true,"href":"https:\/\/fg.ull.es\/hemeroteca\/wp-json\/wp\/v2\/tags?post=9851"}],"curies":[{"name":"wp","href":"https:\/\/api.w.org\/{rel}","templated":true}]}}