{"id":9839,"date":"2012-03-27T13:47:48","date_gmt":"2012-03-27T13:47:48","guid":{"rendered":"http:\/\/www.fg.ull.es\/?p=9839"},"modified":"2012-03-27T13:47:48","modified_gmt":"2012-03-27T13:47:48","slug":"nuevos-cursos-sobre-gestion-administrativo-juridica","status":"publish","type":"post","link":"https:\/\/fg.ull.es\/hemeroteca\/2012\/03\/27\/nuevos-cursos-sobre-gestion-administrativo-juridica\/","title":{"rendered":"Nuevos cursos sobre &#039;Gesti\u00f3n administrativo- jur\u00eddica&#039;"},"content":{"rendered":"<p>Se trata de varios cursos, en los que se profundizar\u00e1 en diferentes materias de este \u00e1mbito profesional. La matr\u00edcula permanece abierta en el Portal Servicios de la Fundaci\u00f3n.<\/p>\n<p>El <a href='http:\/\/feull.org\/es\/formacion\/'>&Aacute;rea de Formaci&oacute;n<\/a> de la Fundaci&oacute;n Empresa <a href='http:\/\/www.ull.es\/'>Universidad de La Laguna<\/a> presenta la oferta de cursos &#8216;Gesti&oacute;n administrativo-jur&iacute;dica&#8217;. En esta ocasi&oacute;n, el objetivo es acercar al alumnado a diferentes materias y ayudarlo a profundizar en el conocimiento de, por ejemplo, saber c&oacute;mo realizar un contrato o c&oacute;mo llevar a cabo una auditor&iacute;a de las cuentas p&uacute;blicas.<\/p>\n<p>El primer curso, `Curso pr&aacute;ctico de c&oacute;mo elaborar un contrato&#8217;, comenzar&aacute; a impartirse el pr&oacute;ximo 9 de abril, mientras que el &uacute;ltimo, &#8216;Gesti&oacute;n econ&oacute;mica de subvenciones p&uacute;blicas, arrancar&aacute; el 21 de mayo.<\/p>\n<p>Para mayor informaci&oacute;n y matr&iacute;cula,<a href='https:\/\/servicios.feu.ull.es\/Portal\/'> haz click aqu&iacute;<\/a><\/p>\n","protected":false},"excerpt":{"rendered":"<p>Se trata de varios cursos, en los que se profundizar\u00e1 en diferentes materias de este \u00e1mbito profesional. La matr\u00edcula permanece abierta en el Portal Servicios de la Fundaci\u00f3n.<\/p>\n","protected":false},"author":36,"featured_media":9838,"comment_status":"closed","ping_status":"open","sticky":false,"template":"","format":"standard","meta":{"footnotes":""},"categories":[5],"tags":[173,425,672,1424],"featured_image_thumbnail_url":"https:\/\/fg.ull.es\/hemeroteca\/wp-content\/uploads\/sites\/14\/2015\/04\/649_gq_cursos_feull_gestion_administrativojuridica-300x212.jpg","_links":{"self":[{"href":"https:\/\/fg.ull.es\/hemeroteca\/wp-json\/wp\/v2\/posts\/9839"}],"collection":[{"href":"https:\/\/fg.ull.es\/hemeroteca\/wp-json\/wp\/v2\/posts"}],"about":[{"href":"https:\/\/fg.ull.es\/hemeroteca\/wp-json\/wp\/v2\/types\/post"}],"author":[{"embeddable":true,"href":"https:\/\/fg.ull.es\/hemeroteca\/wp-json\/wp\/v2\/users\/36"}],"replies":[{"embeddable":true,"href":"https:\/\/fg.ull.es\/hemeroteca\/wp-json\/wp\/v2\/comments?post=9839"}],"version-history":[{"count":0,"href":"https:\/\/fg.ull.es\/hemeroteca\/wp-json\/wp\/v2\/posts\/9839\/revisions"}],"wp:featuredmedia":[{"embeddable":true,"href":"https:\/\/fg.ull.es\/hemeroteca\/wp-json\/wp\/v2\/media\/9838"}],"wp:attachment":[{"href":"https:\/\/fg.ull.es\/hemeroteca\/wp-json\/wp\/v2\/media?parent=9839"}],"wp:term":[{"taxonomy":"category","embeddable":true,"href":"https:\/\/fg.ull.es\/hemeroteca\/wp-json\/wp\/v2\/categories?post=9839"},{"taxonomy":"post_tag","embeddable":true,"href":"https:\/\/fg.ull.es\/hemeroteca\/wp-json\/wp\/v2\/tags?post=9839"}],"curies":[{"name":"wp","href":"https:\/\/api.w.org\/{rel}","templated":true}]}}