{"id":9796,"date":"2012-03-21T11:21:16","date_gmt":"2012-03-21T11:21:16","guid":{"rendered":"http:\/\/www.fg.ull.es\/?p=9796"},"modified":"2012-03-21T11:21:16","modified_gmt":"2012-03-21T11:21:16","slug":"la-ull-y-el-cabildo-acercaran-los-proyectos-de-fin-de-carrera-y-master-a-las-empresas-canarias","status":"publish","type":"post","link":"https:\/\/fg.ull.es\/hemeroteca\/2012\/03\/21\/la-ull-y-el-cabildo-acercaran-los-proyectos-de-fin-de-carrera-y-master-a-las-empresas-canarias\/","title":{"rendered":"La ULL y el Cabildo acercar\u00e1n los proyectos de fin de carrera y m\u00e1ster a las empresas canarias"},"content":{"rendered":"<p>Ayer tuvo lugar la presentaci\u00f3n de esta   iniciativa, que ser\u00e1 gestionada por la Fundaci\u00f3n Empresa Universidad de La Laguna. El Proyecto Ideas fomentar\u00e1 la creaci\u00f3n de empresas y de empleo mediante la puesta en valor del talento de los estudiantes.<\/p>\n<p>La <a href='http:\/\/www.ull.es\/'>Universidad de La Laguna (ULL)<\/a> y el <a href='http:\/\/www.tenerife.es\/wps\/portal\/tenerifees'>Cabildo de Tenerife<\/a>, a trav&eacute;s del &aacute;rea de Juventud, Educaci&oacute;n e Igualdad,presentaron ayer la iniciativa <a href='http:\/\/proyectoideas.feull.org\/'>Proyecto Ideas<\/a>, un programa que ser&aacute; gestionado por la Fundaci&oacute;n Empresa Universidad de La Laguna y que tiene como objetivo la dinamizaci&oacute;n y promoci&oacute;n de los proyectos fin de carrera, grado o master con perfil emprendedor generados en la Universidad de La Laguna. El acto ha contado con la presencia del consejero de Juventud, Educaci&oacute;n e Igualdad, Miguel &Aacute;ngel P&eacute;rez, y el rector de la ULL, Eduardo Dom&eacute;nech.<\/p>\n<p style='text-align: justify'>Para participar en la iniciativa el alumnado &uacute;nicamente debe cumplimentar el formulario que se encuentra en la p&aacute;gina web <a href='http:\/\/proyectoideas.feull.org\/'>(http:\/\/proyectoideas.feull.org\/)<\/a> al respecto de su proyecto. Este programa pretende recopilar informaci&oacute;n sobre proyectos fin de carrera, grado o master y favorecer la transferencia de conocimiento desde la Universidad hacia la sociedad canaria, especialmente hacia el tejido empresarial. Una de las caracter&iacute;sticas de los proyectos de final de carrera es que presentan unas dimensiones y alcance que facilitan su absorci&oacute;n por el tejido empresarial canario, dado que este est&aacute; compuesto en gran parte por pymes que se podr&iacute;an beneficiar del factor innovador generado por los estudiantes y egresados.<\/p>\n<p style='text-align: justify'>El proyecto pretende<strong> identificar y recopilar proyectos de fin de carrera, grado y\/o master<\/strong> con una posible aplicaci&oacute;n e inter&eacute;s comercial, detectando los que tengan un a<strong>lto potencial de &eacute;xito en el mercado<\/strong>. Adem&aacute;s, uno de los objetivos concretos del proyecto es <strong>ofrecer asesoramiento empresarial y apoyo para la correcta comunicaci&oacute;n p&uacute;blica <\/strong>de los mismos. A los proyectos seleccionados se les acompa&ntilde;ar&aacute; en la participaci&oacute;n en concursos, foros y talleres empresariales.<\/p>\n<p style='text-align: justify'><a href='http:\/\/proyectoideas.feull.org\/'>Proyecto Ideas <\/a>es una <strong>alianza de diferentes actores institucionales<\/strong> con el prop&oacute;sito com&uacute;n de <strong>poner en valor el talento de la comunidad universitaria de la ULL<\/strong>, abriendo una comunicaci&oacute;n bidireccional con el tejido empresarial de forma que se promueva&nbsp; la innovaci&oacute;n generada en la Universidad. Adem&aacute;s, con este proyecto, se da un paso m&aacute;s a la hora de favorecer la inserci&oacute;n laboral del colectivo universitario, ya que tambi&eacute;n act&uacute;a como una forma de apoyar a los estudiantes y titulados universitarios acercando sus capacidades y talento a las empresas.<\/p>\n<div style=\"max-width: 100%;max-height:100%\"><img src='http:\/\/www.fg.ull.es\/wp-content\/uploads\/2015\/04\/634_na_proyecto_ideas_011.jpg'><\/div>\n","protected":false},"excerpt":{"rendered":"<p>Ayer tuvo lugar la presentaci\u00f3n de esta   iniciativa, que ser\u00e1 gestionada por la Fundaci\u00f3n Empresa Universidad de La Laguna. El Proyecto Ideas fomentar\u00e1 la creaci\u00f3n de empresas y de empleo mediante la puesta en valor del talento de los estudiantes.<\/p>\n","protected":false},"author":36,"featured_media":9794,"comment_status":"closed","ping_status":"open","sticky":false,"template":"","format":"standard","meta":{"footnotes":""},"categories":[8],"tags":[173,1187,1381,1424],"featured_image_thumbnail_url":"https:\/\/fg.ull.es\/hemeroteca\/wp-content\/uploads\/sites\/14\/2015\/04\/633_h7_fondo_pantalla1-300x225.jpg","_links":{"self":[{"href":"https:\/\/fg.ull.es\/hemeroteca\/wp-json\/wp\/v2\/posts\/9796"}],"collection":[{"href":"https:\/\/fg.ull.es\/hemeroteca\/wp-json\/wp\/v2\/posts"}],"about":[{"href":"https:\/\/fg.ull.es\/hemeroteca\/wp-json\/wp\/v2\/types\/post"}],"author":[{"embeddable":true,"href":"https:\/\/fg.ull.es\/hemeroteca\/wp-json\/wp\/v2\/users\/36"}],"replies":[{"embeddable":true,"href":"https:\/\/fg.ull.es\/hemeroteca\/wp-json\/wp\/v2\/comments?post=9796"}],"version-history":[{"count":0,"href":"https:\/\/fg.ull.es\/hemeroteca\/wp-json\/wp\/v2\/posts\/9796\/revisions"}],"wp:featuredmedia":[{"embeddable":true,"href":"https:\/\/fg.ull.es\/hemeroteca\/wp-json\/wp\/v2\/media\/9794"}],"wp:attachment":[{"href":"https:\/\/fg.ull.es\/hemeroteca\/wp-json\/wp\/v2\/media?parent=9796"}],"wp:term":[{"taxonomy":"category","embeddable":true,"href":"https:\/\/fg.ull.es\/hemeroteca\/wp-json\/wp\/v2\/categories?post=9796"},{"taxonomy":"post_tag","embeddable":true,"href":"https:\/\/fg.ull.es\/hemeroteca\/wp-json\/wp\/v2\/tags?post=9796"}],"curies":[{"name":"wp","href":"https:\/\/api.w.org\/{rel}","templated":true}]}}