{"id":9772,"date":"2012-03-19T10:13:11","date_gmt":"2012-03-19T10:13:11","guid":{"rendered":"http:\/\/www.fg.ull.es\/?p=9772"},"modified":"2012-03-19T10:13:11","modified_gmt":"2012-03-19T10:13:11","slug":"matricula-abierta-para-el-taller-the-c-hablar-en-publico-una-cuestion-de-confianza-dentro-del-programa-itinera","status":"publish","type":"post","link":"https:\/\/fg.ull.es\/hemeroteca\/2012\/03\/19\/matricula-abierta-para-el-taller-the-c-hablar-en-publico-una-cuestion-de-confianza-dentro-del-programa-itinera\/","title":{"rendered":"Matr\u00edcula abierta para el taller &#039;THE-C- hablar en p\u00fablico: una cuesti\u00f3n de confianza&#039;, dentro del Programa Itinera"},"content":{"rendered":"<p>Itinera es el servicio de Orientaci\u00f3n Laboral de la FEULL dirigido a la comunidad universitaria. Es de car\u00e1cter gratuito y est\u00e1 financiado por el Servicio Canario de Empleo. El taller &#8216;THE-C- hablar en p\u00fablico&#8217; tendr\u00e1 lugar el pr\u00f3ximo viernes 23.<\/p>\n<p style='text-align: justify'>El<a href='..\/..\/es\/estatico\/presentacion\/19\/' target=\"_blank\" rel=\"noopener\"> &Aacute;rea de Empleo<\/a> de la Fundaci&oacute;n Empresa Universidad de La Laguna (FEULL) junto al <a href='http:\/\/www2.gobiernodecanarias.org\/empleo\/portal\/web\/sce' target=\"_blank\" rel=\"noopener\">Servicio Canario de Empleo (SCE)<\/a> ponen a disposici&oacute;n de la comunidad universitaria el <a href='..\/..\/es\/proyecto\/orientacion_laboral_itinera\/3\/' target=\"_blank\" rel=\"noopener\">Proyecto Itinera<\/a>, un <strong>Servicio de Orientaci&oacute;n Laboral<\/strong> dirigido a estudiantes y titulados\/as universitarios\/as con el fin de acompa&ntilde;arles y asesorarles en su proceso de inserci&oacute;n laboral.<\/p>\n<p style='text-align: justify'>El servicio consta de diferentes acciones complementarias entre s&iacute;, que componen un&nbsp; itinerario integral que garantiza la preparaci&oacute;n de cara al afrontamiento del proceso de inserci&oacute;n laboral. Tutor&iacute;as personalizadas, talleres de habilidades para la empleabilidad, uso de nuevas tecnolog&iacute;as en la b&uacute;squeda de empleo, son algunas de las acciones formativas a las que acceder&aacute;n las personas que realicen el circuito propuesto por Itinera. Este programa tiene una <strong>duraci&oacute;n de 20 horas y es convalidable por 2 CLES<\/strong> de la <a href='http:\/\/www.ull.es\/view\/institucional\/ull\/Inicio\/es' target=\"_blank\" rel=\"noopener\">Universidad de La Laguna<\/a> (Cr&eacute;dito de Libre Elecci&oacute;n).<\/p>\n<p style='text-align: justify'><a href='https:\/\/servicios.feu.ull.es\/Portal\/ExpedienteOfertado.aspx?COD=A11040011' target=\"_blank\" rel=\"noopener\">(Matr&iacute;cula gratuita para Itinera aqu&iacute;)<\/a><\/p>\n<p style='text-align: justify'>El <strong>taller `THE-C- hablar en p&uacute;blico: una cuesti&oacute;n de confianza&acute;,<\/strong> se desarrollar&aacute; el<strong> pr&oacute;ximo viernes 23 de marzo de 15 a 20 horas.<\/strong>&nbsp; Se trata de un taller de <strong>5 horas de duraci&oacute;n <\/strong>que pretende generar confianza para presentar informaciones de forma oral y vencer las resistencias que se producen en estas situaciones. Con esta acci&oacute;n se ejercitar&aacute;n las <strong>habilidades b&aacute;sicas para una comunicaci&oacute;n efectiva<\/strong>, haciendo especial hincapi&eacute; en la empat&iacute;a y en la escucha activa. Al igual que el resto de acciones de Itinera, el taller &#8216;The C&#8217; es gratuito, con el requisito de realizar la matr&iacute;cula para el conjunto del programa Itinera. La matr&iacute;cula est&aacute; disponible haciendo <a href='https:\/\/servicios.feu.ull.es\/Portal\/ExpedienteOfertado.aspx?COD=A12040016' target=\"_blank\" rel=\"noopener\">click aqu&iacute;<\/a>.<\/p>\n<p style='text-align: justify'>Con <strong>Itinera <\/strong>se pretende mejorar la empleabilidad de las personas beneficiarias dot&aacute;ndolas de la informaci&oacute;n, formaci&oacute;n, habilidades y competencias necesarias para la b&uacute;squeda, consecuci&oacute;n y mantenimiento de un empleo.<\/p>\n<p><a href='https:\/\/servicios.feu.ull.es\/Portal\/ExpedienteOfertado.aspx?COD=A12040016' target=\"_blank\" rel=\"noopener\">(Matr&iacute;cula THE-C- hablar en p&uacute;blico: una cuesti&oacute;n de confianza)<\/a><\/p>\n<p style='text-align: justify'><a href='https:\/\/servicios.feu.ull.es\/Portal\/ExpedienteOfertado.aspx?COD=A11040011' target=\"_blank\" rel=\"noopener\"><\/a><\/p>\n","protected":false},"excerpt":{"rendered":"<p>Itinera es el servicio de Orientaci\u00f3n Laboral de la FEULL dirigido a la comunidad universitaria. Es de car\u00e1cter gratuito y est\u00e1 financiado por el Servicio Canario de Empleo. El taller &#8216;THE-C- hablar en p\u00fablico&#8217; tendr\u00e1 lugar el pr\u00f3ximo viernes 23.<\/p>\n","protected":false},"author":36,"featured_media":9771,"comment_status":"closed","ping_status":"open","sticky":false,"template":"","format":"standard","meta":{"footnotes":""},"categories":[3],"tags":[173,518,872,1079],"class_list":["post-9772","post","type-post","status-publish","format-standard","has-post-thumbnail","hentry","category-empleo","tag-archivados","tag-empleo","tag-itinera","tag-orientacion-laboral"],"yoast_head":"<!-- This site is optimized with the Yoast SEO plugin v28.2 - https:\/\/yoast.com\/product\/yoast-seo-wordpress\/ -->\n<title>Matr\u00edcula abierta para el taller &#039;THE-C- hablar en p\u00fablico: una cuesti\u00f3n de confianza&#039;, dentro del Programa Itinera - Hist\u00f3rico de noticias de la Fundaci\u00f3n General<\/title>\n<meta name=\"robots\" content=\"index, follow, max-snippet:-1, max-image-preview:large, max-video-preview:-1\" \/>\n<link rel=\"canonical\" href=\"https:\/\/fg.ull.es\/hemeroteca\/2012\/03\/19\/matricula-abierta-para-el-taller-the-c-hablar-en-publico-una-cuestion-de-confianza-dentro-del-programa-itinera\/\" \/>\n<meta property=\"og:locale\" content=\"es_ES\" \/>\n<meta property=\"og:type\" content=\"article\" \/>\n<meta property=\"og:title\" content=\"Matr\u00edcula abierta para el taller &#039;THE-C- hablar en p\u00fablico: una cuesti\u00f3n de confianza&#039;, dentro del Programa Itinera - Hist\u00f3rico de noticias de la Fundaci\u00f3n General\" \/>\n<meta property=\"og:description\" content=\"Itinera es el servicio de Orientaci\u00f3n Laboral de la FEULL dirigido a la comunidad universitaria. Es de car\u00e1cter gratuito y est\u00e1 financiado por el Servicio Canario de Empleo. El taller &#039;THE-C- hablar en p\u00fablico&#039; tendr\u00e1 lugar el pr\u00f3ximo viernes 23.\" \/>\n<meta property=\"og:url\" content=\"https:\/\/fg.ull.es\/hemeroteca\/2012\/03\/19\/matricula-abierta-para-el-taller-the-c-hablar-en-publico-una-cuestion-de-confianza-dentro-del-programa-itinera\/\" \/>\n<meta property=\"og:site_name\" content=\"Hist\u00f3rico de noticias de la Fundaci\u00f3n General\" \/>\n<meta property=\"article:published_time\" content=\"2012-03-19T10:13:11+00:00\" \/>\n<meta property=\"og:image\" content=\"https:\/\/fg.ull.es\/hemeroteca\/wp-content\/uploads\/sites\/14\/2015\/04\/625_0d_talleres_nuevos_itinerajpg.jpg\" \/>\n\t<meta property=\"og:image:width\" content=\"240\" \/>\n\t<meta property=\"og:image:height\" content=\"98\" \/>\n\t<meta property=\"og:image:type\" content=\"image\/jpeg\" \/>\n<meta name=\"author\" content=\"fgull\" \/>\n<meta name=\"twitter:card\" content=\"summary_large_image\" \/>\n<meta name=\"twitter:label1\" content=\"Escrito por\" \/>\n\t<meta name=\"twitter:data1\" content=\"fgull\" \/>\n\t<meta name=\"twitter:label2\" content=\"Tiempo de lectura\" \/>\n\t<meta name=\"twitter:data2\" content=\"2 minutos\" \/>\n<script type=\"application\/ld+json\" class=\"yoast-schema-graph\">{\"@context\":\"https:\\\/\\\/schema.org\",\"@graph\":[{\"@type\":\"Article\",\"@id\":\"https:\\\/\\\/fg.ull.es\\\/hemeroteca\\\/2012\\\/03\\\/19\\\/matricula-abierta-para-el-taller-the-c-hablar-en-publico-una-cuestion-de-confianza-dentro-del-programa-itinera\\\/#article\",\"isPartOf\":{\"@id\":\"https:\\\/\\\/fg.ull.es\\\/hemeroteca\\\/2012\\\/03\\\/19\\\/matricula-abierta-para-el-taller-the-c-hablar-en-publico-una-cuestion-de-confianza-dentro-del-programa-itinera\\\/\"},\"author\":{\"name\":\"fgull\",\"@id\":\"https:\\\/\\\/fg.ull.es\\\/hemeroteca\\\/#\\\/schema\\\/person\\\/cf424320c3c543ecb9f15d3785219238\"},\"headline\":\"Matr\u00edcula abierta para el taller &#039;THE-C- hablar en p\u00fablico: una cuesti\u00f3n de confianza&#039;, dentro del Programa Itinera\",\"datePublished\":\"2012-03-19T10:13:11+00:00\",\"mainEntityOfPage\":{\"@id\":\"https:\\\/\\\/fg.ull.es\\\/hemeroteca\\\/2012\\\/03\\\/19\\\/matricula-abierta-para-el-taller-the-c-hablar-en-publico-una-cuestion-de-confianza-dentro-del-programa-itinera\\\/\"},\"wordCount\":432,\"image\":{\"@id\":\"https:\\\/\\\/fg.ull.es\\\/hemeroteca\\\/2012\\\/03\\\/19\\\/matricula-abierta-para-el-taller-the-c-hablar-en-publico-una-cuestion-de-confianza-dentro-del-programa-itinera\\\/#primaryimage\"},\"thumbnailUrl\":\"https:\\\/\\\/fg.ull.es\\\/hemeroteca\\\/wp-content\\\/uploads\\\/sites\\\/14\\\/2015\\\/04\\\/625_0d_talleres_nuevos_itinerajpg.jpg\",\"keywords\":[\"Archivados\",\"Empleo\",\"Itinera\",\"Orientaci\u00f3n laboral\"],\"articleSection\":[\"Empleo\"],\"inLanguage\":\"es\"},{\"@type\":\"WebPage\",\"@id\":\"https:\\\/\\\/fg.ull.es\\\/hemeroteca\\\/2012\\\/03\\\/19\\\/matricula-abierta-para-el-taller-the-c-hablar-en-publico-una-cuestion-de-confianza-dentro-del-programa-itinera\\\/\",\"url\":\"https:\\\/\\\/fg.ull.es\\\/hemeroteca\\\/2012\\\/03\\\/19\\\/matricula-abierta-para-el-taller-the-c-hablar-en-publico-una-cuestion-de-confianza-dentro-del-programa-itinera\\\/\",\"name\":\"Matr\u00edcula abierta para el taller &#039;THE-C- hablar en p\u00fablico: una cuesti\u00f3n de confianza&#039;, dentro del Programa Itinera - Hist\u00f3rico de noticias de la Fundaci\u00f3n General\",\"isPartOf\":{\"@id\":\"https:\\\/\\\/fg.ull.es\\\/hemeroteca\\\/#website\"},\"primaryImageOfPage\":{\"@id\":\"https:\\\/\\\/fg.ull.es\\\/hemeroteca\\\/2012\\\/03\\\/19\\\/matricula-abierta-para-el-taller-the-c-hablar-en-publico-una-cuestion-de-confianza-dentro-del-programa-itinera\\\/#primaryimage\"},\"image\":{\"@id\":\"https:\\\/\\\/fg.ull.es\\\/hemeroteca\\\/2012\\\/03\\\/19\\\/matricula-abierta-para-el-taller-the-c-hablar-en-publico-una-cuestion-de-confianza-dentro-del-programa-itinera\\\/#primaryimage\"},\"thumbnailUrl\":\"https:\\\/\\\/fg.ull.es\\\/hemeroteca\\\/wp-content\\\/uploads\\\/sites\\\/14\\\/2015\\\/04\\\/625_0d_talleres_nuevos_itinerajpg.jpg\",\"datePublished\":\"2012-03-19T10:13:11+00:00\",\"author\":{\"@id\":\"https:\\\/\\\/fg.ull.es\\\/hemeroteca\\\/#\\\/schema\\\/person\\\/cf424320c3c543ecb9f15d3785219238\"},\"breadcrumb\":{\"@id\":\"https:\\\/\\\/fg.ull.es\\\/hemeroteca\\\/2012\\\/03\\\/19\\\/matricula-abierta-para-el-taller-the-c-hablar-en-publico-una-cuestion-de-confianza-dentro-del-programa-itinera\\\/#breadcrumb\"},\"inLanguage\":\"es\",\"potentialAction\":[{\"@type\":\"ReadAction\",\"target\":[\"https:\\\/\\\/fg.ull.es\\\/hemeroteca\\\/2012\\\/03\\\/19\\\/matricula-abierta-para-el-taller-the-c-hablar-en-publico-una-cuestion-de-confianza-dentro-del-programa-itinera\\\/\"]}]},{\"@type\":\"ImageObject\",\"inLanguage\":\"es\",\"@id\":\"https:\\\/\\\/fg.ull.es\\\/hemeroteca\\\/2012\\\/03\\\/19\\\/matricula-abierta-para-el-taller-the-c-hablar-en-publico-una-cuestion-de-confianza-dentro-del-programa-itinera\\\/#primaryimage\",\"url\":\"https:\\\/\\\/fg.ull.es\\\/hemeroteca\\\/wp-content\\\/uploads\\\/sites\\\/14\\\/2015\\\/04\\\/625_0d_talleres_nuevos_itinerajpg.jpg\",\"contentUrl\":\"https:\\\/\\\/fg.ull.es\\\/hemeroteca\\\/wp-content\\\/uploads\\\/sites\\\/14\\\/2015\\\/04\\\/625_0d_talleres_nuevos_itinerajpg.jpg\",\"width\":240,\"height\":98},{\"@type\":\"BreadcrumbList\",\"@id\":\"https:\\\/\\\/fg.ull.es\\\/hemeroteca\\\/2012\\\/03\\\/19\\\/matricula-abierta-para-el-taller-the-c-hablar-en-publico-una-cuestion-de-confianza-dentro-del-programa-itinera\\\/#breadcrumb\",\"itemListElement\":[{\"@type\":\"ListItem\",\"position\":1,\"name\":\"Home\",\"item\":\"https:\\\/\\\/fg.ull.es\\\/hemeroteca\\\/\"},{\"@type\":\"ListItem\",\"position\":2,\"name\":\"Matr\u00edcula abierta para el taller &#039;THE-C- hablar en p\u00fablico: una cuesti\u00f3n de confianza&#039;, dentro del Programa Itinera\"}]},{\"@type\":\"WebSite\",\"@id\":\"https:\\\/\\\/fg.ull.es\\\/hemeroteca\\\/#website\",\"url\":\"https:\\\/\\\/fg.ull.es\\\/hemeroteca\\\/\",\"name\":\"Hist\u00f3rico de noticias de la Fundaci\u00f3n General\",\"description\":\"\",\"potentialAction\":[{\"@type\":\"SearchAction\",\"target\":{\"@type\":\"EntryPoint\",\"urlTemplate\":\"https:\\\/\\\/fg.ull.es\\\/hemeroteca\\\/?s={search_term_string}\"},\"query-input\":{\"@type\":\"PropertyValueSpecification\",\"valueRequired\":true,\"valueName\":\"search_term_string\"}}],\"inLanguage\":\"es\"},{\"@type\":\"Person\",\"@id\":\"https:\\\/\\\/fg.ull.es\\\/hemeroteca\\\/#\\\/schema\\\/person\\\/cf424320c3c543ecb9f15d3785219238\",\"name\":\"fgull\",\"image\":{\"@type\":\"ImageObject\",\"inLanguage\":\"es\",\"@id\":\"https:\\\/\\\/secure.gravatar.com\\\/avatar\\\/3b3f179500dd91d295ffa66543a853574e5676c5c7f8b31d00af1a80aadcafa4?s=96&d=mm&r=g\",\"url\":\"https:\\\/\\\/secure.gravatar.com\\\/avatar\\\/3b3f179500dd91d295ffa66543a853574e5676c5c7f8b31d00af1a80aadcafa4?s=96&d=mm&r=g\",\"contentUrl\":\"https:\\\/\\\/secure.gravatar.com\\\/avatar\\\/3b3f179500dd91d295ffa66543a853574e5676c5c7f8b31d00af1a80aadcafa4?s=96&d=mm&r=g\",\"caption\":\"fgull\"},\"url\":\"https:\\\/\\\/fg.ull.es\\\/hemeroteca\\\/author\\\/fgull\\\/\"}]}<\/script>\n<!-- \/ Yoast SEO plugin. -->","yoast_head_json":{"title":"Matr\u00edcula abierta para el taller &#039;THE-C- hablar en p\u00fablico: una cuesti\u00f3n de confianza&#039;, dentro del Programa Itinera - Hist\u00f3rico de noticias de la Fundaci\u00f3n General","robots":{"index":"index","follow":"follow","max-snippet":"max-snippet:-1","max-image-preview":"max-image-preview:large","max-video-preview":"max-video-preview:-1"},"canonical":"https:\/\/fg.ull.es\/hemeroteca\/2012\/03\/19\/matricula-abierta-para-el-taller-the-c-hablar-en-publico-una-cuestion-de-confianza-dentro-del-programa-itinera\/","og_locale":"es_ES","og_type":"article","og_title":"Matr\u00edcula abierta para el taller &#039;THE-C- hablar en p\u00fablico: una cuesti\u00f3n de confianza&#039;, dentro del Programa Itinera - Hist\u00f3rico de noticias de la Fundaci\u00f3n General","og_description":"Itinera es el servicio de Orientaci\u00f3n Laboral de la FEULL dirigido a la comunidad universitaria. Es de car\u00e1cter gratuito y est\u00e1 financiado por el Servicio Canario de Empleo. El taller 'THE-C- hablar en p\u00fablico' tendr\u00e1 lugar el pr\u00f3ximo viernes 23.","og_url":"https:\/\/fg.ull.es\/hemeroteca\/2012\/03\/19\/matricula-abierta-para-el-taller-the-c-hablar-en-publico-una-cuestion-de-confianza-dentro-del-programa-itinera\/","og_site_name":"Hist\u00f3rico de noticias de la Fundaci\u00f3n General","article_published_time":"2012-03-19T10:13:11+00:00","og_image":[{"width":240,"height":98,"url":"https:\/\/fg.ull.es\/hemeroteca\/wp-content\/uploads\/sites\/14\/2015\/04\/625_0d_talleres_nuevos_itinerajpg.jpg","type":"image\/jpeg"}],"author":"fgull","twitter_card":"summary_large_image","twitter_misc":{"Escrito por":"fgull","Tiempo de lectura":"2 minutos"},"schema":{"@context":"https:\/\/schema.org","@graph":[{"@type":"Article","@id":"https:\/\/fg.ull.es\/hemeroteca\/2012\/03\/19\/matricula-abierta-para-el-taller-the-c-hablar-en-publico-una-cuestion-de-confianza-dentro-del-programa-itinera\/#article","isPartOf":{"@id":"https:\/\/fg.ull.es\/hemeroteca\/2012\/03\/19\/matricula-abierta-para-el-taller-the-c-hablar-en-publico-una-cuestion-de-confianza-dentro-del-programa-itinera\/"},"author":{"name":"fgull","@id":"https:\/\/fg.ull.es\/hemeroteca\/#\/schema\/person\/cf424320c3c543ecb9f15d3785219238"},"headline":"Matr\u00edcula abierta para el taller &#039;THE-C- hablar en p\u00fablico: una cuesti\u00f3n de confianza&#039;, dentro del Programa Itinera","datePublished":"2012-03-19T10:13:11+00:00","mainEntityOfPage":{"@id":"https:\/\/fg.ull.es\/hemeroteca\/2012\/03\/19\/matricula-abierta-para-el-taller-the-c-hablar-en-publico-una-cuestion-de-confianza-dentro-del-programa-itinera\/"},"wordCount":432,"image":{"@id":"https:\/\/fg.ull.es\/hemeroteca\/2012\/03\/19\/matricula-abierta-para-el-taller-the-c-hablar-en-publico-una-cuestion-de-confianza-dentro-del-programa-itinera\/#primaryimage"},"thumbnailUrl":"https:\/\/fg.ull.es\/hemeroteca\/wp-content\/uploads\/sites\/14\/2015\/04\/625_0d_talleres_nuevos_itinerajpg.jpg","keywords":["Archivados","Empleo","Itinera","Orientaci\u00f3n laboral"],"articleSection":["Empleo"],"inLanguage":"es"},{"@type":"WebPage","@id":"https:\/\/fg.ull.es\/hemeroteca\/2012\/03\/19\/matricula-abierta-para-el-taller-the-c-hablar-en-publico-una-cuestion-de-confianza-dentro-del-programa-itinera\/","url":"https:\/\/fg.ull.es\/hemeroteca\/2012\/03\/19\/matricula-abierta-para-el-taller-the-c-hablar-en-publico-una-cuestion-de-confianza-dentro-del-programa-itinera\/","name":"Matr\u00edcula abierta para el taller &#039;THE-C- hablar en p\u00fablico: una cuesti\u00f3n de confianza&#039;, dentro del Programa Itinera - Hist\u00f3rico de noticias de la Fundaci\u00f3n General","isPartOf":{"@id":"https:\/\/fg.ull.es\/hemeroteca\/#website"},"primaryImageOfPage":{"@id":"https:\/\/fg.ull.es\/hemeroteca\/2012\/03\/19\/matricula-abierta-para-el-taller-the-c-hablar-en-publico-una-cuestion-de-confianza-dentro-del-programa-itinera\/#primaryimage"},"image":{"@id":"https:\/\/fg.ull.es\/hemeroteca\/2012\/03\/19\/matricula-abierta-para-el-taller-the-c-hablar-en-publico-una-cuestion-de-confianza-dentro-del-programa-itinera\/#primaryimage"},"thumbnailUrl":"https:\/\/fg.ull.es\/hemeroteca\/wp-content\/uploads\/sites\/14\/2015\/04\/625_0d_talleres_nuevos_itinerajpg.jpg","datePublished":"2012-03-19T10:13:11+00:00","author":{"@id":"https:\/\/fg.ull.es\/hemeroteca\/#\/schema\/person\/cf424320c3c543ecb9f15d3785219238"},"breadcrumb":{"@id":"https:\/\/fg.ull.es\/hemeroteca\/2012\/03\/19\/matricula-abierta-para-el-taller-the-c-hablar-en-publico-una-cuestion-de-confianza-dentro-del-programa-itinera\/#breadcrumb"},"inLanguage":"es","potentialAction":[{"@type":"ReadAction","target":["https:\/\/fg.ull.es\/hemeroteca\/2012\/03\/19\/matricula-abierta-para-el-taller-the-c-hablar-en-publico-una-cuestion-de-confianza-dentro-del-programa-itinera\/"]}]},{"@type":"ImageObject","inLanguage":"es","@id":"https:\/\/fg.ull.es\/hemeroteca\/2012\/03\/19\/matricula-abierta-para-el-taller-the-c-hablar-en-publico-una-cuestion-de-confianza-dentro-del-programa-itinera\/#primaryimage","url":"https:\/\/fg.ull.es\/hemeroteca\/wp-content\/uploads\/sites\/14\/2015\/04\/625_0d_talleres_nuevos_itinerajpg.jpg","contentUrl":"https:\/\/fg.ull.es\/hemeroteca\/wp-content\/uploads\/sites\/14\/2015\/04\/625_0d_talleres_nuevos_itinerajpg.jpg","width":240,"height":98},{"@type":"BreadcrumbList","@id":"https:\/\/fg.ull.es\/hemeroteca\/2012\/03\/19\/matricula-abierta-para-el-taller-the-c-hablar-en-publico-una-cuestion-de-confianza-dentro-del-programa-itinera\/#breadcrumb","itemListElement":[{"@type":"ListItem","position":1,"name":"Home","item":"https:\/\/fg.ull.es\/hemeroteca\/"},{"@type":"ListItem","position":2,"name":"Matr\u00edcula abierta para el taller &#039;THE-C- hablar en p\u00fablico: una cuesti\u00f3n de confianza&#039;, dentro del Programa Itinera"}]},{"@type":"WebSite","@id":"https:\/\/fg.ull.es\/hemeroteca\/#website","url":"https:\/\/fg.ull.es\/hemeroteca\/","name":"Hist\u00f3rico de noticias de la Fundaci\u00f3n General","description":"","potentialAction":[{"@type":"SearchAction","target":{"@type":"EntryPoint","urlTemplate":"https:\/\/fg.ull.es\/hemeroteca\/?s={search_term_string}"},"query-input":{"@type":"PropertyValueSpecification","valueRequired":true,"valueName":"search_term_string"}}],"inLanguage":"es"},{"@type":"Person","@id":"https:\/\/fg.ull.es\/hemeroteca\/#\/schema\/person\/cf424320c3c543ecb9f15d3785219238","name":"fgull","image":{"@type":"ImageObject","inLanguage":"es","@id":"https:\/\/secure.gravatar.com\/avatar\/3b3f179500dd91d295ffa66543a853574e5676c5c7f8b31d00af1a80aadcafa4?s=96&d=mm&r=g","url":"https:\/\/secure.gravatar.com\/avatar\/3b3f179500dd91d295ffa66543a853574e5676c5c7f8b31d00af1a80aadcafa4?s=96&d=mm&r=g","contentUrl":"https:\/\/secure.gravatar.com\/avatar\/3b3f179500dd91d295ffa66543a853574e5676c5c7f8b31d00af1a80aadcafa4?s=96&d=mm&r=g","caption":"fgull"},"url":"https:\/\/fg.ull.es\/hemeroteca\/author\/fgull\/"}]}},"featured_image_thumbnail_url":"https:\/\/fg.ull.es\/hemeroteca\/wp-content\/uploads\/sites\/14\/2015\/04\/625_0d_talleres_nuevos_itinerajpg.jpg","_links":{"self":[{"href":"https:\/\/fg.ull.es\/hemeroteca\/wp-json\/wp\/v2\/posts\/9772","targetHints":{"allow":["GET"]}}],"collection":[{"href":"https:\/\/fg.ull.es\/hemeroteca\/wp-json\/wp\/v2\/posts"}],"about":[{"href":"https:\/\/fg.ull.es\/hemeroteca\/wp-json\/wp\/v2\/types\/post"}],"author":[{"embeddable":true,"href":"https:\/\/fg.ull.es\/hemeroteca\/wp-json\/wp\/v2\/users\/36"}],"replies":[{"embeddable":true,"href":"https:\/\/fg.ull.es\/hemeroteca\/wp-json\/wp\/v2\/comments?post=9772"}],"version-history":[{"count":0,"href":"https:\/\/fg.ull.es\/hemeroteca\/wp-json\/wp\/v2\/posts\/9772\/revisions"}],"wp:featuredmedia":[{"embeddable":true,"href":"https:\/\/fg.ull.es\/hemeroteca\/wp-json\/wp\/v2\/media\/9771"}],"wp:attachment":[{"href":"https:\/\/fg.ull.es\/hemeroteca\/wp-json\/wp\/v2\/media?parent=9772"}],"wp:term":[{"taxonomy":"category","embeddable":true,"href":"https:\/\/fg.ull.es\/hemeroteca\/wp-json\/wp\/v2\/categories?post=9772"},{"taxonomy":"post_tag","embeddable":true,"href":"https:\/\/fg.ull.es\/hemeroteca\/wp-json\/wp\/v2\/tags?post=9772"}],"curies":[{"name":"wp","href":"https:\/\/api.w.org\/{rel}","templated":true}]}}