{"id":9769,"date":"2012-03-16T16:18:07","date_gmt":"2012-03-16T16:18:07","guid":{"rendered":"http:\/\/www.fg.ull.es\/?p=9769"},"modified":"2012-03-16T16:18:07","modified_gmt":"2012-03-16T16:18:07","slug":"el-cluster-canarias-excelencia-tecnologica-y-la-feull-colaboran-en-la-creacion-de-proyectos-conjuntos","status":"publish","type":"post","link":"https:\/\/fg.ull.es\/hemeroteca\/2012\/03\/16\/el-cluster-canarias-excelencia-tecnologica-y-la-feull-colaboran-en-la-creacion-de-proyectos-conjuntos\/","title":{"rendered":"El Cl\u00faster Canarias Excelencia Tecnol\u00f3gica y la FEULL colaboran en la creaci\u00f3n de proyectos conjuntos"},"content":{"rendered":"<p>Los directivos de ambos organismos manifestaban sus expectativas positivas en cuanto a la creaci\u00f3n de empleo y mejora de la competitividad a trav\u00e9s de las empresas TIC<\/p>\n<p style='text-align: justify'>El <a href='http:\/\/www.canariasexcelenciatecnologica.com\/' target=\"_blank\" rel=\"noopener\">Cl&uacute;ster Canarias Excelencia Tecnol&oacute;gica<\/a> y la Fundaci&oacute;n Empresa Universidad de La Laguna (FEULL) refuerzan su compromiso de colaboraci&oacute;n para desarrollar la cultura de la innovaci&oacute;n, como &aacute;rea de desarrollo econ&oacute;mico, mediante la suscripci&oacute;n de un convenio marco de colaboraci&oacute;n. El convenio, suscrito entre Sergio Alonso, Gerente de la FEULL, y Germ&aacute;n Su&aacute;rez Calvo, Presidente del Cl&uacute;ster, tiene como objetivos prioritarios el fomento de la implantaci&oacute;n de las nuevas tecnolog&iacute;as en la sociedad y en la empresa, la promoci&oacute;n y divulgaci&oacute;n de las Tecnolog&iacute;as de la Informaci&oacute;n y las Comunicaciones como factores de progreso econ&oacute;mico y social y la b&uacute;squeda del posicionamiento de Canarias como referente tecnol&oacute;gico. Tambi&eacute;n se potenciar&aacute; la realizaci&oacute;n de programas de investigaci&oacute;n, innovaci&oacute;n y desarrollo, de emprendedur&iacute;a y empleo, as&iacute; como de formaci&oacute;n y pr&aacute;cticas.<\/p>\n<p style='text-align: justify'>`El &uacute;ltimo informe de <a href='http:\/\/www.ametic.es\/' target=\"_blank\" rel=\"noopener\">Ametic<\/a> se&ntilde;alaba que las empresas del sector de las tecnolog&iacute;as de la informaci&oacute;n y la comunicaci&oacute;n mantuvieron el porcentaje de trabajadores con contrato fijo en el 84,5% en 2011, lo que supone el cuarto a&ntilde;o consecutivo de estabilidad. Por tanto, la consolidaci&oacute;n y creaci&oacute;n de nuevas empresas TIC en Canarias es una garant&iacute;a para la creaci&oacute;n de empleo y tenemos que hacer los esfuerzos necesarios para caminar en ese sentido&acute; declar&oacute; Su&aacute;rez Calvo. <br \/>Por su parte, respecto al papel de la Universidad de La Laguna, Sergio Alonso manifest&oacute; que `la ULL genera numerosos proyectos muy competitivos en I D i. Es vital que estos trabajos lleguen al tejido empresarial. Esto no s&oacute;lo beneficiar&aacute; al empresariado canario sino que adem&aacute;s mejorar&aacute;&nbsp; la empleabilidad de nuestros universitarios, que, como sabemos, es uno de los grandes problemas de nuestra regi&oacute;n&acute;.<\/p>\n<p style='text-align: justify'>El <a href='http:\/\/www.canariasexcelenciatecnologica.com\/' target=\"_blank\" rel=\"noopener\">Cl&uacute;ster Canarias Excelencia Tecnol&oacute;gica<\/a>, fundado en Julio de 2008, agrupa a una treintena de empresas TIC dedicadas a la promoci&oacute;n y la divulgaci&oacute;n de las Tecnolog&iacute;as de la Informaci&oacute;n y Comunicaciones como factor clave de progreso econ&oacute;mico y social para Canarias y su proyecci&oacute;n exterior. <\/p>\n","protected":false},"excerpt":{"rendered":"<p>Los directivos de ambos organismos manifestaban sus expectativas positivas en cuanto a la creaci\u00f3n de empleo y mejora de la competitividad a trav\u00e9s de las empresas TIC<\/p>\n","protected":false},"author":36,"featured_media":9768,"comment_status":"closed","ping_status":"open","sticky":false,"template":"","format":"standard","meta":{"footnotes":""},"categories":[8],"tags":[173,393,821,830],"class_list":["post-9769","post","type-post","status-publish","format-standard","has-post-thumbnail","hentry","category-innovacion","tag-archivados","tag-convenios","tag-innovacion","tag-institucional"],"yoast_head":"<!-- This site is optimized with the Yoast SEO plugin v28.2 - https:\/\/yoast.com\/product\/yoast-seo-wordpress\/ -->\n<title>El Cl\u00faster Canarias Excelencia Tecnol\u00f3gica y la FEULL colaboran en la creaci\u00f3n de proyectos conjuntos - Hist\u00f3rico de noticias de la Fundaci\u00f3n General<\/title>\n<meta name=\"robots\" content=\"index, follow, max-snippet:-1, max-image-preview:large, max-video-preview:-1\" \/>\n<link rel=\"canonical\" href=\"https:\/\/fg.ull.es\/hemeroteca\/2012\/03\/16\/el-cluster-canarias-excelencia-tecnologica-y-la-feull-colaboran-en-la-creacion-de-proyectos-conjuntos\/\" \/>\n<meta property=\"og:locale\" content=\"es_ES\" \/>\n<meta property=\"og:type\" content=\"article\" \/>\n<meta property=\"og:title\" content=\"El Cl\u00faster Canarias Excelencia Tecnol\u00f3gica y la FEULL colaboran en la creaci\u00f3n de proyectos conjuntos - Hist\u00f3rico de noticias de la Fundaci\u00f3n General\" \/>\n<meta property=\"og:description\" content=\"Los directivos de ambos organismos manifestaban sus expectativas positivas en cuanto a la creaci\u00f3n de empleo y mejora de la competitividad a trav\u00e9s de las empresas TIC\" \/>\n<meta property=\"og:url\" content=\"https:\/\/fg.ull.es\/hemeroteca\/2012\/03\/16\/el-cluster-canarias-excelencia-tecnologica-y-la-feull-colaboran-en-la-creacion-de-proyectos-conjuntos\/\" \/>\n<meta property=\"og:site_name\" content=\"Hist\u00f3rico de noticias de la Fundaci\u00f3n General\" \/>\n<meta property=\"article:published_time\" content=\"2012-03-16T16:18:07+00:00\" \/>\n<meta property=\"og:image\" content=\"https:\/\/fg.ull.es\/hemeroteca\/wp-content\/uploads\/sites\/14\/2015\/04\/624_n8_banner_excelenciatecnologica.png\" \/>\n\t<meta property=\"og:image:width\" content=\"1000\" \/>\n\t<meta property=\"og:image:height\" content=\"233\" \/>\n\t<meta property=\"og:image:type\" content=\"image\/png\" \/>\n<meta name=\"author\" content=\"fgull\" \/>\n<meta name=\"twitter:card\" content=\"summary_large_image\" \/>\n<meta name=\"twitter:label1\" content=\"Escrito por\" \/>\n\t<meta name=\"twitter:data1\" content=\"fgull\" \/>\n\t<meta name=\"twitter:label2\" content=\"Tiempo de lectura\" \/>\n\t<meta name=\"twitter:data2\" content=\"2 minutos\" \/>\n<script type=\"application\/ld+json\" class=\"yoast-schema-graph\">{\"@context\":\"https:\\\/\\\/schema.org\",\"@graph\":[{\"@type\":\"Article\",\"@id\":\"https:\\\/\\\/fg.ull.es\\\/hemeroteca\\\/2012\\\/03\\\/16\\\/el-cluster-canarias-excelencia-tecnologica-y-la-feull-colaboran-en-la-creacion-de-proyectos-conjuntos\\\/#article\",\"isPartOf\":{\"@id\":\"https:\\\/\\\/fg.ull.es\\\/hemeroteca\\\/2012\\\/03\\\/16\\\/el-cluster-canarias-excelencia-tecnologica-y-la-feull-colaboran-en-la-creacion-de-proyectos-conjuntos\\\/\"},\"author\":{\"name\":\"fgull\",\"@id\":\"https:\\\/\\\/fg.ull.es\\\/hemeroteca\\\/#\\\/schema\\\/person\\\/cf424320c3c543ecb9f15d3785219238\"},\"headline\":\"El Cl\u00faster Canarias Excelencia Tecnol\u00f3gica y la FEULL colaboran en la creaci\u00f3n de proyectos conjuntos\",\"datePublished\":\"2012-03-16T16:18:07+00:00\",\"mainEntityOfPage\":{\"@id\":\"https:\\\/\\\/fg.ull.es\\\/hemeroteca\\\/2012\\\/03\\\/16\\\/el-cluster-canarias-excelencia-tecnologica-y-la-feull-colaboran-en-la-creacion-de-proyectos-conjuntos\\\/\"},\"wordCount\":467,\"image\":{\"@id\":\"https:\\\/\\\/fg.ull.es\\\/hemeroteca\\\/2012\\\/03\\\/16\\\/el-cluster-canarias-excelencia-tecnologica-y-la-feull-colaboran-en-la-creacion-de-proyectos-conjuntos\\\/#primaryimage\"},\"thumbnailUrl\":\"https:\\\/\\\/fg.ull.es\\\/hemeroteca\\\/wp-content\\\/uploads\\\/sites\\\/14\\\/2015\\\/04\\\/624_n8_banner_excelenciatecnologica.png\",\"keywords\":[\"Archivados\",\"convenios\",\"Innovaci\u00f3n\",\"institucional\"],\"articleSection\":[\"Innovaci\u00f3n\"],\"inLanguage\":\"es\"},{\"@type\":\"WebPage\",\"@id\":\"https:\\\/\\\/fg.ull.es\\\/hemeroteca\\\/2012\\\/03\\\/16\\\/el-cluster-canarias-excelencia-tecnologica-y-la-feull-colaboran-en-la-creacion-de-proyectos-conjuntos\\\/\",\"url\":\"https:\\\/\\\/fg.ull.es\\\/hemeroteca\\\/2012\\\/03\\\/16\\\/el-cluster-canarias-excelencia-tecnologica-y-la-feull-colaboran-en-la-creacion-de-proyectos-conjuntos\\\/\",\"name\":\"El Cl\u00faster Canarias Excelencia Tecnol\u00f3gica y la FEULL colaboran en la creaci\u00f3n de proyectos conjuntos - Hist\u00f3rico de noticias de la Fundaci\u00f3n General\",\"isPartOf\":{\"@id\":\"https:\\\/\\\/fg.ull.es\\\/hemeroteca\\\/#website\"},\"primaryImageOfPage\":{\"@id\":\"https:\\\/\\\/fg.ull.es\\\/hemeroteca\\\/2012\\\/03\\\/16\\\/el-cluster-canarias-excelencia-tecnologica-y-la-feull-colaboran-en-la-creacion-de-proyectos-conjuntos\\\/#primaryimage\"},\"image\":{\"@id\":\"https:\\\/\\\/fg.ull.es\\\/hemeroteca\\\/2012\\\/03\\\/16\\\/el-cluster-canarias-excelencia-tecnologica-y-la-feull-colaboran-en-la-creacion-de-proyectos-conjuntos\\\/#primaryimage\"},\"thumbnailUrl\":\"https:\\\/\\\/fg.ull.es\\\/hemeroteca\\\/wp-content\\\/uploads\\\/sites\\\/14\\\/2015\\\/04\\\/624_n8_banner_excelenciatecnologica.png\",\"datePublished\":\"2012-03-16T16:18:07+00:00\",\"author\":{\"@id\":\"https:\\\/\\\/fg.ull.es\\\/hemeroteca\\\/#\\\/schema\\\/person\\\/cf424320c3c543ecb9f15d3785219238\"},\"breadcrumb\":{\"@id\":\"https:\\\/\\\/fg.ull.es\\\/hemeroteca\\\/2012\\\/03\\\/16\\\/el-cluster-canarias-excelencia-tecnologica-y-la-feull-colaboran-en-la-creacion-de-proyectos-conjuntos\\\/#breadcrumb\"},\"inLanguage\":\"es\",\"potentialAction\":[{\"@type\":\"ReadAction\",\"target\":[\"https:\\\/\\\/fg.ull.es\\\/hemeroteca\\\/2012\\\/03\\\/16\\\/el-cluster-canarias-excelencia-tecnologica-y-la-feull-colaboran-en-la-creacion-de-proyectos-conjuntos\\\/\"]}]},{\"@type\":\"ImageObject\",\"inLanguage\":\"es\",\"@id\":\"https:\\\/\\\/fg.ull.es\\\/hemeroteca\\\/2012\\\/03\\\/16\\\/el-cluster-canarias-excelencia-tecnologica-y-la-feull-colaboran-en-la-creacion-de-proyectos-conjuntos\\\/#primaryimage\",\"url\":\"https:\\\/\\\/fg.ull.es\\\/hemeroteca\\\/wp-content\\\/uploads\\\/sites\\\/14\\\/2015\\\/04\\\/624_n8_banner_excelenciatecnologica.png\",\"contentUrl\":\"https:\\\/\\\/fg.ull.es\\\/hemeroteca\\\/wp-content\\\/uploads\\\/sites\\\/14\\\/2015\\\/04\\\/624_n8_banner_excelenciatecnologica.png\",\"width\":1000,\"height\":233},{\"@type\":\"BreadcrumbList\",\"@id\":\"https:\\\/\\\/fg.ull.es\\\/hemeroteca\\\/2012\\\/03\\\/16\\\/el-cluster-canarias-excelencia-tecnologica-y-la-feull-colaboran-en-la-creacion-de-proyectos-conjuntos\\\/#breadcrumb\",\"itemListElement\":[{\"@type\":\"ListItem\",\"position\":1,\"name\":\"Home\",\"item\":\"https:\\\/\\\/fg.ull.es\\\/hemeroteca\\\/\"},{\"@type\":\"ListItem\",\"position\":2,\"name\":\"El Cl\u00faster Canarias Excelencia Tecnol\u00f3gica y la FEULL colaboran en la creaci\u00f3n de proyectos conjuntos\"}]},{\"@type\":\"WebSite\",\"@id\":\"https:\\\/\\\/fg.ull.es\\\/hemeroteca\\\/#website\",\"url\":\"https:\\\/\\\/fg.ull.es\\\/hemeroteca\\\/\",\"name\":\"Hist\u00f3rico de noticias de la Fundaci\u00f3n General\",\"description\":\"\",\"potentialAction\":[{\"@type\":\"SearchAction\",\"target\":{\"@type\":\"EntryPoint\",\"urlTemplate\":\"https:\\\/\\\/fg.ull.es\\\/hemeroteca\\\/?s={search_term_string}\"},\"query-input\":{\"@type\":\"PropertyValueSpecification\",\"valueRequired\":true,\"valueName\":\"search_term_string\"}}],\"inLanguage\":\"es\"},{\"@type\":\"Person\",\"@id\":\"https:\\\/\\\/fg.ull.es\\\/hemeroteca\\\/#\\\/schema\\\/person\\\/cf424320c3c543ecb9f15d3785219238\",\"name\":\"fgull\",\"image\":{\"@type\":\"ImageObject\",\"inLanguage\":\"es\",\"@id\":\"https:\\\/\\\/secure.gravatar.com\\\/avatar\\\/3b3f179500dd91d295ffa66543a853574e5676c5c7f8b31d00af1a80aadcafa4?s=96&d=mm&r=g\",\"url\":\"https:\\\/\\\/secure.gravatar.com\\\/avatar\\\/3b3f179500dd91d295ffa66543a853574e5676c5c7f8b31d00af1a80aadcafa4?s=96&d=mm&r=g\",\"contentUrl\":\"https:\\\/\\\/secure.gravatar.com\\\/avatar\\\/3b3f179500dd91d295ffa66543a853574e5676c5c7f8b31d00af1a80aadcafa4?s=96&d=mm&r=g\",\"caption\":\"fgull\"},\"url\":\"https:\\\/\\\/fg.ull.es\\\/hemeroteca\\\/author\\\/fgull\\\/\"}]}<\/script>\n<!-- \/ Yoast SEO plugin. -->","yoast_head_json":{"title":"El Cl\u00faster Canarias Excelencia Tecnol\u00f3gica y la FEULL colaboran en la creaci\u00f3n de proyectos conjuntos - Hist\u00f3rico de noticias de la Fundaci\u00f3n General","robots":{"index":"index","follow":"follow","max-snippet":"max-snippet:-1","max-image-preview":"max-image-preview:large","max-video-preview":"max-video-preview:-1"},"canonical":"https:\/\/fg.ull.es\/hemeroteca\/2012\/03\/16\/el-cluster-canarias-excelencia-tecnologica-y-la-feull-colaboran-en-la-creacion-de-proyectos-conjuntos\/","og_locale":"es_ES","og_type":"article","og_title":"El Cl\u00faster Canarias Excelencia Tecnol\u00f3gica y la FEULL colaboran en la creaci\u00f3n de proyectos conjuntos - Hist\u00f3rico de noticias de la Fundaci\u00f3n General","og_description":"Los directivos de ambos organismos manifestaban sus expectativas positivas en cuanto a la creaci\u00f3n de empleo y mejora de la competitividad a trav\u00e9s de las empresas TIC","og_url":"https:\/\/fg.ull.es\/hemeroteca\/2012\/03\/16\/el-cluster-canarias-excelencia-tecnologica-y-la-feull-colaboran-en-la-creacion-de-proyectos-conjuntos\/","og_site_name":"Hist\u00f3rico de noticias de la Fundaci\u00f3n General","article_published_time":"2012-03-16T16:18:07+00:00","og_image":[{"width":1000,"height":233,"url":"https:\/\/fg.ull.es\/hemeroteca\/wp-content\/uploads\/sites\/14\/2015\/04\/624_n8_banner_excelenciatecnologica.png","type":"image\/png"}],"author":"fgull","twitter_card":"summary_large_image","twitter_misc":{"Escrito por":"fgull","Tiempo de lectura":"2 minutos"},"schema":{"@context":"https:\/\/schema.org","@graph":[{"@type":"Article","@id":"https:\/\/fg.ull.es\/hemeroteca\/2012\/03\/16\/el-cluster-canarias-excelencia-tecnologica-y-la-feull-colaboran-en-la-creacion-de-proyectos-conjuntos\/#article","isPartOf":{"@id":"https:\/\/fg.ull.es\/hemeroteca\/2012\/03\/16\/el-cluster-canarias-excelencia-tecnologica-y-la-feull-colaboran-en-la-creacion-de-proyectos-conjuntos\/"},"author":{"name":"fgull","@id":"https:\/\/fg.ull.es\/hemeroteca\/#\/schema\/person\/cf424320c3c543ecb9f15d3785219238"},"headline":"El Cl\u00faster Canarias Excelencia Tecnol\u00f3gica y la FEULL colaboran en la creaci\u00f3n de proyectos conjuntos","datePublished":"2012-03-16T16:18:07+00:00","mainEntityOfPage":{"@id":"https:\/\/fg.ull.es\/hemeroteca\/2012\/03\/16\/el-cluster-canarias-excelencia-tecnologica-y-la-feull-colaboran-en-la-creacion-de-proyectos-conjuntos\/"},"wordCount":467,"image":{"@id":"https:\/\/fg.ull.es\/hemeroteca\/2012\/03\/16\/el-cluster-canarias-excelencia-tecnologica-y-la-feull-colaboran-en-la-creacion-de-proyectos-conjuntos\/#primaryimage"},"thumbnailUrl":"https:\/\/fg.ull.es\/hemeroteca\/wp-content\/uploads\/sites\/14\/2015\/04\/624_n8_banner_excelenciatecnologica.png","keywords":["Archivados","convenios","Innovaci\u00f3n","institucional"],"articleSection":["Innovaci\u00f3n"],"inLanguage":"es"},{"@type":"WebPage","@id":"https:\/\/fg.ull.es\/hemeroteca\/2012\/03\/16\/el-cluster-canarias-excelencia-tecnologica-y-la-feull-colaboran-en-la-creacion-de-proyectos-conjuntos\/","url":"https:\/\/fg.ull.es\/hemeroteca\/2012\/03\/16\/el-cluster-canarias-excelencia-tecnologica-y-la-feull-colaboran-en-la-creacion-de-proyectos-conjuntos\/","name":"El Cl\u00faster Canarias Excelencia Tecnol\u00f3gica y la FEULL colaboran en la creaci\u00f3n de proyectos conjuntos - Hist\u00f3rico de noticias de la Fundaci\u00f3n General","isPartOf":{"@id":"https:\/\/fg.ull.es\/hemeroteca\/#website"},"primaryImageOfPage":{"@id":"https:\/\/fg.ull.es\/hemeroteca\/2012\/03\/16\/el-cluster-canarias-excelencia-tecnologica-y-la-feull-colaboran-en-la-creacion-de-proyectos-conjuntos\/#primaryimage"},"image":{"@id":"https:\/\/fg.ull.es\/hemeroteca\/2012\/03\/16\/el-cluster-canarias-excelencia-tecnologica-y-la-feull-colaboran-en-la-creacion-de-proyectos-conjuntos\/#primaryimage"},"thumbnailUrl":"https:\/\/fg.ull.es\/hemeroteca\/wp-content\/uploads\/sites\/14\/2015\/04\/624_n8_banner_excelenciatecnologica.png","datePublished":"2012-03-16T16:18:07+00:00","author":{"@id":"https:\/\/fg.ull.es\/hemeroteca\/#\/schema\/person\/cf424320c3c543ecb9f15d3785219238"},"breadcrumb":{"@id":"https:\/\/fg.ull.es\/hemeroteca\/2012\/03\/16\/el-cluster-canarias-excelencia-tecnologica-y-la-feull-colaboran-en-la-creacion-de-proyectos-conjuntos\/#breadcrumb"},"inLanguage":"es","potentialAction":[{"@type":"ReadAction","target":["https:\/\/fg.ull.es\/hemeroteca\/2012\/03\/16\/el-cluster-canarias-excelencia-tecnologica-y-la-feull-colaboran-en-la-creacion-de-proyectos-conjuntos\/"]}]},{"@type":"ImageObject","inLanguage":"es","@id":"https:\/\/fg.ull.es\/hemeroteca\/2012\/03\/16\/el-cluster-canarias-excelencia-tecnologica-y-la-feull-colaboran-en-la-creacion-de-proyectos-conjuntos\/#primaryimage","url":"https:\/\/fg.ull.es\/hemeroteca\/wp-content\/uploads\/sites\/14\/2015\/04\/624_n8_banner_excelenciatecnologica.png","contentUrl":"https:\/\/fg.ull.es\/hemeroteca\/wp-content\/uploads\/sites\/14\/2015\/04\/624_n8_banner_excelenciatecnologica.png","width":1000,"height":233},{"@type":"BreadcrumbList","@id":"https:\/\/fg.ull.es\/hemeroteca\/2012\/03\/16\/el-cluster-canarias-excelencia-tecnologica-y-la-feull-colaboran-en-la-creacion-de-proyectos-conjuntos\/#breadcrumb","itemListElement":[{"@type":"ListItem","position":1,"name":"Home","item":"https:\/\/fg.ull.es\/hemeroteca\/"},{"@type":"ListItem","position":2,"name":"El Cl\u00faster Canarias Excelencia Tecnol\u00f3gica y la FEULL colaboran en la creaci\u00f3n de proyectos conjuntos"}]},{"@type":"WebSite","@id":"https:\/\/fg.ull.es\/hemeroteca\/#website","url":"https:\/\/fg.ull.es\/hemeroteca\/","name":"Hist\u00f3rico de noticias de la Fundaci\u00f3n General","description":"","potentialAction":[{"@type":"SearchAction","target":{"@type":"EntryPoint","urlTemplate":"https:\/\/fg.ull.es\/hemeroteca\/?s={search_term_string}"},"query-input":{"@type":"PropertyValueSpecification","valueRequired":true,"valueName":"search_term_string"}}],"inLanguage":"es"},{"@type":"Person","@id":"https:\/\/fg.ull.es\/hemeroteca\/#\/schema\/person\/cf424320c3c543ecb9f15d3785219238","name":"fgull","image":{"@type":"ImageObject","inLanguage":"es","@id":"https:\/\/secure.gravatar.com\/avatar\/3b3f179500dd91d295ffa66543a853574e5676c5c7f8b31d00af1a80aadcafa4?s=96&d=mm&r=g","url":"https:\/\/secure.gravatar.com\/avatar\/3b3f179500dd91d295ffa66543a853574e5676c5c7f8b31d00af1a80aadcafa4?s=96&d=mm&r=g","contentUrl":"https:\/\/secure.gravatar.com\/avatar\/3b3f179500dd91d295ffa66543a853574e5676c5c7f8b31d00af1a80aadcafa4?s=96&d=mm&r=g","caption":"fgull"},"url":"https:\/\/fg.ull.es\/hemeroteca\/author\/fgull\/"}]}},"featured_image_thumbnail_url":"https:\/\/fg.ull.es\/hemeroteca\/wp-content\/uploads\/sites\/14\/2015\/04\/624_n8_banner_excelenciatecnologica-300x70.png","_links":{"self":[{"href":"https:\/\/fg.ull.es\/hemeroteca\/wp-json\/wp\/v2\/posts\/9769","targetHints":{"allow":["GET"]}}],"collection":[{"href":"https:\/\/fg.ull.es\/hemeroteca\/wp-json\/wp\/v2\/posts"}],"about":[{"href":"https:\/\/fg.ull.es\/hemeroteca\/wp-json\/wp\/v2\/types\/post"}],"author":[{"embeddable":true,"href":"https:\/\/fg.ull.es\/hemeroteca\/wp-json\/wp\/v2\/users\/36"}],"replies":[{"embeddable":true,"href":"https:\/\/fg.ull.es\/hemeroteca\/wp-json\/wp\/v2\/comments?post=9769"}],"version-history":[{"count":0,"href":"https:\/\/fg.ull.es\/hemeroteca\/wp-json\/wp\/v2\/posts\/9769\/revisions"}],"wp:featuredmedia":[{"embeddable":true,"href":"https:\/\/fg.ull.es\/hemeroteca\/wp-json\/wp\/v2\/media\/9768"}],"wp:attachment":[{"href":"https:\/\/fg.ull.es\/hemeroteca\/wp-json\/wp\/v2\/media?parent=9769"}],"wp:term":[{"taxonomy":"category","embeddable":true,"href":"https:\/\/fg.ull.es\/hemeroteca\/wp-json\/wp\/v2\/categories?post=9769"},{"taxonomy":"post_tag","embeddable":true,"href":"https:\/\/fg.ull.es\/hemeroteca\/wp-json\/wp\/v2\/tags?post=9769"}],"curies":[{"name":"wp","href":"https:\/\/api.w.org\/{rel}","templated":true}]}}