{"id":9766,"date":"2012-05-25T13:58:18","date_gmt":"2012-05-25T13:58:18","guid":{"rendered":"http:\/\/www.fg.ull.es\/?p=9766"},"modified":"2012-05-25T13:58:18","modified_gmt":"2012-05-25T13:58:18","slug":"cursos-con-comienzo-en-la-semana-del-4-de-junio","status":"publish","type":"post","link":"https:\/\/fg.ull.es\/hemeroteca\/2012\/05\/25\/cursos-con-comienzo-en-la-semana-del-4-de-junio\/","title":{"rendered":"Cursos con comienzo en la semana del 4 de junio"},"content":{"rendered":"<p>La matr\u00edcula puede realizarse a trav\u00e9s del Portal Servicios de la Fundaci\u00f3n. Se impartir\u00e1n, entre otros, &#8216;Publicidad online&#8217; o &#8216;Administraci\u00f3n Electr\u00f3nica&#8217;.<\/p>\n<p style='text-align: justify'>El <a href='http:\/\/feull.org\/es\/formacion\/'>&Aacute;rea de Formaci&oacute;n<\/a> de la Fundaci&oacute;n Empresa Universidad de La Laguna presenta su nueva oferta formativa, con comienzo en la semana del 4 de junio.<\/p>\n<p style='text-align: justify'>Los cursos abarcan diferentes &aacute;reas de conocimiento, pasando por el &#8216;Escaparatismo comercial&#8217;, &#8216;Publicidad online&#8217; o &#8216;Higiene alimentaria avanzada&#8217;.<\/p>\n<p style='text-align: justify'>Para mayor informaci&oacute;n y\/o matr&iacute;cula, visitar el <a href='https:\/\/servicios.feu.ull.es\/Portal\/'>Portal Servicios<\/a> de la FEULL.<\/p>\n","protected":false},"excerpt":{"rendered":"<p>La matr\u00edcula puede realizarse a trav\u00e9s del Portal Servicios de la Fundaci\u00f3n. Se impartir\u00e1n, entre otros, &#8216;Publicidad online&#8217; o &#8216;Administraci\u00f3n Electr\u00f3nica&#8217;.<\/p>\n","protected":false},"author":36,"featured_media":9765,"comment_status":"closed","ping_status":"open","sticky":false,"template":"","format":"standard","meta":{"footnotes":""},"categories":[5],"tags":[173,425,672],"featured_image_thumbnail_url":"https:\/\/fg.ull.es\/hemeroteca\/wp-content\/uploads\/sites\/14\/2015\/04\/746_vf_semana_del_4_de_junio-300x212.jpg","_links":{"self":[{"href":"https:\/\/fg.ull.es\/hemeroteca\/wp-json\/wp\/v2\/posts\/9766"}],"collection":[{"href":"https:\/\/fg.ull.es\/hemeroteca\/wp-json\/wp\/v2\/posts"}],"about":[{"href":"https:\/\/fg.ull.es\/hemeroteca\/wp-json\/wp\/v2\/types\/post"}],"author":[{"embeddable":true,"href":"https:\/\/fg.ull.es\/hemeroteca\/wp-json\/wp\/v2\/users\/36"}],"replies":[{"embeddable":true,"href":"https:\/\/fg.ull.es\/hemeroteca\/wp-json\/wp\/v2\/comments?post=9766"}],"version-history":[{"count":0,"href":"https:\/\/fg.ull.es\/hemeroteca\/wp-json\/wp\/v2\/posts\/9766\/revisions"}],"wp:featuredmedia":[{"embeddable":true,"href":"https:\/\/fg.ull.es\/hemeroteca\/wp-json\/wp\/v2\/media\/9765"}],"wp:attachment":[{"href":"https:\/\/fg.ull.es\/hemeroteca\/wp-json\/wp\/v2\/media?parent=9766"}],"wp:term":[{"taxonomy":"category","embeddable":true,"href":"https:\/\/fg.ull.es\/hemeroteca\/wp-json\/wp\/v2\/categories?post=9766"},{"taxonomy":"post_tag","embeddable":true,"href":"https:\/\/fg.ull.es\/hemeroteca\/wp-json\/wp\/v2\/tags?post=9766"}],"curies":[{"name":"wp","href":"https:\/\/api.w.org\/{rel}","templated":true}]}}