{"id":9593,"date":"2012-01-31T13:23:19","date_gmt":"2012-01-31T13:23:19","guid":{"rendered":"http:\/\/www.fg.ull.es\/?p=9593"},"modified":"2012-01-31T13:23:19","modified_gmt":"2012-01-31T13:23:19","slug":"emprende-ull-participo-en-las-i-jornadas-de-educacion-emprendedora","status":"publish","type":"post","link":"https:\/\/fg.ull.es\/hemeroteca\/2012\/01\/31\/emprende-ull-participo-en-las-i-jornadas-de-educacion-emprendedora\/","title":{"rendered":"Emprende.ull particip\u00f3 en las I Jornadas de Educaci\u00f3n Emprendedora"},"content":{"rendered":"<p>El 25 y 26 de enero de 2012 han tenido lugar en Girona las Jornadas de Educaci\u00f3n Emprendedora de organizadas por la FPdGi (Fundaci\u00f3n Pr\u00edncipe de Girona)<\/p>\n<p>Una de las t&eacute;cnico de<a href='http:\/\/emprendeull.ning.com\/'> Emprende.ull<\/a>, J&eacute;sica Barrios, se desplaz&oacute; a Girona la pasada semana para participar en las Jornadas de Educaci&oacute;n Emprendedora organizadas por la<a href='http:\/\/es.fundacioprincepdegirona.org\/'> FPdGi (Fundaci&oacute;n Pr&iacute;ncipe de Girona)<\/a> . Se trat&oacute; de un encuentro entre profesionales del <strong>fomento de la emprendedur&iacute;a desde etapas tempranas<\/strong>.<\/p>\n<p style='text-align: justify'>En las Jornadas se dieron cita m&aacute;s de 88 expertos procedentes de todo el Estado, tanto de fundaciones, asociaciones y centros educativos como de distintas administraciones p&uacute;blicas de diversas comunidades aut&oacute;nomas. El objetivo de las mismas fue <strong>analizar toda la actividad existente para poder realizar un mapa de la trayectoria educativa y definir as&iacute; valores y herramientas <\/strong>que es preciso desarrollar en ni&ntilde;os\/as y j&oacute;venes en funci&oacute;n de su grado de madurez. Tres expertos de reconocido prestigio, Jos&eacute; Antonio Marina, Luisa  Alemany y Jos&eacute; Manuel P&eacute;rez (Pericles) han asumido la coordinaci&oacute;n  cient&iacute;fica de estas jornadas para la que se han identificado de la forma  m&aacute;s exhaustiva posible todos aquellos programas, liderados por  instituciones diversas, que se est&aacute;n desarrollando actualmente en alg&uacute;n  centro educativo, desde la educaci&oacute;n primaria, pasando por secundaria  hasta el bachillerato y la formaci&oacute;n profesional.<\/p>\n<p style='text-align: justify'><strong>Emprende.ull, un referente en Canarias<\/strong><\/p>\n<p style='text-align: justify'><a href='http:\/\/emprendeull.ning.com\/'>Emprende.ul<\/a>l desarrolla numerosas acciones para fomentar la emprendedur&iacute;a entre j&oacute;venes universitarios y, en las &uacute;ltimas etapas, entre escolares de primaria y secundaria. A nivel universitario Emprende.ull lleva m&aacute;s de 5 a&ntilde;os tratando de impulsar el talento de los j&oacute;venes universitarios de la <a href='http:\/\/www.ull.es\/'>Universidad de La Laguna<\/a> hacia iniciativas emprendedoras. Los resultados han sido muy satisfactorios ya que por este programa han pasado m&aacute;s de 4.500 j&oacute;venes y se han creado unas 30 empresas.<\/p>\n<p style='text-align: justify'>La nueva iniciativa de<a href='http:\/\/emprendeull.ning.com\/'> Emprende.ull <\/a>es <a href='..\/..\/es\/proyecto\/ensenar_para_emprender\/39\/'><em>Ense&ntilde;ar para Emprender<\/em><\/a>. Se trata de un programa educativo de car&aacute;cter eminentemente pr&aacute;ctico y experiencial a trav&eacute;s del que ni&ntilde;as y ni&ntilde;os que cursan educaci&oacute;n primaria en diferentes colegios de nuestra provincia pueden participar en la <strong>simulaci&oacute;n de la creaci&oacute;n de empresas cooperativas<\/strong>, realizando todo el recorrido necesario, con la implicaci&oacute;n de sus familias: desde la conceptualizaci&oacute;n del negocio, b&uacute;squeda de financiaci&oacute;n y tramitaci&oacute;n administrativa siempre desde un punto de vista l&uacute;dico y divertido para ellos. El final &uacute;ltimo de este proyecto es la simulaci&oacute;n de la creaci&oacute;n de una cooperativa entre el grupo de escolares. En este proceso los ni&ntilde;os y ni&ntilde;as tendr&aacute;n que ponerse de acuerdo en los aspectos b&aacute;sicos para ello: &aacute;mbito, nombre, imagen, productos, formas de producci&oacute;n etc. Finalmente, los escolares se encontrar&aacute;n en un d&iacute;a de mercado en el que conocer&aacute;n las cooperativas de otros colegios y en el que vender&aacute;n sus productos. Todo este itinerario se plantea desde el fomento de valores como el trabajo en equipo, la solidaridad o la igualdad.<\/p>\n<p style='text-align: justify'>En su primera edici&oacute;n intervinieron 10 colegios de Tenerife, 5 del &aacute;rea metropolitana y 5 de la zona sur de la isla, lo que supuso la participaci&oacute;n de 350 ni&ntilde;os y ni&ntilde;as. En la segunda ocasi&oacute;n que est&aacute; a punto de empezar, el n&uacute;mero de colegios participantes ha aumentado a 14 lo que suma casi 500 ni&ntilde;os y ni&ntilde;as que disfrutar&aacute;n de este proyecto.<\/p>\n<p style='text-align: justify'>(<a href='http:\/\/vimeo.com\/33783713'>Video explicativo del proyecto <em>Ense&ntilde;ar para Emprender<\/em><\/a>)<\/p>\n<p style='text-align: justify'><strong>La educaci&oacute;n emprendedora en Espa&ntilde;a<\/strong><\/p>\n<p style='text-align: justify'>El<a href='http:\/\/issuu.com\/marketing_esade\/docs\/lbiee_documentofinal__27-07-2011__rev_oct11?mode=window&amp;backgroundColor=#222222'> Libro Blanco de la Iniciativa Emprendedora en Espa&ntilde;a<\/a> establece en sus conclusiones que uno de los aspectos clave para incentivar la iniciativa emprendedora en Espa&ntilde;a es a trav&eacute;s de la educaci&oacute;n de nuestros ni&ntilde;os y j&oacute;venes.<br \/>En Espa&ntilde;a se est&aacute;n desarrollando numerosos programas, de diversa &iacute;ndole y dirigidos a colectivos de edades diferentes. Muchas consejer&iacute;as de educaci&oacute;n est&aacute;n poniendo en marcha asimismo programas de educaci&oacute;n emprendedora en los centros educativos de sus territorios.<\/p>\n<p style='text-align: justify'>*Foto de la FPdGi<\/p>\n","protected":false},"excerpt":{"rendered":"<p>El 25 y 26 de enero de 2012 han tenido lugar en Girona las Jornadas de Educaci\u00f3n Emprendedora de organizadas por la FPdGi (Fundaci\u00f3n Pr\u00edncipe de Girona)<\/p>\n","protected":false},"author":36,"featured_media":9592,"comment_status":"closed","ping_status":"open","sticky":false,"template":"","format":"standard","meta":{"footnotes":""},"categories":[8],"tags":[173,533,821],"featured_image_thumbnail_url":"https:\/\/fg.ull.es\/hemeroteca\/wp-content\/uploads\/sites\/14\/2015\/04\/558_g0_jornadasempr-300x201.jpg","_links":{"self":[{"href":"https:\/\/fg.ull.es\/hemeroteca\/wp-json\/wp\/v2\/posts\/9593"}],"collection":[{"href":"https:\/\/fg.ull.es\/hemeroteca\/wp-json\/wp\/v2\/posts"}],"about":[{"href":"https:\/\/fg.ull.es\/hemeroteca\/wp-json\/wp\/v2\/types\/post"}],"author":[{"embeddable":true,"href":"https:\/\/fg.ull.es\/hemeroteca\/wp-json\/wp\/v2\/users\/36"}],"replies":[{"embeddable":true,"href":"https:\/\/fg.ull.es\/hemeroteca\/wp-json\/wp\/v2\/comments?post=9593"}],"version-history":[{"count":0,"href":"https:\/\/fg.ull.es\/hemeroteca\/wp-json\/wp\/v2\/posts\/9593\/revisions"}],"wp:featuredmedia":[{"embeddable":true,"href":"https:\/\/fg.ull.es\/hemeroteca\/wp-json\/wp\/v2\/media\/9592"}],"wp:attachment":[{"href":"https:\/\/fg.ull.es\/hemeroteca\/wp-json\/wp\/v2\/media?parent=9593"}],"wp:term":[{"taxonomy":"category","embeddable":true,"href":"https:\/\/fg.ull.es\/hemeroteca\/wp-json\/wp\/v2\/categories?post=9593"},{"taxonomy":"post_tag","embeddable":true,"href":"https:\/\/fg.ull.es\/hemeroteca\/wp-json\/wp\/v2\/tags?post=9593"}],"curies":[{"name":"wp","href":"https:\/\/api.w.org\/{rel}","templated":true}]}}