{"id":9491,"date":"2011-12-22T10:35:14","date_gmt":"2011-12-22T10:35:14","guid":{"rendered":"http:\/\/www.fg.ull.es\/?p=9491"},"modified":"2011-12-22T10:35:14","modified_gmt":"2011-12-22T10:35:14","slug":"el-proyecto-ensenar-para-emprender-en-la-escuela-canariallega-a-su-primer-ano-de-recorrido","status":"publish","type":"post","link":"https:\/\/fg.ull.es\/hemeroteca\/2011\/12\/22\/el-proyecto-ensenar-para-emprender-en-la-escuela-canariallega-a-su-primer-ano-de-recorrido\/","title":{"rendered":"El proyecto &#039;Ense\u00f1ar Para Emprender en la Escuela Canaria&#039;llega a su primer a\u00f1o de recorrido"},"content":{"rendered":"<p>Es un programa formativo para colegios de primaria a trav\u00e9s del que los ni\u00f1os y ni\u00f1as viven la experiencia de crear una cooperativa y que culmina con un encuentro formulado como un Mercadillo.<\/p>\n<p style='text-align: left'><em><strong>&#8216;Ense&ntilde;ar Para Emprender en la Escuela Canaria&#8217; <\/strong><\/em><strong><em>ya ha vivido su primer Mercadillo con una gran satisfacci&oacute;n de todos los agentes implicados y actualmente se est&aacute; desarrollando su segunda edici&oacute;n, para la que se est&aacute;n recabando apoyos individuales e institucionales.<\/em><\/strong><\/p>\n<p style='text-align: justify'>El proyecto educativo &#8216;Ense&ntilde;ar Para Emprender en la Escuela Canaria&#8217;<em>,<\/em> impulsado por la Fundaci&oacute;n Empresa Universidad de La Laguna a trav&eacute;s de su equipo de fomento de la emprendedur&iacute;a<a href='http:\/\/emprendeull.ning.com\/'> Emprende.ull<\/a>, llega en estos d&iacute;as a su primer a&ntilde;o de andadura. En su primera edici&oacute;n intervinieron 10 colegios de Tenerife, 5 del &aacute;rea metropolitana y 5 de la zona sur de la isla, lo que supuso la participaci&oacute;n de 350 ni&ntilde;os y ni&ntilde;as. En la segunda ocasi&oacute;n que est&aacute; a punto de empezar, el n&uacute;mero de colegios participantes ha aumentado a 14 lo que suma casi 500 ni&ntilde;os y ni&ntilde;as que disfrutar&aacute;n de este proyecto.<\/p>\n<p style='text-align: justify'><em>&nbsp;<\/em>&#8216;Ense&ntilde;ar Para Emprender en la Escuela Canaria&#8217; es un programa educativo de car&aacute;cter eminentemente pr&aacute;ctico y experiencial a trav&eacute;s del que ni&ntilde;as y ni&ntilde;os que cursan educaci&oacute;n primaria en diferentes colegios de nuestra provincia pueden participar en la simulaci&oacute;n de la creaci&oacute;n de empresas cooperativas, realizando todo el recorrido necesario, con la implicaci&oacute;n de sus familias: desde la conceptualizaci&oacute;n del negocio, b&uacute;squeda de financiaci&oacute;n y tramitaci&oacute;n administrativa siempre desde un punto de vista l&uacute;dico y divertido para ellos.<\/p>\n<p style='text-align: justify'>El final &uacute;ltimo de este proyecto es la <strong>simulaci&oacute;n de la creaci&oacute;n de una cooperativa<\/strong> entre el grupo de escolares. En este proceso los ni&ntilde;os y ni&ntilde;as tendr&aacute;n que ponerse de acuerdo en los aspectos b&aacute;sicos para ello: &aacute;mbito, nombre, imagen, productos, formas de producci&oacute;n etc. Finalmente, los escolares se encontrar&aacute;n en un d&iacute;a de mercado en el que conocer&aacute;n las cooperativas de otros colegios y en el que vender&aacute;n sus productos. Todo este itinerario se plantea desde el fomento de valores como el trabajo en equipo, la solidaridad o la igualdad.<\/p>\n<p style='text-align: justify'><em>&nbsp;<\/em>&#8216;Ense&ntilde;ar Para Emprender en la Escuela Canaria&#8217; pretende incluir la cultura emprendedora entre ni&ntilde;os y ni&ntilde;as, promoviendo conductas y actitudes de colaboraci&oacute;n, coordinaci&oacute;n, superaci&oacute;n de conflictos y asunci&oacute;n de problemas y responsabilidades. Tras esto se encuentra la convicci&oacute;n de sus promotores de la necesidad de impulsar un <strong>cambio cultural hacia la toma de riesgos, la innovaci&oacute;n y la emprendedur&iacute;a<\/strong> desde las etapas educativas m&aacute;s tempranas y que evolucione a lo largo de la trayectoria acad&eacute;mica del alumnado.<\/p>\n<p style='text-align: justify'><strong>Una apuesta a largo plazo<\/strong><\/p>\n<p style='text-align: justify'>Con la finalidad de poder profundizar y dar continuidad a esta iniciativa Emprende.ull ha presentado la idea <em>E<\/em>&#8216;Ense&ntilde;ar Para Emprender en la Escuela Canaria&#8217;dentro del plan de financiaci&oacute;n de CajaCanarias-Banca C&iacute;vica en la modalidad <a href='http:\/\/bancacivica.cajacanarias.es\/ficha-proyecto.aspx?id=30951&amp;year=2012&amp;pest=Descripcion&amp;returnUrl=&amp;origen=area_privada'>T&uacute; eliges T&uacute; decides<\/a>, en la que las personas vinculadas a esta entidad bancaria deciden a qu&eacute; proyectos se les otorga dotaci&oacute;n econ&oacute;mica.<\/p>\n<p style='text-align: justify'><strong>&iquest;Quieres colaborar con <em>Ense&ntilde;ar para Emprender<\/em>?<\/strong> Haz <a href='http:\/\/bancacivica.cajacanarias.es\/ficha-proyecto.aspx?id=30951&amp;year=2012&amp;pest=Descripcion&amp;returnUrl=&amp;origen=area_privada'>clic <\/a>aqu&iacute;.<\/p>\n<p style='text-align: justify'>&nbsp;<\/p>\n","protected":false},"excerpt":{"rendered":"<p>Es un programa formativo para colegios de primaria a trav\u00e9s del que los ni\u00f1os y ni\u00f1as viven la experiencia de crear una cooperativa y que culmina con un encuentro formulado como un Mercadillo.<\/p>\n","protected":false},"author":36,"featured_media":9490,"comment_status":"closed","ping_status":"open","sticky":false,"template":"","format":"standard","meta":{"footnotes":""},"categories":[8],"tags":[173,533,821],"featured_image_thumbnail_url":"https:\/\/fg.ull.es\/hemeroteca\/wp-content\/uploads\/sites\/14\/2015\/04\/506_sh_epe-218x300.jpg","_links":{"self":[{"href":"https:\/\/fg.ull.es\/hemeroteca\/wp-json\/wp\/v2\/posts\/9491"}],"collection":[{"href":"https:\/\/fg.ull.es\/hemeroteca\/wp-json\/wp\/v2\/posts"}],"about":[{"href":"https:\/\/fg.ull.es\/hemeroteca\/wp-json\/wp\/v2\/types\/post"}],"author":[{"embeddable":true,"href":"https:\/\/fg.ull.es\/hemeroteca\/wp-json\/wp\/v2\/users\/36"}],"replies":[{"embeddable":true,"href":"https:\/\/fg.ull.es\/hemeroteca\/wp-json\/wp\/v2\/comments?post=9491"}],"version-history":[{"count":0,"href":"https:\/\/fg.ull.es\/hemeroteca\/wp-json\/wp\/v2\/posts\/9491\/revisions"}],"wp:featuredmedia":[{"embeddable":true,"href":"https:\/\/fg.ull.es\/hemeroteca\/wp-json\/wp\/v2\/media\/9490"}],"wp:attachment":[{"href":"https:\/\/fg.ull.es\/hemeroteca\/wp-json\/wp\/v2\/media?parent=9491"}],"wp:term":[{"taxonomy":"category","embeddable":true,"href":"https:\/\/fg.ull.es\/hemeroteca\/wp-json\/wp\/v2\/categories?post=9491"},{"taxonomy":"post_tag","embeddable":true,"href":"https:\/\/fg.ull.es\/hemeroteca\/wp-json\/wp\/v2\/tags?post=9491"}],"curies":[{"name":"wp","href":"https:\/\/api.w.org\/{rel}","templated":true}]}}