{"id":9485,"date":"2011-12-22T14:11:52","date_gmt":"2011-12-22T14:11:52","guid":{"rendered":"http:\/\/www.fg.ull.es\/?p=9485"},"modified":"2011-12-22T14:11:52","modified_gmt":"2011-12-22T14:11:52","slug":"el-parque-cientifico-de-la-universidad-carlos-iii-de-madrid-precisa-de-tecnicos-en-desarrollo-de-negocio","status":"publish","type":"post","link":"https:\/\/fg.ull.es\/hemeroteca\/2011\/12\/22\/el-parque-cientifico-de-la-universidad-carlos-iii-de-madrid-precisa-de-tecnicos-en-desarrollo-de-negocio\/","title":{"rendered":"El Parque Cient\u00edfico de la Universidad Carlos III de Madrid precisa de t\u00e9cnicos en desarrollo de negocio"},"content":{"rendered":"<p>Se necesita una persona profesional con especializaci\u00f3n en aspectos financieros para dedicarse de lleno a los proyectos empresariales y empresas del Vivero.<\/p>\n<p style='text-align: justify'>Se necesita una persona profesional con  especializaci&oacute;n en aspectos financieros para dedicarse de lleno a los  proyectos empresariales y empresas del Vivero, identificar con ellos sus  necesidades y ruta financiera, prepararlos para los procesos de  inversi&oacute;n y hacer de interfaz con interlocutores de financiaci&oacute;n<\/p>\n<p style='text-align: justify'>&nbsp;<\/p>\n<p style='text-align: justify'>Se precisa un Ingeniero\/a de titulaci&oacute;n superior o Licenciado\/a con perfil de analista de inversiones y conocimiento del entorno universitario, con dominio del ingl&eacute;s hablado y escrito.<\/p>\n<p style='text-align: justify'>El contrato tendr&aacute; de una duraci&oacute;n de 11 meses &nbsp;y se&nbsp; encuentra asociado al proyecto PETRA &nbsp;de Desarrollo de una Estrategia para la Transferencia del conocimiento y la Tecnolog&iacute;a en la UC3M, financiado por el Ministerio de Ciencia e Innovaci&oacute;n.<\/p>\n<p style='text-align: justify'>La<strong> fecha l&iacute;mite <\/strong>para presentarse a la convocatoria es el <strong>20 de enero de 2012.<\/strong><\/p>\n<p style='text-align: justify'>Para m&aacute;s informaci&oacute;n puedes consultar la Web de la Universidad Carlos III o contactar mediante el siguiente e-mail: &nbsp;<a href='mailto:info@pcf.uc3m.es'>info@pcf.uc3m.es<\/a><\/p>\n<p style='text-align: justify'><a href='http:\/\/www.uc3m.es\/portal\/page\/portal\/investigacion\/parque_cientifico\/Empleo en el Parque Cientifico\/Ofertas' target='_blank' rel=\"noopener noreferrer\">http:\/\/www.uc3m.es\/portal\/page\/portal\/investigacion\/parque_cientifico\/Empleo en el Parque Cientifico\/Ofertas<\/a><\/p>\n","protected":false},"excerpt":{"rendered":"<p>Se necesita una persona profesional con especializaci\u00f3n en aspectos financieros para dedicarse de lleno a los proyectos empresariales y empresas del Vivero.<\/p>\n","protected":false},"author":36,"featured_media":9484,"comment_status":"closed","ping_status":"open","sticky":false,"template":"","format":"standard","meta":{"footnotes":""},"categories":[3,8],"tags":[173,518,821,1066],"featured_image_thumbnail_url":"https:\/\/fg.ull.es\/hemeroteca\/wp-content\/uploads\/sites\/14\/2015\/04\/508_pi_parque_ctfco_madrid.jpg","_links":{"self":[{"href":"https:\/\/fg.ull.es\/hemeroteca\/wp-json\/wp\/v2\/posts\/9485"}],"collection":[{"href":"https:\/\/fg.ull.es\/hemeroteca\/wp-json\/wp\/v2\/posts"}],"about":[{"href":"https:\/\/fg.ull.es\/hemeroteca\/wp-json\/wp\/v2\/types\/post"}],"author":[{"embeddable":true,"href":"https:\/\/fg.ull.es\/hemeroteca\/wp-json\/wp\/v2\/users\/36"}],"replies":[{"embeddable":true,"href":"https:\/\/fg.ull.es\/hemeroteca\/wp-json\/wp\/v2\/comments?post=9485"}],"version-history":[{"count":0,"href":"https:\/\/fg.ull.es\/hemeroteca\/wp-json\/wp\/v2\/posts\/9485\/revisions"}],"wp:featuredmedia":[{"embeddable":true,"href":"https:\/\/fg.ull.es\/hemeroteca\/wp-json\/wp\/v2\/media\/9484"}],"wp:attachment":[{"href":"https:\/\/fg.ull.es\/hemeroteca\/wp-json\/wp\/v2\/media?parent=9485"}],"wp:term":[{"taxonomy":"category","embeddable":true,"href":"https:\/\/fg.ull.es\/hemeroteca\/wp-json\/wp\/v2\/categories?post=9485"},{"taxonomy":"post_tag","embeddable":true,"href":"https:\/\/fg.ull.es\/hemeroteca\/wp-json\/wp\/v2\/tags?post=9485"}],"curies":[{"name":"wp","href":"https:\/\/api.w.org\/{rel}","templated":true}]}}