{"id":9476,"date":"2011-12-21T13:21:27","date_gmt":"2011-12-21T13:21:27","guid":{"rendered":"http:\/\/www.fg.ull.es\/?p=9476"},"modified":"2011-12-21T13:21:27","modified_gmt":"2011-12-21T13:21:27","slug":"el-equipo-de-emprende-ull-ultima-los-detalles-de-los-talleres-de-iniciativas-empresariales-tie","status":"publish","type":"post","link":"https:\/\/fg.ull.es\/hemeroteca\/2011\/12\/21\/el-equipo-de-emprende-ull-ultima-los-detalles-de-los-talleres-de-iniciativas-empresariales-tie\/","title":{"rendered":"El equipo de emprende.ull ultima los detalles de los Talleres de Iniciativas Empresariales (TIE)"},"content":{"rendered":"<p>Los talleres, que comenzar\u00e1n el pr\u00f3ximo 25 de enero, se basan en un aprendizaje experiencial y pr\u00e1ctico con emprendedores y expertos. Es una actividad gratuita y la inscripci\u00f3n est\u00e1 abierta.<\/p>\n<p style='text-align: justify'>Los <a href='..\/..\/public\/docs\/434_po_programa_tie.pdf'>Talleres de Iniciativas Empresariales (TIE)<\/a> se enmarcan en las actividades que propone <a href='http:\/\/emprendeull.ning.com\/'>emprende.ull <\/a>a los emprendedores de la comunidad universitaria. Los talleres <strong>comenzar&aacute;n el pr&oacute;ximo 25 de enero<\/strong>; las personas interesadas en obtener m&aacute;s informaci&oacute;n podr&aacute;n consultar las fechas de cada sesi&oacute;n en el <a href='..\/..\/public\/docs\/434_po_programa_tie.pdf'>programa<\/a>.<\/p>\n<p style='text-align: justify'>Se trabajar&aacute; en el <strong>desarrollo de modelos de negocio<\/strong>, con el objetivo final de construir un <strong>proyecto empresarial<\/strong> que sea aceptado por el mercado y, por tanto, que tenga garant&iacute;as de viabilidad econ&oacute;mica y financiera.<\/p>\n<p style='text-align: justify'>Se trata de una<strong> formaci&oacute;n gratuita<\/strong>. &nbsp;Si est&aacute;s interesado\/a en participar, has de realizar la preinscripci&oacute;n a trav&eacute;s del <a href='https:\/\/servicios.feu.ull.es\/Portal\/ExpedienteOfertado.aspx?COD=A12040035'>Portal Servicios de la Fundaci&oacute;n Empresa de la Universidad de La Laguna (FEULL)<\/a>. Y deber&aacute;s rellenar el formulario en el que presentar&aacute;s tu idea (est&aacute; adjunto al final de esta noticia).<\/p>\n<p style='text-align: justify'>Se plantea como una formaci&oacute;n totalmente pr&aacute;ctica y vivencial. Adem&aacute;s, despu&eacute;s de esta intensiva toma de contacto los y las j&oacute;venes participantes podr&aacute;n profundizar a trav&eacute;s de un extenso trabajo de investigaci&oacute;n que permita comprobar la viabilidad de su modelo de negocio, y as&iacute;, poder afinar su propuesta de valor de acuerdo a la informaci&oacute;n que el propio mercado les va a hacer llegar. En este proceso, ser&aacute;n acompa&ntilde;ados &nbsp;por el equipo de <a href='http:\/\/emprendeull.ning.com\/'>emprende.ull<\/a>.&nbsp;<\/p>\n<p style='text-align: justify'>Si tienes cualquier duda, contacta con el equipo de emprende.ull a trav&eacute;s del mail emprende@feu.ull.es&nbsp; &oacute; del tel&eacute;fono 922319714.<\/p>\n<p style='text-align: justify'><a href='https:\/\/servicios.feu.ull.es\/Portal\/ExpedienteOfertado.aspx?COD=A12040035'>Inscripci&oacute;n aqu&iacute;.<\/a><\/p>\n<p style='text-align: justify'>&nbsp;<\/p>\n","protected":false},"excerpt":{"rendered":"<p>Los talleres, que comenzar\u00e1n el pr\u00f3ximo 25 de enero, se basan en un aprendizaje experiencial y pr\u00e1ctico con emprendedores y expertos. Es una actividad gratuita y la inscripci\u00f3n est\u00e1 abierta.<\/p>\n","protected":false},"author":36,"featured_media":9475,"comment_status":"closed","ping_status":"open","sticky":false,"template":"","format":"standard","meta":{"footnotes":""},"categories":[8],"tags":[173,533,548,1424],"featured_image_thumbnail_url":"https:\/\/fg.ull.es\/hemeroteca\/wp-content\/uploads\/sites\/14\/2015\/04\/502_el_tie-264x300.jpg","_links":{"self":[{"href":"https:\/\/fg.ull.es\/hemeroteca\/wp-json\/wp\/v2\/posts\/9476"}],"collection":[{"href":"https:\/\/fg.ull.es\/hemeroteca\/wp-json\/wp\/v2\/posts"}],"about":[{"href":"https:\/\/fg.ull.es\/hemeroteca\/wp-json\/wp\/v2\/types\/post"}],"author":[{"embeddable":true,"href":"https:\/\/fg.ull.es\/hemeroteca\/wp-json\/wp\/v2\/users\/36"}],"replies":[{"embeddable":true,"href":"https:\/\/fg.ull.es\/hemeroteca\/wp-json\/wp\/v2\/comments?post=9476"}],"version-history":[{"count":0,"href":"https:\/\/fg.ull.es\/hemeroteca\/wp-json\/wp\/v2\/posts\/9476\/revisions"}],"wp:featuredmedia":[{"embeddable":true,"href":"https:\/\/fg.ull.es\/hemeroteca\/wp-json\/wp\/v2\/media\/9475"}],"wp:attachment":[{"href":"https:\/\/fg.ull.es\/hemeroteca\/wp-json\/wp\/v2\/media?parent=9476"}],"wp:term":[{"taxonomy":"category","embeddable":true,"href":"https:\/\/fg.ull.es\/hemeroteca\/wp-json\/wp\/v2\/categories?post=9476"},{"taxonomy":"post_tag","embeddable":true,"href":"https:\/\/fg.ull.es\/hemeroteca\/wp-json\/wp\/v2\/tags?post=9476"}],"curies":[{"name":"wp","href":"https:\/\/api.w.org\/{rel}","templated":true}]}}