{"id":9473,"date":"2011-12-21T11:45:39","date_gmt":"2011-12-21T11:45:39","guid":{"rendered":"http:\/\/www.fg.ull.es\/?p=9473"},"modified":"2011-12-21T11:45:39","modified_gmt":"2011-12-21T11:45:39","slug":"aenor-entrega-a-la-feull-el-certificado-que-acredita-la-calidad-de-su-gestion-en-todas-sus-areas","status":"publish","type":"post","link":"https:\/\/fg.ull.es\/hemeroteca\/2011\/12\/21\/aenor-entrega-a-la-feull-el-certificado-que-acredita-la-calidad-de-su-gestion-en-todas-sus-areas\/","title":{"rendered":"AENOR entrega a la FEULL el certificado que acredita la calidad de su gesti\u00f3n en todas sus \u00e1reas"},"content":{"rendered":"<p>La FEULL extiende as\u00ed la acreditaci\u00f3n de la norma ISO9001:2008 de Gesti\u00f3n de la Calidad a todas sus \u00c1reas, garantizando una mejora continua de sus procesos<\/p>\n<p>Ayer lunes 19 de diciembre el Director Regional de <a href='http:\/\/www.aenor.es\/aenor\/inicio\/home\/home.asp'>AENOR (Asociaci&oacute;n Espa&ntilde;ola de Normalizaci&oacute;n y Certificaci&oacute;n)<\/a> en Canarias, Jose Luis Mataix entregaba al Rector de la <a href='http:\/\/www.ull.es\/'>ULL<\/a>, como Presidente del Patronato de la FEULL, el certificado de la norma ISO 9001:2008 de Gesti&oacute;n de la Calidad, que extiende el alcance de la aplicaci&oacute;n de esta norma a todas las &Aacute;reas de la Fundaci&oacute;n. En el acto de entrega estuvieron tambi&eacute;n presentes Sergio Alonso, Director Gerente de la FEULL y los responsables de Calidad de cada una de las &Aacute;reas.<\/p>\n<p>La implantaci&oacute;n de esta norma internacional y su certificaci&oacute;n garantizan el cumplimiento y la conformidad de los requisitos del sistema de Calidad y con &eacute;l, la mejora continua de los procesos de la entidad. Cabe se&ntilde;alar, adem&aacute;s, que este sistema de gesti&oacute;n de calidad tiene como ventajas fundamentales la mejora del aprovechamiento de recursos, la eliminaci&oacute;n de los costes de &#8216;no calidad&#8217; y la mayor implicaci&oacute;n y capacitaci&oacute;n de los profesionales.<\/p>\n<p><a href='http:\/\/www.aenor.es\/aenor\/inicio\/home\/home.asp'>AENOR<\/a>, es la entidad l&iacute;der en certificaci&oacute;n de sistemas de gesti&oacute;n, productos y servicios, y responsable del desarrollo y difusi&oacute;n de las normas UNE.<\/p>\n<p>&nbsp;<\/p>\n","protected":false},"excerpt":{"rendered":"<p>La FEULL extiende as\u00ed la acreditaci\u00f3n de la norma ISO9001:2008 de Gesti\u00f3n de la Calidad a todas sus \u00c1reas, garantizando una mejora continua de sus procesos<\/p>\n","protected":false},"author":36,"featured_media":9472,"comment_status":"closed","ping_status":"open","sticky":false,"template":"","format":"standard","meta":{"footnotes":""},"categories":[7],"tags":[173,268,548,1223],"featured_image_thumbnail_url":"https:\/\/fg.ull.es\/hemeroteca\/wp-content\/uploads\/sites\/14\/2015\/04\/501_jo_2_equipo_feull_aenor-300x201.jpg","_links":{"self":[{"href":"https:\/\/fg.ull.es\/hemeroteca\/wp-json\/wp\/v2\/posts\/9473"}],"collection":[{"href":"https:\/\/fg.ull.es\/hemeroteca\/wp-json\/wp\/v2\/posts"}],"about":[{"href":"https:\/\/fg.ull.es\/hemeroteca\/wp-json\/wp\/v2\/types\/post"}],"author":[{"embeddable":true,"href":"https:\/\/fg.ull.es\/hemeroteca\/wp-json\/wp\/v2\/users\/36"}],"replies":[{"embeddable":true,"href":"https:\/\/fg.ull.es\/hemeroteca\/wp-json\/wp\/v2\/comments?post=9473"}],"version-history":[{"count":0,"href":"https:\/\/fg.ull.es\/hemeroteca\/wp-json\/wp\/v2\/posts\/9473\/revisions"}],"wp:featuredmedia":[{"embeddable":true,"href":"https:\/\/fg.ull.es\/hemeroteca\/wp-json\/wp\/v2\/media\/9472"}],"wp:attachment":[{"href":"https:\/\/fg.ull.es\/hemeroteca\/wp-json\/wp\/v2\/media?parent=9473"}],"wp:term":[{"taxonomy":"category","embeddable":true,"href":"https:\/\/fg.ull.es\/hemeroteca\/wp-json\/wp\/v2\/categories?post=9473"},{"taxonomy":"post_tag","embeddable":true,"href":"https:\/\/fg.ull.es\/hemeroteca\/wp-json\/wp\/v2\/tags?post=9473"}],"curies":[{"name":"wp","href":"https:\/\/api.w.org\/{rel}","templated":true}]}}