{"id":9470,"date":"2011-12-20T16:11:44","date_gmt":"2011-12-20T16:11:44","guid":{"rendered":"http:\/\/www.fg.ull.es\/?p=9470"},"modified":"2011-12-20T16:11:44","modified_gmt":"2011-12-20T16:11:44","slug":"los-talleres-de-iniciativas-empresariales-tie-formacion-practica-para-los-jovenes-emprendedores-de-la-ull","status":"publish","type":"post","link":"https:\/\/fg.ull.es\/hemeroteca\/2011\/12\/20\/los-talleres-de-iniciativas-empresariales-tie-formacion-practica-para-los-jovenes-emprendedores-de-la-ull\/","title":{"rendered":"Los Talleres de Iniciativas Empresariales (TIE), formaci\u00f3n pr\u00e1ctica para los j\u00f3venes emprendedores de la ULL"},"content":{"rendered":"<p>Las personas interesadas s\u00f3lo tendr\u00e1n que enviar su idea de negocio a emprende.ull y podr\u00e1n participar en este encuentro pr\u00e1ctico con expertos y empresarios consagrados en el que  enriquecer\u00e1n de forma conjunta sus iniciativas empresariales. La inscripci\u00f3<\/p>\n<p style='text-align: justify'>&nbsp;<\/p>\n<p style='text-align: justify'>Los Talleres de Inciativas Empresariales (TIE) se enmarcan en las actividades que propone <a href='http:\/\/emprendeull.ning.com\/'>Emprende.ull <\/a>a los emprendedores de la comunidad universitaria. La previsi&oacute;n es que el Taller de Iniciativas Empresariales se desarrolle en las &uacute;ltimas semanas de enero de 2011, si bien las fechas no est&aacute;n cerradas.<\/p>\n<p style='text-align: justify'>Su enfoque es novedoso y en l&iacute;nea con la tendencia m&aacute;s vanguardista en los foros de emprendedur&iacute;a y de creaci&oacute;n de empresas, plante&aacute;ndose como una formaci&oacute;n totalmente pr&aacute;ctica y vivencial con un alto componente de tutelaje individualizado.<\/p>\n<p style='text-align: justify'>Adem&aacute;s, despu&eacute;s de esta intensiva toma de contacto los y las j&oacute;venes participantes podr&aacute;n profundizar a trav&eacute;s de un extenso trabajo de investigaci&oacute;n que permita comprobar la viabilidad de su modelo de negocio, y as&iacute;, poder afinar su propuesta de valor de acuerdo a la informaci&oacute;n que el propio mercado les va a hacer llegar. En este proceso, ser&aacute;n acompa&ntilde;ados y tutorizados por el equipo de Emprende.ull. &nbsp;<\/p>\n<p style='text-align: justify'>Se trabajar&aacute; en el desarrollo de modelos de negocio, con el objetivo final de construir un proyecto empresarial que sea aceptado por el mercado y, por tanto, que tenga garant&iacute;as de viabilidad econ&oacute;mica y financiera.<\/p>\n<p style='text-align: justify'>Si est&aacute;s interesado\/a en participar, has de realizar la preinscripci&oacute;n a trav&eacute;s del <span style='text-decoration: underline'>Portal Servicios de la Fundaci&oacute;n Empresa de la Universidad de La Laguna (FEULL), pinchando en la pesta&ntilde;a de Emprendedur&iacute;a. <\/span><\/p>\n<p style='text-align: justify'>Si tienes cualquier duda, contacta con el equipo de emprende.ull a trav&eacute;s del mail emprende@feu.ull.es&nbsp; &oacute; del tel&eacute;fono 922319714.<\/p>\n","protected":false},"excerpt":{"rendered":"<p>Las personas interesadas s\u00f3lo tendr\u00e1n que enviar su idea de negocio a emprende.ull y podr\u00e1n participar en este encuentro pr\u00e1ctico con expertos y empresarios consagrados en el que  enriquecer\u00e1n de forma conjunta sus iniciativas empresariales. La inscripci\u00f3<\/p>\n","protected":false},"author":36,"featured_media":0,"comment_status":"closed","ping_status":"open","sticky":false,"template":"","format":"standard","meta":{"footnotes":""},"categories":[8],"tags":[173,533,541],"featured_image_thumbnail_url":null,"_links":{"self":[{"href":"https:\/\/fg.ull.es\/hemeroteca\/wp-json\/wp\/v2\/posts\/9470"}],"collection":[{"href":"https:\/\/fg.ull.es\/hemeroteca\/wp-json\/wp\/v2\/posts"}],"about":[{"href":"https:\/\/fg.ull.es\/hemeroteca\/wp-json\/wp\/v2\/types\/post"}],"author":[{"embeddable":true,"href":"https:\/\/fg.ull.es\/hemeroteca\/wp-json\/wp\/v2\/users\/36"}],"replies":[{"embeddable":true,"href":"https:\/\/fg.ull.es\/hemeroteca\/wp-json\/wp\/v2\/comments?post=9470"}],"version-history":[{"count":0,"href":"https:\/\/fg.ull.es\/hemeroteca\/wp-json\/wp\/v2\/posts\/9470\/revisions"}],"wp:attachment":[{"href":"https:\/\/fg.ull.es\/hemeroteca\/wp-json\/wp\/v2\/media?parent=9470"}],"wp:term":[{"taxonomy":"category","embeddable":true,"href":"https:\/\/fg.ull.es\/hemeroteca\/wp-json\/wp\/v2\/categories?post=9470"},{"taxonomy":"post_tag","embeddable":true,"href":"https:\/\/fg.ull.es\/hemeroteca\/wp-json\/wp\/v2\/tags?post=9470"}],"curies":[{"name":"wp","href":"https:\/\/api.w.org\/{rel}","templated":true}]}}