{"id":9381,"date":"2011-11-25T14:13:54","date_gmt":"2011-11-25T14:13:54","guid":{"rendered":"http:\/\/www.fg.ull.es\/?p=9381"},"modified":"2011-11-25T14:13:54","modified_gmt":"2011-11-25T14:13:54","slug":"celebrada-la-reunion-del-consejo-de-fundaciones-de-canarias","status":"publish","type":"post","link":"https:\/\/fg.ull.es\/hemeroteca\/2011\/11\/25\/celebrada-la-reunion-del-consejo-de-fundaciones-de-canarias\/","title":{"rendered":"Celebrada la reuni\u00f3n del Consejo de Fundaciones de Canarias"},"content":{"rendered":"<p>El pasado d\u00eda 24 de noviembre se celebr\u00f3 una nueva reuni\u00f3n del Consejo Auton\u00f3mico de Fundaciones de Canarias, acogidos por la Fundaci\u00f3n Canaria Empresa Universidad de la Laguna.<\/p>\n<p style='text-align: justify'>En esta reuni&oacute;n, a la que se invit&oacute; a fundaciones canarias no asociadas a la<a href='http:\/\/www.fundaciones.org\/es\/home'> AEF<\/a>, se analizaron los asuntos de mayor relevancia para el sector fundacional. La reuni&oacute;n fue inaugurada por D. Pedro Ramos, director general de Relaciones Institucionales y Participaci&oacute;n Ciudadana del Gobierno de Canarias y cont&oacute; con la participaci&oacute;n de D. Andr&eacute;s de Souza, secretario del Protectorado de Fundaciones Canarias quien pronunci&oacute; una conferencia bajo el t&iacute;tulo: <em>El inter&eacute;s general en la acci&oacute;n social y cultural desarrollada por las fundaciones canarias y su evoluci&oacute;n<\/em>.<\/p>\n<p style='text-align: justify'>&nbsp;<\/p>\n","protected":false},"excerpt":{"rendered":"<p>El pasado d\u00eda 24 de noviembre se celebr\u00f3 una nueva reuni\u00f3n del Consejo Auton\u00f3mico de Fundaciones de Canarias, acogidos por la Fundaci\u00f3n Canaria Empresa Universidad de la Laguna.<\/p>\n","protected":false},"author":36,"featured_media":9380,"comment_status":"closed","ping_status":"open","sticky":false,"template":"","format":"standard","meta":{"footnotes":""},"categories":[6],"tags":[173],"featured_image_thumbnail_url":"https:\/\/fg.ull.es\/hemeroteca\/wp-content\/uploads\/sites\/14\/2015\/04\/466_gh_dsc_0744-300x201.jpg","_links":{"self":[{"href":"https:\/\/fg.ull.es\/hemeroteca\/wp-json\/wp\/v2\/posts\/9381"}],"collection":[{"href":"https:\/\/fg.ull.es\/hemeroteca\/wp-json\/wp\/v2\/posts"}],"about":[{"href":"https:\/\/fg.ull.es\/hemeroteca\/wp-json\/wp\/v2\/types\/post"}],"author":[{"embeddable":true,"href":"https:\/\/fg.ull.es\/hemeroteca\/wp-json\/wp\/v2\/users\/36"}],"replies":[{"embeddable":true,"href":"https:\/\/fg.ull.es\/hemeroteca\/wp-json\/wp\/v2\/comments?post=9381"}],"version-history":[{"count":0,"href":"https:\/\/fg.ull.es\/hemeroteca\/wp-json\/wp\/v2\/posts\/9381\/revisions"}],"wp:featuredmedia":[{"embeddable":true,"href":"https:\/\/fg.ull.es\/hemeroteca\/wp-json\/wp\/v2\/media\/9380"}],"wp:attachment":[{"href":"https:\/\/fg.ull.es\/hemeroteca\/wp-json\/wp\/v2\/media?parent=9381"}],"wp:term":[{"taxonomy":"category","embeddable":true,"href":"https:\/\/fg.ull.es\/hemeroteca\/wp-json\/wp\/v2\/categories?post=9381"},{"taxonomy":"post_tag","embeddable":true,"href":"https:\/\/fg.ull.es\/hemeroteca\/wp-json\/wp\/v2\/tags?post=9381"}],"curies":[{"name":"wp","href":"https:\/\/api.w.org\/{rel}","templated":true}]}}