{"id":9360,"date":"2011-11-18T14:38:10","date_gmt":"2011-11-18T14:38:10","guid":{"rendered":"http:\/\/www.fg.ull.es\/?p=9360"},"modified":"2011-11-18T14:38:10","modified_gmt":"2011-11-18T14:38:10","slug":"especializacion-de-postgrado-en-competencias-profesionales-formacion-y-empleo","status":"publish","type":"post","link":"https:\/\/fg.ull.es\/hemeroteca\/2011\/11\/18\/especializacion-de-postgrado-en-competencias-profesionales-formacion-y-empleo\/","title":{"rendered":"Especializaci\u00f3n de Postgrado en Competencias Profesionales, Formaci\u00f3n y Empleo"},"content":{"rendered":"<p>Se trata de un conjunto de T\u00edtulos Propios que aportan una visi\u00f3n completa y exhaustiva de los conceptos te\u00f3ricos y metodol\u00f3gicos relacionados con la Formaci\u00f3n, el Empleo y el reconocimiento, evaluaci\u00f3n y acreditaci\u00f3n de Competencias Profesionales.<\/p>\n<p style='text-align: justify'>Con los T&iacute;tulos Propios: <em>M&aacute;ster Universitario en Gesti&oacute;n Competencial, Formaci&oacute;n y Empleo <\/em>(90ECTS)<em>; Experto Universitario en Gesti&oacute;n de la Formaci&oacute;n y Orientaci&oacute;n para el Empleo <\/em>(45ECTS)<em>; Experto Universitario en Gesti&oacute;n para el Desarrollo Personal y Profesional <\/em>(45ECTS)<em>; Especialista Universitario en Gestor\/a de Formaci&oacute;n, Dinamizador\/a de la Formaci&oacute;n y Metodolog&iacute;a para la Ense&ntilde;anza-Aprendizaje <\/em>(17ECTS)<em>; Especialista Universitario en Orientador\/a para el Empleo, Tutor\/a de Pr&aacute;cticas y Formador\/a en Competencias <\/em>(19ECTS)<em>; Especialista Universitario en Reconocimiento, Evaluaci&oacute;n y Acreditaci&oacute;n de Competencias y Gesti&oacute;n del Cambio <\/em>(21ECTS)<em>; y, Especialista Universitario en Gesti&oacute;n de la Innovaci&oacute;n <\/em>(15ECTS), se persigue desarrollar las Competencias profesionales y personales aplicables al &aacute;mbito de la Formaci&oacute;n y el Empleo, que ayuden a potenciar una visi&oacute;n constructiva del conocimiento y del buen hacer en dichos campos de aplicaci&oacute;n (Formaci&oacute;n y Empleo).<\/p>\n<p style='text-align: justify'>La <a href='http:\/\/www.ull.es\/'>Universidad de La Laguna<\/a> ofrece siete <strong>nuevos<\/strong> <strong>T&iacute;tulos Propios<\/strong> gestionados por su Fundaci&oacute;n Empresa. &nbsp;Se trata de una formaci&oacute;n <strong>especializada, modular y profesionalizadora<\/strong>. Su modalidad, semipresencial y dirigida acad&eacute;micamente por D. Luis Garc&iacute;a Garc&iacute;a, Catedr&aacute;tico de Psicolog&iacute;a Evolutiva y de la Educaci&oacute;n de la Universidad de La Laguna.<\/p>\n<p style='text-align: justify'>La <strong>pre-inscripci&oacute;n<\/strong> estar&aacute; disponible en el <a href='https:\/\/servicios.feu.ull.es\/Portal\/'>Portal Servicios<\/a> de la FEULL<strong> hasta el 23 de diciembre.<\/strong> Est&aacute; dirigido a profesionales del sector de la formaci&oacute;n y el empleo, que quieran potenciar sus habilidades y conocimientos en estos &aacute;mbitos de una forma <strong>flexible<\/strong> ya que al tratarse de una formaci&oacute;n <strong>modular<\/strong>, la persona interesada puede elegir su propio itinerario formativo, de acuerdo a los siguientes T&iacute;tulos Propios ofertados:<\/p>\n<ul style='text-align: justify'>\n<li><em><a href='..\/..\/public\/docs\/414_9a_especialista_universitario_orientador_para_el_empleo.pdf' target='_blank' rel=\"noopener noreferrer\">Especialista Universitario en Orientador\/a para el Empleo, Tutor\/a de Pr&aacute;cticas y Formador\/a en Competencias.<\/a><\/em><\/li>\n<li><em><a href='..\/..\/public\/docs\/415_w3_especialista_universitario_gestor_de_la_formacion.pdf' target='_blank' rel=\"noopener noreferrer\">Especialista Universitario en Gestor\/a de Formaci&oacute;n, Dinamizador\/a de la Formaci&oacute;n y Metodolog&iacute;a para la Ense&ntilde;anza-Aprendizaje.<\/a><\/em><\/li>\n<li><em>Especialista Universitario en Reconocimiento, Evaluaci&oacute;n y Acreditaci&oacute;n de Competencias y Gesti&oacute;n del Cambio.<\/em><\/li>\n<li><em>Especialista Universitario en Gesti&oacute;n de la Innovaci&oacute;n.<\/em><\/li>\n<li><em><a href='..\/..\/public\/docs\/413_yz_experto_universitario_en_gestion_de_la_formacion_y_orientacion_para_el_empleo.pdf' target='_blank' rel=\"noopener noreferrer\">Experto Universitario en Gesti&oacute;n de la Formaci&oacute;n y Orientaci&oacute;n para el Empleo<\/a>.<\/em><\/li>\n<li><em>Experto Universitario en Gesti&oacute;n para el Desarrollo Personal y Profesional.<\/em><\/li>\n<li><em><a href='..\/..\/public\/docs\/412_pg_master_universitario_en_gestion_competencial_formacion_y_empleo.pdf' target='_blank' rel=\"noopener noreferrer\">M&aacute;ster Universitario en Gesti&oacute;n Competencial, Formaci&oacute;n y Empleo<\/a>.<\/em><\/li>\n<\/ul>\n<p style='text-align: justify'>Con la oferta formativa presentada se persigue romper con la visi&oacute;n tradicional de la formaci&oacute;n basada &uacute;nica y exclusivamente en el aporte y adquisici&oacute;n de conocimientos en diferentes &aacute;mbitos de la formaci&oacute;n para pasar e insistir en una Formaci&oacute;n basada en la adquisici&oacute;n y desarrollo de Competencias Profesionales, que puedan ser aplicables y generalizables, tanto al &aacute;mbito profesional, como personal.<\/p>\n<p style='text-align: justify'>Se pretende aportar, a trav&eacute;s del recorrido de los contenidos que conforman cada uno de los T&iacute;tulos Propios, una visi&oacute;n te&oacute;rica-pr&aacute;ctica de los principales aspectos que son necesarios para el adecuado desempe&ntilde;o profesional en el campo de la Formaci&oacute;n y el Empleo. Con ello, se persigue que el alumnado no s&oacute;lo adquiera conocimientos que le permitan <em>saber<\/em> sino y, especialmente, <em>saber hacer<\/em>. &nbsp;<\/p>\n<p>&nbsp;<\/p>\n","protected":false},"excerpt":{"rendered":"<p>Se trata de un conjunto de T\u00edtulos Propios que aportan una visi\u00f3n completa y exhaustiva de los conceptos te\u00f3ricos y metodol\u00f3gicos relacionados con la Formaci\u00f3n, el Empleo y el reconocimiento, evaluaci\u00f3n y acreditaci\u00f3n de Competencias Profesionales.<\/p>\n","protected":false},"author":36,"featured_media":9359,"comment_status":"closed","ping_status":"open","sticky":false,"template":"","format":"standard","meta":{"footnotes":""},"categories":[5],"tags":[173],"featured_image_thumbnail_url":"https:\/\/fg.ull.es\/hemeroteca\/wp-content\/uploads\/sites\/14\/2015\/04\/491_px_marter-213x300.jpg","_links":{"self":[{"href":"https:\/\/fg.ull.es\/hemeroteca\/wp-json\/wp\/v2\/posts\/9360"}],"collection":[{"href":"https:\/\/fg.ull.es\/hemeroteca\/wp-json\/wp\/v2\/posts"}],"about":[{"href":"https:\/\/fg.ull.es\/hemeroteca\/wp-json\/wp\/v2\/types\/post"}],"author":[{"embeddable":true,"href":"https:\/\/fg.ull.es\/hemeroteca\/wp-json\/wp\/v2\/users\/36"}],"replies":[{"embeddable":true,"href":"https:\/\/fg.ull.es\/hemeroteca\/wp-json\/wp\/v2\/comments?post=9360"}],"version-history":[{"count":0,"href":"https:\/\/fg.ull.es\/hemeroteca\/wp-json\/wp\/v2\/posts\/9360\/revisions"}],"wp:featuredmedia":[{"embeddable":true,"href":"https:\/\/fg.ull.es\/hemeroteca\/wp-json\/wp\/v2\/media\/9359"}],"wp:attachment":[{"href":"https:\/\/fg.ull.es\/hemeroteca\/wp-json\/wp\/v2\/media?parent=9360"}],"wp:term":[{"taxonomy":"category","embeddable":true,"href":"https:\/\/fg.ull.es\/hemeroteca\/wp-json\/wp\/v2\/categories?post=9360"},{"taxonomy":"post_tag","embeddable":true,"href":"https:\/\/fg.ull.es\/hemeroteca\/wp-json\/wp\/v2\/tags?post=9360"}],"curies":[{"name":"wp","href":"https:\/\/api.w.org\/{rel}","templated":true}]}}