{"id":9330,"date":"2011-11-10T17:04:43","date_gmt":"2011-11-10T17:04:43","guid":{"rendered":"http:\/\/www.fg.ull.es\/?p=9330"},"modified":"2011-11-10T17:04:43","modified_gmt":"2011-11-10T17:04:43","slug":"semanas-de-la-ciencia-y-la-innovacion-concurso-escolar-de-fotografia-digital-la-ciencia-en-la-vida-cotidiana","status":"publish","type":"post","link":"https:\/\/fg.ull.es\/hemeroteca\/2011\/11\/10\/semanas-de-la-ciencia-y-la-innovacion-concurso-escolar-de-fotografia-digital-la-ciencia-en-la-vida-cotidiana\/","title":{"rendered":"Semanas de la Ciencia y la Innovaci\u00f3n: concurso escolar de fotograf\u00eda digital &#039;La Ciencia en la Vida Cotidiana&#039;"},"content":{"rendered":"<p>Se trata de una iniciativa orientada a extender entre ni\u00f1os, ni\u00f1as y adolescentes el inter\u00e9s por la cultura cient\u00edfica y el desarrollo del esp\u00edritu cr\u00edtico. Podr\u00e1 participar cualquier centro de ESO, Bachillerato y Formaci\u00f3n Profesional<\/p>\n<p style='text-align: justify'>Enmarcado en las <a href='http:\/\/www.cienciacanaria.es\/'>Semanas de la Ciencia y la Innovaci&oacute;n de Canarias<\/a>, promovidas por la <a href='http:\/\/www.gobiernodecanarias.org\/aciisi\/'>ACISSI <\/a>y con la colaboraci&oacute;n de otras entidades, se presenta el concurso escolar de fotograf&iacute;a digital <em>La ciencia en la vida cotidiana. <\/em>Con este certamen se intentar&aacute; implicar a ni&ntilde;os, ni&ntilde;as y adolescentes en la b&uacute;squeda de im&aacute;genes que representen la presencia de la ciencia en la vida diaria. A trav&eacute;s de esta acci&oacute;n se pretende sensibilizar desde la infancia y la juventud de la relevancia del conocimiento cient&iacute;fico, al tiempo que se fomentan sus capacidades de observaci&oacute;n, creatividad, an&aacute;lisis, razonamiento, comunicaci&oacute;n y abstracci&oacute;n con el fin de que piensen y elaboren un pensamiento de manera aut&oacute;noma.<\/p>\n<p style='text-align: justify'>En el concurso podr&aacute;n participar <strong>todos los centros de&nbsp; Educaci&oacute;n Secundaria Obligatoria, Bachillerato y Formaci&oacute;n Profesional<\/strong> (p&uacute;blico, privado o concertado) de Canarias, actuando los protagonistas de forma individual o grupal (m&aacute;ximo cuatro estudiantes) y siempre con la coordinaci&oacute;n de un\/a profesor\/a.<\/p>\n<p style='text-align: justify'>Las fotograf&iacute;as&nbsp;deber&aacute;n ser originales e in&eacute;ditas y no deber&aacute;n haber sido presentadas ni premiadas en ning&uacute;n otro concurso anterior. Han de presentarse con un tama&ntilde;o m&iacute;nimo de 1.800 x 1.800 p&iacute;xel no pudiendo superar los 5MB de capacidad.&nbsp;<\/p>\n<p style='text-align: justify'>El plazo de presentaci&oacute;n de las fotograf&iacute;as comenzar&aacute; el 09 de noviembre de 2011 y finalizar&aacute; el 30 de dicho mes, y se remitir&aacute;n a partir de la p&aacute;gina web de la Semana de la Ciencia: <a href='http:\/\/www.cienciacanarias.es\/'>www.cienciacanaria.es<\/a>.<\/p>\n<p style='text-align: justify'>Pueden consultar las bases completas de este concurso haciendo click<a href='http:\/\/www.cienciacanaria.es\/index.php?option=com_content&amp;view=article&amp;id=52&amp;Itemid=65'> aqu&iacute;<\/a>.<\/p>\n<p style='text-align: justify'>&nbsp;<\/p>\n","protected":false},"excerpt":{"rendered":"<p>Se trata de una iniciativa orientada a extender entre ni\u00f1os, ni\u00f1as y adolescentes el inter\u00e9s por la cultura cient\u00edfica y el desarrollo del esp\u00edritu cr\u00edtico. Podr\u00e1 participar cualquier centro de ESO, Bachillerato y Formaci\u00f3n Profesional<\/p>\n","protected":false},"author":36,"featured_media":9329,"comment_status":"closed","ping_status":"open","sticky":false,"template":"","format":"standard","meta":{"footnotes":""},"categories":[8],"tags":[173],"featured_image_thumbnail_url":"https:\/\/fg.ull.es\/hemeroteca\/wp-content\/uploads\/sites\/14\/2015\/04\/437_yp_437_sv_banner_web_ciencia_canaria_05.jpg","_links":{"self":[{"href":"https:\/\/fg.ull.es\/hemeroteca\/wp-json\/wp\/v2\/posts\/9330"}],"collection":[{"href":"https:\/\/fg.ull.es\/hemeroteca\/wp-json\/wp\/v2\/posts"}],"about":[{"href":"https:\/\/fg.ull.es\/hemeroteca\/wp-json\/wp\/v2\/types\/post"}],"author":[{"embeddable":true,"href":"https:\/\/fg.ull.es\/hemeroteca\/wp-json\/wp\/v2\/users\/36"}],"replies":[{"embeddable":true,"href":"https:\/\/fg.ull.es\/hemeroteca\/wp-json\/wp\/v2\/comments?post=9330"}],"version-history":[{"count":0,"href":"https:\/\/fg.ull.es\/hemeroteca\/wp-json\/wp\/v2\/posts\/9330\/revisions"}],"wp:featuredmedia":[{"embeddable":true,"href":"https:\/\/fg.ull.es\/hemeroteca\/wp-json\/wp\/v2\/media\/9329"}],"wp:attachment":[{"href":"https:\/\/fg.ull.es\/hemeroteca\/wp-json\/wp\/v2\/media?parent=9330"}],"wp:term":[{"taxonomy":"category","embeddable":true,"href":"https:\/\/fg.ull.es\/hemeroteca\/wp-json\/wp\/v2\/categories?post=9330"},{"taxonomy":"post_tag","embeddable":true,"href":"https:\/\/fg.ull.es\/hemeroteca\/wp-json\/wp\/v2\/tags?post=9330"}],"curies":[{"name":"wp","href":"https:\/\/api.w.org\/{rel}","templated":true}]}}