{"id":9315,"date":"2011-11-09T14:59:33","date_gmt":"2011-11-09T14:59:33","guid":{"rendered":"http:\/\/www.fg.ull.es\/?p=9315"},"modified":"2011-11-09T14:59:33","modified_gmt":"2011-11-09T14:59:33","slug":"abierta-la-participacion-en-la-9a-edicion-de-las-capsulas-de-generacion-de-ideas-empresariales","status":"publish","type":"post","link":"https:\/\/fg.ull.es\/hemeroteca\/2011\/11\/09\/abierta-la-participacion-en-la-9a-edicion-de-las-capsulas-de-generacion-de-ideas-empresariales\/","title":{"rendered":"Abierta la participaci\u00f3n en la 9\u00aa edici\u00f3n de las C\u00e1psulas de Generaci\u00f3n de Ideas Empresariales"},"content":{"rendered":"<p>Hoy  todas las personas interesadas podr\u00e1n asistir gratuitamente a esta acci\u00f3n formativa para entender el mundo de la creaci\u00f3n de empresas. La cita ser\u00e1 a las 9.45 horas en la Facultad de Econ\u00f3micas de la Universidad de La Laguna.<\/p>\n<p class='MsoNormal' style='text-align: justify'>Hoy 9 de noviembre, a partir de las 9.45 horas todas las personas interesadas en conocer el proceso de creaci&oacute;n de una empresa, podr&aacute;n participar en esta iniciativa propuesta por <a href='http:\/\/emprendeull.ning.com\/'>Emprende.ull.<\/a><!--[if gte mso 9]&gt;    &lt;![endif]--><!--[if gte mso 9]&gt;  Normal 0   21   false false false  ES X-NONE X-NONE                         &lt;![endif]--><!--[if gte mso 9]&gt;-->                                                                                                                                            <!--[if gte mso 10]&gt; &lt;!   \/* Style Definitions *\/  table.MsoNormalTable \t{mso-style-name:&#039;Tabla normal&#039;; \tmso-tstyle-rowband-size:0; \tmso-tstyle-colband-size:0; \tmso-style-noshow:yes; \tmso-style-priority:99; \tmso-style-parent:&#039;&#039;; \tmso-padding-alt:0cm 5.4pt 0cm 5.4pt; \tmso-para-margin-top:0cm; \tmso-para-margin-right:0cm; \tmso-para-margin-bottom:10.0pt; \tmso-para-margin-left:0cm; \tline-height:115%; \tmso-pagination:widow-orphan; \tfont-size:11.0pt; \tfont-family:&#039;Calibri&#039;,&#039;sans-serif&#039;; \tmso-ascii-font-family:Calibri; \tmso-ascii-theme-font:minor-latin; \tmso-hansi-font-family:Calibri; \tmso-hansi-theme-font:minor-latin; \tmso-bidi-font-family:&#039;Times New Roman&#039;; \tmso-bidi-theme-font:minor-bidi; \tmso-fareast-language:EN-US;} --> <!--[endif] --> La actividad se desarrollar&aacute; en el Edificio de Econ&oacute;micas y Empresariales de la <a href='http:\/\/www.ull.es\/'>Universidad de La Laguna<\/a>.<\/p>\n<p style='text-align: justify'>Esta acci&oacute;n est&aacute; dirigida a personas atra&iacute;das por la posibilidad de<strong> poner en marcha una actividad empresarial<\/strong> pero que, o bien carecen de idea de empresa, o bien desean madurar y  contrastar la que tienen. Tiene como <strong>objetivo<\/strong> desarrollar unas <strong>pautas de observaci&oacute;n<\/strong> que permitan a todos aquellos potenciales emprendedores\/as detectar, contrastar y conceptualizar ideas de negocio. La metodolog&iacute;a que se emplea es esencialmente <strong>participativa y din&aacute;mica.<\/strong><\/p>\n<p>Ayer se desarroll&oacute; la <a href='gestor_imatges.php?id_vincle=357&amp;tipus_relacio=t_noticies'>octava edici&oacute;n<\/a> de estas C&aacute;psulas, con un resultado muy motivador para todas las personas que asistieron.<\/p>\n<p>&nbsp;<\/p>\n<div id='_mcePaste' style='width: 1px;height: 1px;overflow: hidden'><!--[if gte mso 9]&gt;  800x600  &lt;![endif]--><!--[if gte mso 9]&gt;  Normal 0   21   false false false  ES X-NONE X-NONE                         &lt;![endif]--><!--[if gte mso 9]&gt;-->                                                                                                                                            <!--[if !mso]&gt;<span class='mceItemObject' id=\"ieooui\"><\/span> &lt;!  st1:*{behavior:url(#ieooui) } --> <!--[endif] --><!--[if gte mso 10]&gt; &lt;!   \/* Style Definitions *\/  table.MsoNormalTable \t{mso-style-name:&#039;Tabla normal&#039;; \tmso-tstyle-rowband-size:0; \tmso-tstyle-colband-size:0; \tmso-style-noshow:yes; \tmso-style-priority:99; \tmso-style-parent:&#039;&#039;; \tmso-padding-alt:0cm 5.4pt 0cm 5.4pt; \tmso-para-margin:0cm; \tmso-para-margin-bottom:.0001pt; \tmso-pagination:widow-orphan; \tfont-size:10.0pt; \tfont-family:&#039;Times New Roman&#039;,&#039;serif&#039;;} --> <!--[endif] --><\/p>\n<p class='MsoNormal' style='line-height:150%'><strong><span style='font-size:12.0pt;line-height:150%'>Edificio de Econ&oacute;micas y Empresariales<\/span><\/strong><\/p>\n<p class='MsoNormal' style='line-height:150%'><strong><span style='font-size:12.0pt;line-height:150%'>Universidad de La Laguna<\/span><\/strong><\/p>\n<\/div>\n<div style=\"max-width: 100%;max-height:100%\"><img src='http:\/\/www.fg.ull.es\/wp-content\/uploads\/2015\/04\/434_cz_capsulas.jpg'><\/div>\n","protected":false},"excerpt":{"rendered":"<p>Hoy  todas las personas interesadas podr\u00e1n asistir gratuitamente a esta acci\u00f3n formativa para entender el mundo de la creaci\u00f3n de empresas. La cita ser\u00e1 a las 9.45 horas en la Facultad de Econ\u00f3micas de la Universidad de La Laguna.<\/p>\n","protected":false},"author":36,"featured_media":9313,"comment_status":"closed","ping_status":"open","sticky":false,"template":"","format":"standard","meta":{"footnotes":""},"categories":[8],"tags":[173,533,541],"featured_image_thumbnail_url":"https:\/\/fg.ull.es\/hemeroteca\/wp-content\/uploads\/sites\/14\/2015\/04\/433_ti_cap_lie-300x137.png","_links":{"self":[{"href":"https:\/\/fg.ull.es\/hemeroteca\/wp-json\/wp\/v2\/posts\/9315"}],"collection":[{"href":"https:\/\/fg.ull.es\/hemeroteca\/wp-json\/wp\/v2\/posts"}],"about":[{"href":"https:\/\/fg.ull.es\/hemeroteca\/wp-json\/wp\/v2\/types\/post"}],"author":[{"embeddable":true,"href":"https:\/\/fg.ull.es\/hemeroteca\/wp-json\/wp\/v2\/users\/36"}],"replies":[{"embeddable":true,"href":"https:\/\/fg.ull.es\/hemeroteca\/wp-json\/wp\/v2\/comments?post=9315"}],"version-history":[{"count":0,"href":"https:\/\/fg.ull.es\/hemeroteca\/wp-json\/wp\/v2\/posts\/9315\/revisions"}],"wp:featuredmedia":[{"embeddable":true,"href":"https:\/\/fg.ull.es\/hemeroteca\/wp-json\/wp\/v2\/media\/9313"}],"wp:attachment":[{"href":"https:\/\/fg.ull.es\/hemeroteca\/wp-json\/wp\/v2\/media?parent=9315"}],"wp:term":[{"taxonomy":"category","embeddable":true,"href":"https:\/\/fg.ull.es\/hemeroteca\/wp-json\/wp\/v2\/categories?post=9315"},{"taxonomy":"post_tag","embeddable":true,"href":"https:\/\/fg.ull.es\/hemeroteca\/wp-json\/wp\/v2\/tags?post=9315"}],"curies":[{"name":"wp","href":"https:\/\/api.w.org\/{rel}","templated":true}]}}