{"id":9311,"date":"2011-11-09T09:51:16","date_gmt":"2011-11-09T09:51:16","guid":{"rendered":"http:\/\/www.fg.ull.es\/?p=9311"},"modified":"2011-11-09T09:51:16","modified_gmt":"2011-11-09T09:51:16","slug":"los-rectores-canarios-preocupados-por-los-recortes-a-las-universidades-anunciados-en-el-presupuesto-regional","status":"publish","type":"post","link":"https:\/\/fg.ull.es\/hemeroteca\/2011\/11\/09\/los-rectores-canarios-preocupados-por-los-recortes-a-las-universidades-anunciados-en-el-presupuesto-regional\/","title":{"rendered":"Los rectores canarios, preocupados por los recortes a las universidades anunciados en el presupuesto regional"},"content":{"rendered":"<p>Los rectores de las universidades p\u00fablicas canarias, Eduardo Dom\u00e9nech por la ULL, y Jos\u00e9 Regidor de la ULPG, ofrecieron ayer, martes 8 de noviembre de 2011, una rueda de prensa conjunta a trav\u00e9s de videoconferencia desde los dos rectorados.<\/p>\n<p style='text-align: justify'>El motivo que ha propiciado esta comparecencia es  manifestar el malestar y preocupaci&oacute;n que ha producido el anuncio de  recortes presupuestarios en el &aacute;rea de Educaci&oacute;n contemplados en el  actual proyecto de Ley de Presupuestos de la Comunidad Aut&oacute;noma Canaria.<\/p>\n<p style='text-align: justify'>Los rectores sostuvieron que aunque estos recortes ya hab&iacute;an sido  anunciados y, por tanto, esperados, la reducci&oacute;n presupuestaria  finalmente planteada es m&aacute;s dr&aacute;stica de lo deseable y que, de aplicarse,  supondr&aacute; una considerable merma en el servicio p&uacute;blico que ofrecen las  universidades, tanto en el &aacute;mbito educativo como cient&iacute;fico, el cual,  como manifestaron los representantes universitarios, <em>es esencial no  s&oacute;lo para el actual bienestar de nuestra sociedad, sino para su  desarrollo futuro<\/em>.<\/p>\n<p style='text-align: justify'>Los rectores consideran que el proyecto de texto legal hace un  tratamiento superficial de la situaci&oacute;n de incumplimiento por parte del  gobierno del actual Contrato-Programa. Desde el ejecutivo regional se  habla de <em>revisar la situaci&oacute;n actual del Contrato Programa para  impulsar su desarrollo en el actual marco social y econ&oacute;mico, <\/em>pero del  texto final se puede interpretar que realmente se est&aacute; planteando la  suspensi&oacute;n de este instrumento de financiaci&oacute;n para incumplir los  compromisos econ&oacute;micos con las universidades, dejando de reconocer la  deuda contra&iacute;da en 2010, 2011 y 2012.<\/p>\n<p style='text-align: justify'>Por tanto, los rectores han solicitado que el actual proyecto de ley de  presupuestos para el a&ntilde;o 2012 reconozca la deuda actual con las  universidades y haga expl&iacute;cito el compromiso de abono de las cantidades  adeudadas. De lo contrario, las universidades no podr&aacute;n hacer frente a  inversiones en infraestructuras ya iniciadas ni ampliar y mejorar el  cat&aacute;logo de titulaciones y adecuar sus plantillas de trabajo a las  necesidades que requieren los nuevos retos educativos y cient&iacute;ficos  surgidos a ra&iacute;z del Espacio Europeo de Educaci&oacute;n Superior.<\/p>\n<p style='text-align: justify'>El rector de la ULL se&ntilde;al&oacute; que si sus alegaciones no fueran tenidas en  cuenta, los centros canarios podr&iacute;an llegar a plantear ante los  tribunales de justicia una demanda al Gobierno de Canarias por haber  incumplido lo dispuesto en el Contrato-Programa, tal y como ya ha hecho  en su comunidad aut&oacute;noma la Universidad Complutense de Madrid, y ya se  est&aacute;n planteando la de Cantabria y otras universidades. <em>Pero no nos  gustar&iacute;a llegar a ese extremo<\/em>, se&ntilde;al&oacute;.<\/p>\n<p style='text-align: justify'>Otro asunto que preocupa a las universidades es la situaci&oacute;n del <a href='http:\/\/www.ceicanarias.com\/'>CEI  Canarias: Campus Atl&aacute;ntico Tricontinental<\/a>. Los rectores manifestaron su <em>decepci&oacute;n <\/em>porque el ejecutivo tambi&eacute;n ha incumplido aqu&iacute; compromisos  econ&oacute;micos adquiridos <em>p&uacute;blicamente y con alto impacto medi&aacute;tico<\/em>,  aprovechando el pretexto de la crisis econ&oacute;mica.<\/p>\n<p style='text-align: justify'>Los rectores recuerdan que las ayudas que el Ministerio de Educaci&oacute;n  concede a los centros seleccionados como Campus de Excelencia son  pr&eacute;stamos, pero el gobierno auton&oacute;mico prometi&oacute;, en el primer protocolo  firmado con las dos universidades canarias para este proyecto, facilitar  los fondos necesarios para hacer frente a esa deuda. Sin embargo,  recientemente el ejecutivo regional ha variado estas condiciones y ahora  deben ser las universidades con sus propios presupuestos las que corran  a cargo de la financiaci&oacute;n de este proyecto estrat&eacute;gico para Canarias.<\/p>\n<p>Adem&aacute;s, en la &uacute;ltima convocatoria 2011 del Ministerio para el  fortalecimiento de los proyectos CEI, la cantidad conseguida (4 millones  ?) tambi&eacute;n tendr&aacute; car&aacute;cter de pr&eacute;stamo con un alto tipo de inter&eacute;s, por  lo que a la larga, la concesi&oacute;n de la menci&oacute;n como Campus de Excelencia  podr&iacute;a pasar de ser una oportunidad de desarrollo a convertirse en una  amenaza desde el punto de vista econ&oacute;mico. Por tanto, las universidades  solicitan que el gobierno asuma la devoluci&oacute;n de las cantidades  concedidas.<\/p>\n<p style='text-align: justify'>Como conclusi&oacute;n, los rectores reafirmaron que las universidades  p&uacute;blicas canarias son plenamente conscientes de la terrible situaci&oacute;n  econ&oacute;mica actual, y creen ?honestamente? que la est&aacute;n afrontando con  realismo y gran esp&iacute;ritu de sacrificio. ?Ya hemos realizado muchos  recortes, ajustes y optimizaciones de recursos para asegurar nuestro  correcto funcionamiento. Pero esa clase de medias tienen un l&iacute;mite y por  s&iacute; solas son in&uacute;tiles sin una dotaci&oacute;n presupuestaria suficiente.?<\/p>\n<p style='text-align: justify'>Por ello, los rectores han querido, a trav&eacute;s de esta comparecencia,  recordar al ejecutivo regional y a los miembros del parlamento  auton&oacute;mico que deber&aacute;n refrendar este proyecto de presupuestos, que est&aacute;  en peligro tanto de la formaci&oacute;n de los futuros profesionales que  conformar&aacute;n el tejido productivo y cient&iacute;fico futuro, como la generaci&oacute;n  de conocimientos e innovaciones que hacer a Canarias una regi&oacute;n. <em>Por  ello apelamos a su sentido de la responsabilidad para que tengan en  consideraci&oacute;n nuestras alegaciones y las tengan en cuenta de cara a la  tramitaci&oacute;n de esta ley y a reconsiderar su postura financiera respecto  al CEI Canarias, <\/em>concluyeron.<\/p>\n<p style='text-align: justify'><strong>*Nota cedida por el <a href='http:\/\/www.ull.es\/view\/institucional\/prensa\/Gabinete_de_prensa\/es'>Gabinete de Prensa de la ULL<\/a><\/strong><\/p>\n","protected":false},"excerpt":{"rendered":"<p>Los rectores de las universidades p\u00fablicas canarias, Eduardo Dom\u00e9nech por la ULL, y Jos\u00e9 Regidor de la ULPG, ofrecieron ayer, martes 8 de noviembre de 2011, una rueda de prensa conjunta a trav\u00e9s de videoconferencia desde los dos rectorados.<\/p>\n","protected":false},"author":36,"featured_media":9310,"comment_status":"closed","ping_status":"open","sticky":false,"template":"","format":"standard","meta":{"footnotes":""},"categories":[6],"tags":[173],"featured_image_thumbnail_url":"https:\/\/fg.ull.es\/hemeroteca\/wp-content\/uploads\/sites\/14\/2015\/04\/432_et_rueda_prensa_ullulpgc_01-300x200.jpg","_links":{"self":[{"href":"https:\/\/fg.ull.es\/hemeroteca\/wp-json\/wp\/v2\/posts\/9311"}],"collection":[{"href":"https:\/\/fg.ull.es\/hemeroteca\/wp-json\/wp\/v2\/posts"}],"about":[{"href":"https:\/\/fg.ull.es\/hemeroteca\/wp-json\/wp\/v2\/types\/post"}],"author":[{"embeddable":true,"href":"https:\/\/fg.ull.es\/hemeroteca\/wp-json\/wp\/v2\/users\/36"}],"replies":[{"embeddable":true,"href":"https:\/\/fg.ull.es\/hemeroteca\/wp-json\/wp\/v2\/comments?post=9311"}],"version-history":[{"count":0,"href":"https:\/\/fg.ull.es\/hemeroteca\/wp-json\/wp\/v2\/posts\/9311\/revisions"}],"wp:featuredmedia":[{"embeddable":true,"href":"https:\/\/fg.ull.es\/hemeroteca\/wp-json\/wp\/v2\/media\/9310"}],"wp:attachment":[{"href":"https:\/\/fg.ull.es\/hemeroteca\/wp-json\/wp\/v2\/media?parent=9311"}],"wp:term":[{"taxonomy":"category","embeddable":true,"href":"https:\/\/fg.ull.es\/hemeroteca\/wp-json\/wp\/v2\/categories?post=9311"},{"taxonomy":"post_tag","embeddable":true,"href":"https:\/\/fg.ull.es\/hemeroteca\/wp-json\/wp\/v2\/tags?post=9311"}],"curies":[{"name":"wp","href":"https:\/\/api.w.org\/{rel}","templated":true}]}}