{"id":9308,"date":"2011-11-08T13:10:50","date_gmt":"2011-11-08T13:10:50","guid":{"rendered":"http:\/\/www.fg.ull.es\/?p=9308"},"modified":"2011-11-08T13:10:50","modified_gmt":"2011-11-08T13:10:50","slug":"hoy-se-debatira-el-acceso-al-empleo-entre-la-comunidad-universitaria-en-la-jornada-empleo-y-universidad","status":"publish","type":"post","link":"https:\/\/fg.ull.es\/hemeroteca\/2011\/11\/08\/hoy-se-debatira-el-acceso-al-empleo-entre-la-comunidad-universitaria-en-la-jornada-empleo-y-universidad\/","title":{"rendered":"Hoy se debatir\u00e1 el acceso al empleo entre la comunidad universitaria en la jornada &#039;Empleo y Universidad&#039;"},"content":{"rendered":"<p>El encuentro, promovido por el colectivo estudiantil AMEC, tendr\u00e1 lugar en el Sal\u00f3n de Grado de la Facultad de Educaci\u00f3n a partir de las 19.30 horas. Luis Garc\u00eda, Director del \u00c1rea de Empleo de la FEULL, tomar\u00e1 parte en el debate.<\/p>\n<p style='text-align: justify'>La <a href='http:\/\/amec.wordpress.com\/'>Asamblea del Movimiento Estudiantil Canario (AMEC) <\/a>ha organizado el debate <a href='http:\/\/amec.wordpress.com\/empleo-y-universidad\/'>Empleo y Universidad<\/a> en el que se abordar&aacute; la problem&aacute;tica del desempleo entre las personas con titulaci&oacute;n universitaria en Canarias.<\/p>\n<p style='text-align: justify'>El objetivo del debate, seg&uacute;n el colectivo organizador, &nbsp;es realizar un an&aacute;lisis sobre las oportunidades laborales de los reci&eacute;n titulados, planteando los principales interrogantes y contradicciones que los estudiantes sufren tras el t&eacute;rmino de sus estudios.<\/p>\n<p style='text-align: justify'>El acto se celebrar&aacute; ma&ntilde;ana mi&eacute;rcoles 9 de noviembre en el Sal&oacute;n de Grado de la Facultad de Educaci&oacute;n, Universidad de La Laguna, Esquina C\/ Heraclio S&aacute;nchez con C\/ Dr. Zamenhoff (La Laguna).<\/p>\n<p style='text-align: justify'>La mesa estar&aacute; compuesta por Domingo M&eacute;ndez Rodr&iacute;guez, del<a href='http:\/\/www.eacanarias.org\/'> Sindicato Ense&ntilde;antes Asamblearios de Canarias (EA-Canarias)<\/a>; Jos&eacute; Tom&aacute;s Bethencourt, profesor titular de la<a href='http:\/\/www.ull.es\/'> ULL<\/a> en el &aacute;rea de Psicolog&iacute;a Evolutiva y de la Educaci&oacute;n; Luis Garc&iacute;a Garc&iacute;a, catedr&aacute;tico de Psicolog&iacute;a de la Educaci&oacute;n de la ULL y Director del &Aacute;rea de Empleo de la FEULL; y Tony Montesdeoca, periodista.<\/p>\n<p>&nbsp;<\/p>\n<p>&nbsp;<\/p>\n","protected":false},"excerpt":{"rendered":"<p>El encuentro, promovido por el colectivo estudiantil AMEC, tendr\u00e1 lugar en el Sal\u00f3n de Grado de la Facultad de Educaci\u00f3n a partir de las 19.30 horas. Luis Garc\u00eda, Director del \u00c1rea de Empleo de la FEULL, tomar\u00e1 parte en el debate.<\/p>\n","protected":false},"author":36,"featured_media":9307,"comment_status":"closed","ping_status":"open","sticky":false,"template":"","format":"standard","meta":{"footnotes":""},"categories":[3],"tags":[173,518,672],"featured_image_thumbnail_url":"https:\/\/fg.ull.es\/hemeroteca\/wp-content\/uploads\/sites\/14\/2015\/04\/430_rt_cartelempleabilidadpaweb1-212x300.jpg","_links":{"self":[{"href":"https:\/\/fg.ull.es\/hemeroteca\/wp-json\/wp\/v2\/posts\/9308"}],"collection":[{"href":"https:\/\/fg.ull.es\/hemeroteca\/wp-json\/wp\/v2\/posts"}],"about":[{"href":"https:\/\/fg.ull.es\/hemeroteca\/wp-json\/wp\/v2\/types\/post"}],"author":[{"embeddable":true,"href":"https:\/\/fg.ull.es\/hemeroteca\/wp-json\/wp\/v2\/users\/36"}],"replies":[{"embeddable":true,"href":"https:\/\/fg.ull.es\/hemeroteca\/wp-json\/wp\/v2\/comments?post=9308"}],"version-history":[{"count":0,"href":"https:\/\/fg.ull.es\/hemeroteca\/wp-json\/wp\/v2\/posts\/9308\/revisions"}],"wp:featuredmedia":[{"embeddable":true,"href":"https:\/\/fg.ull.es\/hemeroteca\/wp-json\/wp\/v2\/media\/9307"}],"wp:attachment":[{"href":"https:\/\/fg.ull.es\/hemeroteca\/wp-json\/wp\/v2\/media?parent=9308"}],"wp:term":[{"taxonomy":"category","embeddable":true,"href":"https:\/\/fg.ull.es\/hemeroteca\/wp-json\/wp\/v2\/categories?post=9308"},{"taxonomy":"post_tag","embeddable":true,"href":"https:\/\/fg.ull.es\/hemeroteca\/wp-json\/wp\/v2\/tags?post=9308"}],"curies":[{"name":"wp","href":"https:\/\/api.w.org\/{rel}","templated":true}]}}