{"id":9305,"date":"2011-11-07T14:23:00","date_gmt":"2011-11-07T14:23:00","guid":{"rendered":"http:\/\/www.fg.ull.es\/?p=9305"},"modified":"2011-11-07T14:23:00","modified_gmt":"2011-11-07T14:23:00","slug":"se-celebra-por-primera-vez-el-foro-matematica-industria-de-canarias","status":"publish","type":"post","link":"https:\/\/fg.ull.es\/hemeroteca\/2011\/11\/07\/se-celebra-por-primera-vez-el-foro-matematica-industria-de-canarias\/","title":{"rendered":"Se celebra por primera vez el Foro Matem\u00e1tica-Industria de Canarias"},"content":{"rendered":"<p>Se desarrollar\u00e1 el pr\u00f3ximo 18 de noviembre en el Campus Universitario de Tafira. Forma parte del proyecto  i-MATH que, junto con la Red Espa\u00f1ola Matem\u00e1tica-Industria (math-in.net), impulsa acciones que favorezcan el uso de las Matem\u00e1ticas en la empresa.<\/p>\n<p style='text-align: justify'>El pr&oacute;ximo viernes 18 de noviembre tendr&aacute; lugar el I Foro Matem&aacute;tica-Industria de Canarias. La cita tendr&aacute; lugar a partir de las 9.30 horas en el Sal&oacute;n de Actos del Edificio Central del Parque Cient&iacute;fico y Tecnol&oacute;gico (Campus Universitario de Tafira). Se trata de un encuentro de participaci&oacute;n abierta para el que simplemente hay que formalizar una solicitud de inscripci&oacute;n.<\/p>\n<p style='text-align: justify'>Este Foro est&aacute; organizado por la <a href='http:\/\/mathematica.nodo.cesga.es\/'>Red Espa&ntilde;ola Matem&aacute;tica-Industria<\/a> (math-in.net), Proyecto i-MATH y&nbsp; los grupos de investigaci&oacute;n:<\/p>\n<ul>\n<li>Divisi&oacute;n de Discretizaci&oacute;n y Aplicaciones y Divisi&oacute;n de &Aacute;lgebra Num&eacute;rica Avanzada.&nbsp; (<a href='http:\/\/www.ulpgc.es\/'>Universidad de Las Palmas de Gran Canaria<\/a>).<\/li>\n<li>&nbsp;T&eacute;cnicas de Decisi&oacute;n&nbsp; en Econom&iacute;a y Empresa (<a href='http:\/\/www.ulpgc.es\/'>Universidad de Las Palmas de Gran Canaria<\/a>).<\/li>\n<li>&nbsp;Grupo de Optimizaci&oacute;n Matem&aacute;tica Aplicada.&nbsp; (<a href='http:\/\/www.ull.es\/'>Universidad de La Laguna<\/a>).<\/li>\n<\/ul>\n<p style='text-align: justify'>Las empresas invitadas plantear&aacute;n problemas que surgen en su &aacute;mbito y que son susceptibles de ser tratados mediante m&eacute;todos matem&aacute;ticos, estad&iacute;sticos y num&eacute;ricos: modelado, simulaci&oacute;n de procesos y dispositivos, ingenier&iacute;a asistida por ordenador (CAE), t&eacute;cnicas estad&iacute;sticas e&nbsp; investigaci&oacute;n operativa, etc.<\/p>\n<p>Pueden acceder a toda la informaci&oacute;n (programa, ponentes etc.) haciendo clic en el siguiente enlace: <a href='http:\/\/mathematica.nodo.cesga.es\/content\/view\/335\/40'>http:\/\/mathematica.nodo.cesga.es\/content\/view\/335\/40<\/a><\/p>\n","protected":false},"excerpt":{"rendered":"<p>Se desarrollar\u00e1 el pr\u00f3ximo 18 de noviembre en el Campus Universitario de Tafira. Forma parte del proyecto  i-MATH que, junto con la Red Espa\u00f1ola Matem\u00e1tica-Industria (math-in.net), impulsa acciones que favorezcan el uso de las Matem\u00e1ticas en la empresa.<\/p>\n","protected":false},"author":36,"featured_media":9304,"comment_status":"closed","ping_status":"open","sticky":false,"template":"","format":"standard","meta":{"footnotes":""},"categories":[5,8],"tags":[173],"featured_image_thumbnail_url":"https:\/\/fg.ull.es\/hemeroteca\/wp-content\/uploads\/sites\/14\/2015\/04\/427_p7_math-300x177.jpg","_links":{"self":[{"href":"https:\/\/fg.ull.es\/hemeroteca\/wp-json\/wp\/v2\/posts\/9305"}],"collection":[{"href":"https:\/\/fg.ull.es\/hemeroteca\/wp-json\/wp\/v2\/posts"}],"about":[{"href":"https:\/\/fg.ull.es\/hemeroteca\/wp-json\/wp\/v2\/types\/post"}],"author":[{"embeddable":true,"href":"https:\/\/fg.ull.es\/hemeroteca\/wp-json\/wp\/v2\/users\/36"}],"replies":[{"embeddable":true,"href":"https:\/\/fg.ull.es\/hemeroteca\/wp-json\/wp\/v2\/comments?post=9305"}],"version-history":[{"count":0,"href":"https:\/\/fg.ull.es\/hemeroteca\/wp-json\/wp\/v2\/posts\/9305\/revisions"}],"wp:featuredmedia":[{"embeddable":true,"href":"https:\/\/fg.ull.es\/hemeroteca\/wp-json\/wp\/v2\/media\/9304"}],"wp:attachment":[{"href":"https:\/\/fg.ull.es\/hemeroteca\/wp-json\/wp\/v2\/media?parent=9305"}],"wp:term":[{"taxonomy":"category","embeddable":true,"href":"https:\/\/fg.ull.es\/hemeroteca\/wp-json\/wp\/v2\/categories?post=9305"},{"taxonomy":"post_tag","embeddable":true,"href":"https:\/\/fg.ull.es\/hemeroteca\/wp-json\/wp\/v2\/tags?post=9305"}],"curies":[{"name":"wp","href":"https:\/\/api.w.org\/{rel}","templated":true}]}}