{"id":9299,"date":"2011-11-07T12:35:40","date_gmt":"2011-11-07T12:35:40","guid":{"rendered":"http:\/\/www.fg.ull.es\/?p=9299"},"modified":"2011-11-07T12:35:40","modified_gmt":"2011-11-07T12:35:40","slug":"ultimos-dias-de-matricula-para-los-cursos-de-ruso-del-servicio-de-idiomas-en-adeje","status":"publish","type":"post","link":"https:\/\/fg.ull.es\/hemeroteca\/2011\/11\/07\/ultimos-dias-de-matricula-para-los-cursos-de-ruso-del-servicio-de-idiomas-en-adeje\/","title":{"rendered":"\u00daltimos d\u00edas de matr\u00edcula para los cursos de Ruso del Servicio de Idiomas en Adeje"},"content":{"rendered":"<p>Los cursos, de nivel inicial, comenzar\u00e1n el pr\u00f3ximo 15 de noviembre en el Centro Cultural de Adeje con turnos de ma\u00f1ana y de tarde.<\/p>\n<p style='text-align: justify'>La FEULL (Fundaci&oacute;n Empresa Universidad de La Laguna), encargada de gestionar el Servicio de Idiomas de la Universidad de La Laguna, y el<a href='http:\/\/www.ayuntamientodeadeje.es\/siac\/default.aspx'> Ayto. de Adeje<\/a> abren la oferta formativa en lenguas extranjeras en el municipio sure&ntilde;o. Esta etapa se inicia con la <strong>ense&ntilde;anza de ruso<\/strong>, un idioma de importancia creciente en las islas, tanto por las nuevas alianzas empresariales con este pa&iacute;s como por la creciente oferta tur&iacute;stica focalizada en esta poblaci&oacute;n.<\/p>\n<p style='text-align: justify'>El curso est&aacute; adaptado al Marco europeo com&uacute;n de referencia para las lenguas, lo que supone una estandarizaci&oacute;n de los niveles de conocimiento en la Uni&oacute;n Europea.<\/p>\n<p style='text-align: justify'>Se impartir&aacute; en el Centro Cultural de Adeje con dos turnos a elegir: los martes y jueves por la ma&ntilde;ana (de 10 a 12.30 horas) y los martes y mi&eacute;rcoles en horario de tarde (16 a 18.30h).<\/p>\n<p style='text-align: justify'>Los estudiantes de la ULL y las personas residentes o trabajadoras del municipio de Adeje obtendr&aacute;n una bonificaci&oacute;n en la matr&iacute;cula.<\/p>\n<p><strong><a href='https:\/\/servicios.feu.ull.es\/Portal\/OfertaFormativa' target='_blank' rel=\"noopener noreferrer\">Matric&uacute;late<\/a><\/strong><\/p>\n","protected":false},"excerpt":{"rendered":"<p>Los cursos, de nivel inicial, comenzar\u00e1n el pr\u00f3ximo 15 de noviembre en el Centro Cultural de Adeje con turnos de ma\u00f1ana y de tarde.<\/p>\n","protected":false},"author":36,"featured_media":9298,"comment_status":"closed","ping_status":"open","sticky":false,"template":"","format":"standard","meta":{"footnotes":""},"categories":[5],"tags":[173,672,780],"featured_image_thumbnail_url":"https:\/\/fg.ull.es\/hemeroteca\/wp-content\/uploads\/sites\/14\/2015\/04\/426_4e_si_adeje.png","_links":{"self":[{"href":"https:\/\/fg.ull.es\/hemeroteca\/wp-json\/wp\/v2\/posts\/9299"}],"collection":[{"href":"https:\/\/fg.ull.es\/hemeroteca\/wp-json\/wp\/v2\/posts"}],"about":[{"href":"https:\/\/fg.ull.es\/hemeroteca\/wp-json\/wp\/v2\/types\/post"}],"author":[{"embeddable":true,"href":"https:\/\/fg.ull.es\/hemeroteca\/wp-json\/wp\/v2\/users\/36"}],"replies":[{"embeddable":true,"href":"https:\/\/fg.ull.es\/hemeroteca\/wp-json\/wp\/v2\/comments?post=9299"}],"version-history":[{"count":0,"href":"https:\/\/fg.ull.es\/hemeroteca\/wp-json\/wp\/v2\/posts\/9299\/revisions"}],"wp:featuredmedia":[{"embeddable":true,"href":"https:\/\/fg.ull.es\/hemeroteca\/wp-json\/wp\/v2\/media\/9298"}],"wp:attachment":[{"href":"https:\/\/fg.ull.es\/hemeroteca\/wp-json\/wp\/v2\/media?parent=9299"}],"wp:term":[{"taxonomy":"category","embeddable":true,"href":"https:\/\/fg.ull.es\/hemeroteca\/wp-json\/wp\/v2\/categories?post=9299"},{"taxonomy":"post_tag","embeddable":true,"href":"https:\/\/fg.ull.es\/hemeroteca\/wp-json\/wp\/v2\/tags?post=9299"}],"curies":[{"name":"wp","href":"https:\/\/api.w.org\/{rel}","templated":true}]}}