{"id":9296,"date":"2011-11-04T19:30:50","date_gmt":"2011-11-04T19:30:50","guid":{"rendered":"http:\/\/www.fg.ull.es\/?p=9296"},"modified":"2011-11-04T19:30:50","modified_gmt":"2011-11-04T19:30:50","slug":"practicas-laborales-en-la-union-europea-con-las-becas-universitas-prolingua-2011","status":"publish","type":"post","link":"https:\/\/fg.ull.es\/hemeroteca\/2011\/11\/04\/practicas-laborales-en-la-union-europea-con-las-becas-universitas-prolingua-2011\/","title":{"rendered":"Pr\u00e1cticas laborales en la Uni\u00f3n Europea con las becas Universitas Prolingua 2011"},"content":{"rendered":"<p>Se abre la pre-inscripci\u00f3n para el acceso a estas becas que consisten en una estancia de tres meses en un pa\u00eds de la UE desarrollando una experiencia profesional y que est\u00e1n dotadas con 800 euros mensuales.<\/p>\n<p style='text-align: justify'>Ya est&aacute; abierto el periodo de pre-inscripci&oacute;n para solicitar las becas Universitas Prolingua 2011. Las becas consisten en la realizaci&oacute;n de una formaci&oacute;n pr&aacute;ctica en una empresa dentro de la Uni&oacute;n Europea, durante tres meses y con una dotaci&oacute;n econ&oacute;mica de 800? mensuales. Adem&aacute;s, la beca costear&aacute; los gastos de desplazamiento y un seguro de accidentes.<\/p>\n<p style='text-align: justify'>Las personas interesadas en realizar la pre-inscripci&oacute;n deben validar su curriculum en elPortal Servicios de la FEULL e inscribirse <a href='https:\/\/servicios.feu.ull.es\/Portal\/ExpedienteOfertado.aspx?COD=A11030269' target=\"_blank\" rel=\"noopener\">aqu&iacute;.<\/a><\/p>\n<p>Si quieres consultar las bases completas de esta beca, haz clic <a href='..\/..\/public\/docs\/380_wg_bases_becas_prolingua_2011.pdf' target=\"_blank\" rel=\"noopener\">aqu&iacute;<\/a>.<\/p>\n<p>&nbsp;<\/p>\n","protected":false},"excerpt":{"rendered":"<p>Se abre la pre-inscripci\u00f3n para el acceso a estas becas que consisten en una estancia de tres meses en un pa\u00eds de la UE desarrollando una experiencia profesional y que est\u00e1n dotadas con 800 euros mensuales.<\/p>\n","protected":false},"author":36,"featured_media":9295,"comment_status":"closed","ping_status":"open","sticky":false,"template":"","format":"standard","meta":{"footnotes":""},"categories":[3],"tags":[173],"class_list":["post-9296","post","type-post","status-publish","format-standard","has-post-thumbnail","hentry","category-empleo","tag-archivados"],"yoast_head":"<!-- This site is optimized with the Yoast SEO plugin v28.2 - https:\/\/yoast.com\/product\/yoast-seo-wordpress\/ -->\n<title>Pr\u00e1cticas laborales en la Uni\u00f3n Europea con las becas Universitas Prolingua 2011 - Hist\u00f3rico de noticias de la Fundaci\u00f3n General<\/title>\n<meta name=\"robots\" content=\"index, follow, max-snippet:-1, max-image-preview:large, max-video-preview:-1\" \/>\n<link rel=\"canonical\" href=\"https:\/\/fg.ull.es\/hemeroteca\/2011\/11\/04\/practicas-laborales-en-la-union-europea-con-las-becas-universitas-prolingua-2011\/\" \/>\n<meta property=\"og:locale\" content=\"es_ES\" \/>\n<meta property=\"og:type\" content=\"article\" \/>\n<meta property=\"og:title\" content=\"Pr\u00e1cticas laborales en la Uni\u00f3n Europea con las becas Universitas Prolingua 2011 - Hist\u00f3rico de noticias de la Fundaci\u00f3n General\" \/>\n<meta property=\"og:description\" content=\"Se abre la pre-inscripci\u00f3n para el acceso a estas becas que consisten en una estancia de tres meses en un pa\u00eds de la UE desarrollando una experiencia profesional y que est\u00e1n dotadas con 800 euros mensuales.\" \/>\n<meta property=\"og:url\" content=\"https:\/\/fg.ull.es\/hemeroteca\/2011\/11\/04\/practicas-laborales-en-la-union-europea-con-las-becas-universitas-prolingua-2011\/\" \/>\n<meta property=\"og:site_name\" content=\"Hist\u00f3rico de noticias de la Fundaci\u00f3n General\" \/>\n<meta property=\"article:published_time\" content=\"2011-11-04T19:30:50+00:00\" \/>\n<meta property=\"og:image\" content=\"https:\/\/fg.ull.es\/hemeroteca\/wp-content\/uploads\/sites\/14\/2015\/04\/425_ej_empleocolor-scaled.jpg\" \/>\n\t<meta property=\"og:image:width\" content=\"2560\" \/>\n\t<meta property=\"og:image:height\" content=\"1810\" \/>\n\t<meta property=\"og:image:type\" content=\"image\/jpeg\" \/>\n<meta name=\"author\" content=\"fgull\" \/>\n<meta name=\"twitter:card\" content=\"summary_large_image\" \/>\n<meta name=\"twitter:label1\" content=\"Escrito por\" \/>\n\t<meta name=\"twitter:data1\" content=\"fgull\" \/>\n\t<meta name=\"twitter:label2\" content=\"Tiempo de lectura\" \/>\n\t<meta name=\"twitter:data2\" content=\"1 minuto\" \/>\n<script type=\"application\/ld+json\" class=\"yoast-schema-graph\">{\"@context\":\"https:\\\/\\\/schema.org\",\"@graph\":[{\"@type\":\"Article\",\"@id\":\"https:\\\/\\\/fg.ull.es\\\/hemeroteca\\\/2011\\\/11\\\/04\\\/practicas-laborales-en-la-union-europea-con-las-becas-universitas-prolingua-2011\\\/#article\",\"isPartOf\":{\"@id\":\"https:\\\/\\\/fg.ull.es\\\/hemeroteca\\\/2011\\\/11\\\/04\\\/practicas-laborales-en-la-union-europea-con-las-becas-universitas-prolingua-2011\\\/\"},\"author\":{\"name\":\"fgull\",\"@id\":\"https:\\\/\\\/fg.ull.es\\\/hemeroteca\\\/#\\\/schema\\\/person\\\/cf424320c3c543ecb9f15d3785219238\"},\"headline\":\"Pr\u00e1cticas laborales en la Uni\u00f3n Europea con las becas Universitas Prolingua 2011\",\"datePublished\":\"2011-11-04T19:30:50+00:00\",\"mainEntityOfPage\":{\"@id\":\"https:\\\/\\\/fg.ull.es\\\/hemeroteca\\\/2011\\\/11\\\/04\\\/practicas-laborales-en-la-union-europea-con-las-becas-universitas-prolingua-2011\\\/\"},\"wordCount\":160,\"image\":{\"@id\":\"https:\\\/\\\/fg.ull.es\\\/hemeroteca\\\/2011\\\/11\\\/04\\\/practicas-laborales-en-la-union-europea-con-las-becas-universitas-prolingua-2011\\\/#primaryimage\"},\"thumbnailUrl\":\"https:\\\/\\\/fg.ull.es\\\/hemeroteca\\\/wp-content\\\/uploads\\\/sites\\\/14\\\/2015\\\/04\\\/425_ej_empleocolor-scaled.jpg\",\"keywords\":[\"Archivados\"],\"articleSection\":[\"Empleo\"],\"inLanguage\":\"es\"},{\"@type\":\"WebPage\",\"@id\":\"https:\\\/\\\/fg.ull.es\\\/hemeroteca\\\/2011\\\/11\\\/04\\\/practicas-laborales-en-la-union-europea-con-las-becas-universitas-prolingua-2011\\\/\",\"url\":\"https:\\\/\\\/fg.ull.es\\\/hemeroteca\\\/2011\\\/11\\\/04\\\/practicas-laborales-en-la-union-europea-con-las-becas-universitas-prolingua-2011\\\/\",\"name\":\"Pr\u00e1cticas laborales en la Uni\u00f3n Europea con las becas Universitas Prolingua 2011 - Hist\u00f3rico de noticias de la Fundaci\u00f3n General\",\"isPartOf\":{\"@id\":\"https:\\\/\\\/fg.ull.es\\\/hemeroteca\\\/#website\"},\"primaryImageOfPage\":{\"@id\":\"https:\\\/\\\/fg.ull.es\\\/hemeroteca\\\/2011\\\/11\\\/04\\\/practicas-laborales-en-la-union-europea-con-las-becas-universitas-prolingua-2011\\\/#primaryimage\"},\"image\":{\"@id\":\"https:\\\/\\\/fg.ull.es\\\/hemeroteca\\\/2011\\\/11\\\/04\\\/practicas-laborales-en-la-union-europea-con-las-becas-universitas-prolingua-2011\\\/#primaryimage\"},\"thumbnailUrl\":\"https:\\\/\\\/fg.ull.es\\\/hemeroteca\\\/wp-content\\\/uploads\\\/sites\\\/14\\\/2015\\\/04\\\/425_ej_empleocolor-scaled.jpg\",\"datePublished\":\"2011-11-04T19:30:50+00:00\",\"author\":{\"@id\":\"https:\\\/\\\/fg.ull.es\\\/hemeroteca\\\/#\\\/schema\\\/person\\\/cf424320c3c543ecb9f15d3785219238\"},\"breadcrumb\":{\"@id\":\"https:\\\/\\\/fg.ull.es\\\/hemeroteca\\\/2011\\\/11\\\/04\\\/practicas-laborales-en-la-union-europea-con-las-becas-universitas-prolingua-2011\\\/#breadcrumb\"},\"inLanguage\":\"es\",\"potentialAction\":[{\"@type\":\"ReadAction\",\"target\":[\"https:\\\/\\\/fg.ull.es\\\/hemeroteca\\\/2011\\\/11\\\/04\\\/practicas-laborales-en-la-union-europea-con-las-becas-universitas-prolingua-2011\\\/\"]}]},{\"@type\":\"ImageObject\",\"inLanguage\":\"es\",\"@id\":\"https:\\\/\\\/fg.ull.es\\\/hemeroteca\\\/2011\\\/11\\\/04\\\/practicas-laborales-en-la-union-europea-con-las-becas-universitas-prolingua-2011\\\/#primaryimage\",\"url\":\"https:\\\/\\\/fg.ull.es\\\/hemeroteca\\\/wp-content\\\/uploads\\\/sites\\\/14\\\/2015\\\/04\\\/425_ej_empleocolor-scaled.jpg\",\"contentUrl\":\"https:\\\/\\\/fg.ull.es\\\/hemeroteca\\\/wp-content\\\/uploads\\\/sites\\\/14\\\/2015\\\/04\\\/425_ej_empleocolor-scaled.jpg\",\"width\":2560,\"height\":1810},{\"@type\":\"BreadcrumbList\",\"@id\":\"https:\\\/\\\/fg.ull.es\\\/hemeroteca\\\/2011\\\/11\\\/04\\\/practicas-laborales-en-la-union-europea-con-las-becas-universitas-prolingua-2011\\\/#breadcrumb\",\"itemListElement\":[{\"@type\":\"ListItem\",\"position\":1,\"name\":\"Home\",\"item\":\"https:\\\/\\\/fg.ull.es\\\/hemeroteca\\\/\"},{\"@type\":\"ListItem\",\"position\":2,\"name\":\"Pr\u00e1cticas laborales en la Uni\u00f3n Europea con las becas Universitas Prolingua 2011\"}]},{\"@type\":\"WebSite\",\"@id\":\"https:\\\/\\\/fg.ull.es\\\/hemeroteca\\\/#website\",\"url\":\"https:\\\/\\\/fg.ull.es\\\/hemeroteca\\\/\",\"name\":\"Hist\u00f3rico de noticias de la Fundaci\u00f3n General\",\"description\":\"\",\"potentialAction\":[{\"@type\":\"SearchAction\",\"target\":{\"@type\":\"EntryPoint\",\"urlTemplate\":\"https:\\\/\\\/fg.ull.es\\\/hemeroteca\\\/?s={search_term_string}\"},\"query-input\":{\"@type\":\"PropertyValueSpecification\",\"valueRequired\":true,\"valueName\":\"search_term_string\"}}],\"inLanguage\":\"es\"},{\"@type\":\"Person\",\"@id\":\"https:\\\/\\\/fg.ull.es\\\/hemeroteca\\\/#\\\/schema\\\/person\\\/cf424320c3c543ecb9f15d3785219238\",\"name\":\"fgull\",\"image\":{\"@type\":\"ImageObject\",\"inLanguage\":\"es\",\"@id\":\"https:\\\/\\\/secure.gravatar.com\\\/avatar\\\/3b3f179500dd91d295ffa66543a853574e5676c5c7f8b31d00af1a80aadcafa4?s=96&d=mm&r=g\",\"url\":\"https:\\\/\\\/secure.gravatar.com\\\/avatar\\\/3b3f179500dd91d295ffa66543a853574e5676c5c7f8b31d00af1a80aadcafa4?s=96&d=mm&r=g\",\"contentUrl\":\"https:\\\/\\\/secure.gravatar.com\\\/avatar\\\/3b3f179500dd91d295ffa66543a853574e5676c5c7f8b31d00af1a80aadcafa4?s=96&d=mm&r=g\",\"caption\":\"fgull\"},\"url\":\"https:\\\/\\\/fg.ull.es\\\/hemeroteca\\\/author\\\/fgull\\\/\"}]}<\/script>\n<!-- \/ Yoast SEO plugin. -->","yoast_head_json":{"title":"Pr\u00e1cticas laborales en la Uni\u00f3n Europea con las becas Universitas Prolingua 2011 - Hist\u00f3rico de noticias de la Fundaci\u00f3n General","robots":{"index":"index","follow":"follow","max-snippet":"max-snippet:-1","max-image-preview":"max-image-preview:large","max-video-preview":"max-video-preview:-1"},"canonical":"https:\/\/fg.ull.es\/hemeroteca\/2011\/11\/04\/practicas-laborales-en-la-union-europea-con-las-becas-universitas-prolingua-2011\/","og_locale":"es_ES","og_type":"article","og_title":"Pr\u00e1cticas laborales en la Uni\u00f3n Europea con las becas Universitas Prolingua 2011 - Hist\u00f3rico de noticias de la Fundaci\u00f3n General","og_description":"Se abre la pre-inscripci\u00f3n para el acceso a estas becas que consisten en una estancia de tres meses en un pa\u00eds de la UE desarrollando una experiencia profesional y que est\u00e1n dotadas con 800 euros mensuales.","og_url":"https:\/\/fg.ull.es\/hemeroteca\/2011\/11\/04\/practicas-laborales-en-la-union-europea-con-las-becas-universitas-prolingua-2011\/","og_site_name":"Hist\u00f3rico de noticias de la Fundaci\u00f3n General","article_published_time":"2011-11-04T19:30:50+00:00","og_image":[{"width":2560,"height":1810,"url":"https:\/\/fg.ull.es\/hemeroteca\/wp-content\/uploads\/sites\/14\/2015\/04\/425_ej_empleocolor-scaled.jpg","type":"image\/jpeg"}],"author":"fgull","twitter_card":"summary_large_image","twitter_misc":{"Escrito por":"fgull","Tiempo de lectura":"1 minuto"},"schema":{"@context":"https:\/\/schema.org","@graph":[{"@type":"Article","@id":"https:\/\/fg.ull.es\/hemeroteca\/2011\/11\/04\/practicas-laborales-en-la-union-europea-con-las-becas-universitas-prolingua-2011\/#article","isPartOf":{"@id":"https:\/\/fg.ull.es\/hemeroteca\/2011\/11\/04\/practicas-laborales-en-la-union-europea-con-las-becas-universitas-prolingua-2011\/"},"author":{"name":"fgull","@id":"https:\/\/fg.ull.es\/hemeroteca\/#\/schema\/person\/cf424320c3c543ecb9f15d3785219238"},"headline":"Pr\u00e1cticas laborales en la Uni\u00f3n Europea con las becas Universitas Prolingua 2011","datePublished":"2011-11-04T19:30:50+00:00","mainEntityOfPage":{"@id":"https:\/\/fg.ull.es\/hemeroteca\/2011\/11\/04\/practicas-laborales-en-la-union-europea-con-las-becas-universitas-prolingua-2011\/"},"wordCount":160,"image":{"@id":"https:\/\/fg.ull.es\/hemeroteca\/2011\/11\/04\/practicas-laborales-en-la-union-europea-con-las-becas-universitas-prolingua-2011\/#primaryimage"},"thumbnailUrl":"https:\/\/fg.ull.es\/hemeroteca\/wp-content\/uploads\/sites\/14\/2015\/04\/425_ej_empleocolor-scaled.jpg","keywords":["Archivados"],"articleSection":["Empleo"],"inLanguage":"es"},{"@type":"WebPage","@id":"https:\/\/fg.ull.es\/hemeroteca\/2011\/11\/04\/practicas-laborales-en-la-union-europea-con-las-becas-universitas-prolingua-2011\/","url":"https:\/\/fg.ull.es\/hemeroteca\/2011\/11\/04\/practicas-laborales-en-la-union-europea-con-las-becas-universitas-prolingua-2011\/","name":"Pr\u00e1cticas laborales en la Uni\u00f3n Europea con las becas Universitas Prolingua 2011 - Hist\u00f3rico de noticias de la Fundaci\u00f3n General","isPartOf":{"@id":"https:\/\/fg.ull.es\/hemeroteca\/#website"},"primaryImageOfPage":{"@id":"https:\/\/fg.ull.es\/hemeroteca\/2011\/11\/04\/practicas-laborales-en-la-union-europea-con-las-becas-universitas-prolingua-2011\/#primaryimage"},"image":{"@id":"https:\/\/fg.ull.es\/hemeroteca\/2011\/11\/04\/practicas-laborales-en-la-union-europea-con-las-becas-universitas-prolingua-2011\/#primaryimage"},"thumbnailUrl":"https:\/\/fg.ull.es\/hemeroteca\/wp-content\/uploads\/sites\/14\/2015\/04\/425_ej_empleocolor-scaled.jpg","datePublished":"2011-11-04T19:30:50+00:00","author":{"@id":"https:\/\/fg.ull.es\/hemeroteca\/#\/schema\/person\/cf424320c3c543ecb9f15d3785219238"},"breadcrumb":{"@id":"https:\/\/fg.ull.es\/hemeroteca\/2011\/11\/04\/practicas-laborales-en-la-union-europea-con-las-becas-universitas-prolingua-2011\/#breadcrumb"},"inLanguage":"es","potentialAction":[{"@type":"ReadAction","target":["https:\/\/fg.ull.es\/hemeroteca\/2011\/11\/04\/practicas-laborales-en-la-union-europea-con-las-becas-universitas-prolingua-2011\/"]}]},{"@type":"ImageObject","inLanguage":"es","@id":"https:\/\/fg.ull.es\/hemeroteca\/2011\/11\/04\/practicas-laborales-en-la-union-europea-con-las-becas-universitas-prolingua-2011\/#primaryimage","url":"https:\/\/fg.ull.es\/hemeroteca\/wp-content\/uploads\/sites\/14\/2015\/04\/425_ej_empleocolor-scaled.jpg","contentUrl":"https:\/\/fg.ull.es\/hemeroteca\/wp-content\/uploads\/sites\/14\/2015\/04\/425_ej_empleocolor-scaled.jpg","width":2560,"height":1810},{"@type":"BreadcrumbList","@id":"https:\/\/fg.ull.es\/hemeroteca\/2011\/11\/04\/practicas-laborales-en-la-union-europea-con-las-becas-universitas-prolingua-2011\/#breadcrumb","itemListElement":[{"@type":"ListItem","position":1,"name":"Home","item":"https:\/\/fg.ull.es\/hemeroteca\/"},{"@type":"ListItem","position":2,"name":"Pr\u00e1cticas laborales en la Uni\u00f3n Europea con las becas Universitas Prolingua 2011"}]},{"@type":"WebSite","@id":"https:\/\/fg.ull.es\/hemeroteca\/#website","url":"https:\/\/fg.ull.es\/hemeroteca\/","name":"Hist\u00f3rico de noticias de la Fundaci\u00f3n General","description":"","potentialAction":[{"@type":"SearchAction","target":{"@type":"EntryPoint","urlTemplate":"https:\/\/fg.ull.es\/hemeroteca\/?s={search_term_string}"},"query-input":{"@type":"PropertyValueSpecification","valueRequired":true,"valueName":"search_term_string"}}],"inLanguage":"es"},{"@type":"Person","@id":"https:\/\/fg.ull.es\/hemeroteca\/#\/schema\/person\/cf424320c3c543ecb9f15d3785219238","name":"fgull","image":{"@type":"ImageObject","inLanguage":"es","@id":"https:\/\/secure.gravatar.com\/avatar\/3b3f179500dd91d295ffa66543a853574e5676c5c7f8b31d00af1a80aadcafa4?s=96&d=mm&r=g","url":"https:\/\/secure.gravatar.com\/avatar\/3b3f179500dd91d295ffa66543a853574e5676c5c7f8b31d00af1a80aadcafa4?s=96&d=mm&r=g","contentUrl":"https:\/\/secure.gravatar.com\/avatar\/3b3f179500dd91d295ffa66543a853574e5676c5c7f8b31d00af1a80aadcafa4?s=96&d=mm&r=g","caption":"fgull"},"url":"https:\/\/fg.ull.es\/hemeroteca\/author\/fgull\/"}]}},"featured_image_thumbnail_url":"https:\/\/fg.ull.es\/hemeroteca\/wp-content\/uploads\/sites\/14\/2015\/04\/425_ej_empleocolor-300x212.jpg","_links":{"self":[{"href":"https:\/\/fg.ull.es\/hemeroteca\/wp-json\/wp\/v2\/posts\/9296","targetHints":{"allow":["GET"]}}],"collection":[{"href":"https:\/\/fg.ull.es\/hemeroteca\/wp-json\/wp\/v2\/posts"}],"about":[{"href":"https:\/\/fg.ull.es\/hemeroteca\/wp-json\/wp\/v2\/types\/post"}],"author":[{"embeddable":true,"href":"https:\/\/fg.ull.es\/hemeroteca\/wp-json\/wp\/v2\/users\/36"}],"replies":[{"embeddable":true,"href":"https:\/\/fg.ull.es\/hemeroteca\/wp-json\/wp\/v2\/comments?post=9296"}],"version-history":[{"count":0,"href":"https:\/\/fg.ull.es\/hemeroteca\/wp-json\/wp\/v2\/posts\/9296\/revisions"}],"wp:featuredmedia":[{"embeddable":true,"href":"https:\/\/fg.ull.es\/hemeroteca\/wp-json\/wp\/v2\/media\/9295"}],"wp:attachment":[{"href":"https:\/\/fg.ull.es\/hemeroteca\/wp-json\/wp\/v2\/media?parent=9296"}],"wp:term":[{"taxonomy":"category","embeddable":true,"href":"https:\/\/fg.ull.es\/hemeroteca\/wp-json\/wp\/v2\/categories?post=9296"},{"taxonomy":"post_tag","embeddable":true,"href":"https:\/\/fg.ull.es\/hemeroteca\/wp-json\/wp\/v2\/tags?post=9296"}],"curies":[{"name":"wp","href":"https:\/\/api.w.org\/{rel}","templated":true}]}}