{"id":9290,"date":"2011-11-04T13:44:08","date_gmt":"2011-11-04T13:44:08","guid":{"rendered":"http:\/\/www.fg.ull.es\/?p=9290"},"modified":"2011-11-04T13:44:08","modified_gmt":"2011-11-04T13:44:08","slug":"abierta-la-recepcion-de-proyectos-para-el-iii-foro-de-inversion-tf-invierte","status":"publish","type":"post","link":"https:\/\/fg.ull.es\/hemeroteca\/2011\/11\/04\/abierta-la-recepcion-de-proyectos-para-el-iii-foro-de-inversion-tf-invierte\/","title":{"rendered":"Abierta la recepci\u00f3n de proyectos para el III Foro de Inversi\u00f3n TF Invierte"},"content":{"rendered":"<p>Los proyectos que pasen a la final optar\u00e1n al l IV Premio PCTT a la mejor iniciativa empresarial innovadora que incluye una estancia de un mes en Silicon Valley.<\/p>\n<p style='text-align: justify'>Desde  el <a href='http:\/\/www.pctt.es\/'>Parque Cient&iacute;fico y Tecnol&oacute;gico de Tenerife (PCTT)<\/a> se recibir&aacute;n proyectos empresariales que podr&aacute;n recibir asesoramiento para ser presentados ante un panel de  inversores expertos de &aacute;mbito nacional e internacional en el <a href='http:\/\/www.pctt.es\/TFinvierte2012'>III Foro de  Inversi&oacute;n TF Invierte<\/a>, el 29 de marzo de 2012.<\/p>\n<p style='text-align: justify'>Los proyectos se podr&aacute;n inscribir<strong> hasta el pr&oacute;ximo 5 de diciembre<\/strong>. Adem&aacute;s,  todos los Proyectos Finalistas optar&aacute;n al <strong><em>IV Premio PCTT a la mejor iniciativa empresarial innovadora<\/em> <\/strong>que incluye una estancia de un mes en  Silicon Valley en el marco del&nbsp; <a href='http:\/\/imagine.cc\/'><em>Programa Imagine<\/em><\/a>, en el que el promotor  continuar&aacute; la maduraci&oacute;n de su proyecto, comenzar&aacute; su  internacionalizaci&oacute;n, recibir&aacute; tutorizaci&oacute;n continua por parte expertos  de primer nivel de entidades como la Universidad de Standford o  compa&ntilde;&iacute;as como Google o HP, y establecer&aacute; contactos con inversores  privados a nivel internacional. Asimismo, el PCTT ofrecer&aacute; al ganador de  este prestigioso premio la opci&oacute;n de instalarse en alguno de los  viveros de empresas <a href='http:\/\/www.pctt.es\/es\/innovaparq_rf?destination=node\/54'>Innovaparq<\/a> del PCTT, quedando exento del pago de  la cuota b&aacute;sica correspondiente a los 6 primeros meses de instalaci&oacute;n.<\/p>\n<p><strong><br \/>M&aacute;s informaci&oacute;n:&nbsp;<\/strong><\/p>\n<p style='text-align: justify'><a href='http:\/\/www.tfinvierte.es\/' target='_blank' rel=\"noopener noreferrer\">www.tfinvierte.es<\/a><br \/><a href='mailto:info@pctt.es' target='_blank' rel=\"noopener noreferrer\">info@pctt.es<\/a><\/p>\n<p>Noticia El D&iacute;a:&nbsp; <a href='http:\/\/www.eldia.es\/2011-11-11\/economia\/economia5.htm'>&#8216;Tenerife se vuelca con los proyectos empresariales de base tecnol&oacute;gica&#8217;<\/a><\/p>\n<p style='text-align: justify'>&nbsp;<\/p>\n","protected":false},"excerpt":{"rendered":"<p>Los proyectos que pasen a la final optar\u00e1n al l IV Premio PCTT a la mejor iniciativa empresarial innovadora que incluye una estancia de un mes en Silicon Valley.<\/p>\n","protected":false},"author":36,"featured_media":9289,"comment_status":"closed","ping_status":"open","sticky":false,"template":"","format":"standard","meta":{"footnotes":""},"categories":[8],"tags":[173,533,821],"featured_image_thumbnail_url":"https:\/\/fg.ull.es\/hemeroteca\/wp-content\/uploads\/sites\/14\/2015\/04\/424_ae_pcct-300x122.jpg","_links":{"self":[{"href":"https:\/\/fg.ull.es\/hemeroteca\/wp-json\/wp\/v2\/posts\/9290"}],"collection":[{"href":"https:\/\/fg.ull.es\/hemeroteca\/wp-json\/wp\/v2\/posts"}],"about":[{"href":"https:\/\/fg.ull.es\/hemeroteca\/wp-json\/wp\/v2\/types\/post"}],"author":[{"embeddable":true,"href":"https:\/\/fg.ull.es\/hemeroteca\/wp-json\/wp\/v2\/users\/36"}],"replies":[{"embeddable":true,"href":"https:\/\/fg.ull.es\/hemeroteca\/wp-json\/wp\/v2\/comments?post=9290"}],"version-history":[{"count":0,"href":"https:\/\/fg.ull.es\/hemeroteca\/wp-json\/wp\/v2\/posts\/9290\/revisions"}],"wp:featuredmedia":[{"embeddable":true,"href":"https:\/\/fg.ull.es\/hemeroteca\/wp-json\/wp\/v2\/media\/9289"}],"wp:attachment":[{"href":"https:\/\/fg.ull.es\/hemeroteca\/wp-json\/wp\/v2\/media?parent=9290"}],"wp:term":[{"taxonomy":"category","embeddable":true,"href":"https:\/\/fg.ull.es\/hemeroteca\/wp-json\/wp\/v2\/categories?post=9290"},{"taxonomy":"post_tag","embeddable":true,"href":"https:\/\/fg.ull.es\/hemeroteca\/wp-json\/wp\/v2\/tags?post=9290"}],"curies":[{"name":"wp","href":"https:\/\/api.w.org\/{rel}","templated":true}]}}