{"id":9287,"date":"2011-11-03T14:57:30","date_gmt":"2011-11-03T14:57:30","guid":{"rendered":"http:\/\/www.fg.ull.es\/?p=9287"},"modified":"2011-11-03T14:57:30","modified_gmt":"2011-11-03T14:57:30","slug":"emprende-ull-organiza-las-capsulas-de-ideas-empresariales-y-los-laboratorios-de-ideas-empresariales","status":"publish","type":"post","link":"https:\/\/fg.ull.es\/hemeroteca\/2011\/11\/03\/emprende-ull-organiza-las-capsulas-de-ideas-empresariales-y-los-laboratorios-de-ideas-empresariales\/","title":{"rendered":"Emprende.ull organiza las C\u00e1psulas de Ideas Empresariales y los Laboratorios de Ideas Empresariales"},"content":{"rendered":"<p>Se desarrollar\u00e1n durante noviembre y la matr\u00edcula est\u00e1 actualmente abierta.<\/p>\n<div>\n<div>\n<p style='text-align: justify'>Un a&ntilde;o m&aacute;s, desde <a href='http:\/\/emprendeull.ning.com\/'>Emprende.ull<\/a> se pone en marcha una  nueva edici&oacute;n de las <em>Capsulas de Generaci&oacute;n de Ideas Empresariales (CGIE)<\/em> y los <em>Laboratorios de Ideas Empresariales (LIE)<\/em>.<\/p>\n<p style='text-align: justify'>Estas actividades est&aacute;n dirigidas a estudiantes o  titulados universitarios con vocaci&oacute;n empresarial. En el caso de las <strong>C&aacute;psulas<\/strong>, se trata de acciones de un d&iacute;a de duraci&oacute;n,  dirigidas a aprender a detectar necesidades capaces de dar lugar a  nuevas ideas de negocio. Se dirigen a personas que  presentan una motivaci&oacute;n para emprender pero que carecen de una idea  empresarial totalmente definida. Este a&ntilde;o se desarrollar&aacute;n dos  ediciones: los d&iacute;as 8 y 10 de noviembre en el Edificio de Econ&oacute;micas y  Empresariales.<\/p>\n<p style='text-align: justify'>Por su parte, los <strong>Laboratorios de Ideas Empresariales<\/strong> se dirigen a personas que cuentan con una <strong>idea de negocio<\/strong> y necesitan  trabajar en la maduraci&oacute;n y an&aacute;lisis preliminar de su viabilidad. Para  realizar este trabajo, con una clara aproximaci&oacute;n individualizada, se dedicar&aacute;n dos d&iacute;as en convivencia con profesionales de la consultor&iacute;a y  la formaci&oacute;n empresarial. Habr&aacute; dos oportunidades para ello: los d&iacute;as  17-18 de noviembre y 24-25 de noviembre.<\/p>\n<p style='text-align: justify'>En ambos casos se garantiza una  formaci&oacute;n pr&aacute;ctica, pero tambi&eacute;n amena, ajustada a las necesidades de  aquellas personas implicadas en alg&uacute;n hito del proceso de creaci&oacute;n de  una nueva iniciativa empresarial.<\/p>\n<p style='text-align: justify'><a href='http:\/\/api.ning.com\/files\/VxzL*FZ2YvL50rloi1R1XuYy7X0WKiuOSM4JcSvq2ARP8Zz*OjYugb1*3tPjvBBqPl2kf8WFV4gx20O-sZCLF8xKUIuytBt7\/cap_lie.png' target='_self' rel=\"noopener noreferrer\"><img src='http:\/\/api.ning.com\/files\/VxzL*FZ2YvL50rloi1R1XuYy7X0WKiuOSM4JcSvq2ARP8Zz*OjYugb1*3tPjvBBqPl2kf8WFV4gx20O-sZCLF8xKUIuytBt7\/cap_lie.png' alt='' width='397' height='181' \/><\/a><\/p>\n<p style='text-align: justify'>Para formalizar la matr&iacute;cula en cualquiera  de estas iniciativas, se ha de proceder <a href='https:\/\/servicios.feu.ull.es\/Portal\/OfertaFormativa'>a trav&eacute;s del Portal de la Fundaci&oacute;n Empresa<\/a> (pinchando en la pesta&ntilde;a &#8217;emprendedur&iacute;a&#8217;).<\/p>\n<p style='text-align: justify'> Estas acciones se plantean como el inicio de un  programa de apoyo integral de posibles iniciativas hasta su  conversi&oacute;n en empresa. Para m&aacute;s informaci&oacute;n entra en <a href='http:\/\/www.emprende.ull.es\/' target='_blank' rel=\"noopener noreferrer\">la web<\/a> &oacute; <a href='http:\/\/emprendeull.ning.com\/blogs\/emprende@feu.ull.es'>contacta con Emprende.ull<\/a>&nbsp; a trav&eacute;s de <a href='mailto:emprendeull@feu.ull.es'>emprendeull@feu.ull.es<\/a> y \/o en el tel&eacute;fono 922319714.<\/p>\n<\/div>\n<\/div>\n","protected":false},"excerpt":{"rendered":"<p>Se desarrollar\u00e1n durante noviembre y la matr\u00edcula est\u00e1 actualmente abierta.<\/p>\n","protected":false},"author":36,"featured_media":9286,"comment_status":"closed","ping_status":"open","sticky":false,"template":"","format":"standard","meta":{"footnotes":""},"categories":[8],"tags":[173,533,541,672],"featured_image_thumbnail_url":"https:\/\/fg.ull.es\/hemeroteca\/wp-content\/uploads\/sites\/14\/2015\/04\/423_de_logo_e_mediano.jpg","_links":{"self":[{"href":"https:\/\/fg.ull.es\/hemeroteca\/wp-json\/wp\/v2\/posts\/9287"}],"collection":[{"href":"https:\/\/fg.ull.es\/hemeroteca\/wp-json\/wp\/v2\/posts"}],"about":[{"href":"https:\/\/fg.ull.es\/hemeroteca\/wp-json\/wp\/v2\/types\/post"}],"author":[{"embeddable":true,"href":"https:\/\/fg.ull.es\/hemeroteca\/wp-json\/wp\/v2\/users\/36"}],"replies":[{"embeddable":true,"href":"https:\/\/fg.ull.es\/hemeroteca\/wp-json\/wp\/v2\/comments?post=9287"}],"version-history":[{"count":0,"href":"https:\/\/fg.ull.es\/hemeroteca\/wp-json\/wp\/v2\/posts\/9287\/revisions"}],"wp:featuredmedia":[{"embeddable":true,"href":"https:\/\/fg.ull.es\/hemeroteca\/wp-json\/wp\/v2\/media\/9286"}],"wp:attachment":[{"href":"https:\/\/fg.ull.es\/hemeroteca\/wp-json\/wp\/v2\/media?parent=9287"}],"wp:term":[{"taxonomy":"category","embeddable":true,"href":"https:\/\/fg.ull.es\/hemeroteca\/wp-json\/wp\/v2\/categories?post=9287"},{"taxonomy":"post_tag","embeddable":true,"href":"https:\/\/fg.ull.es\/hemeroteca\/wp-json\/wp\/v2\/tags?post=9287"}],"curies":[{"name":"wp","href":"https:\/\/api.w.org\/{rel}","templated":true}]}}