{"id":9284,"date":"2011-11-03T14:51:23","date_gmt":"2011-11-03T14:51:23","guid":{"rendered":"http:\/\/www.fg.ull.es\/?p=9284"},"modified":"2011-11-03T14:51:23","modified_gmt":"2011-11-03T14:51:23","slug":"arranca-la-segunda-edicion-de-expertos-en-tenerife","status":"publish","type":"post","link":"https:\/\/fg.ull.es\/hemeroteca\/2011\/11\/03\/arranca-la-segunda-edicion-de-expertos-en-tenerife\/","title":{"rendered":"Arranca la segunda edici\u00f3n de &#039;Expertos en Tenerife&#039;"},"content":{"rendered":"<p>El pasado lunes 31 de octubre en el Aulario de Guajara de la Universidad de La Laguna, tuvo lugar la presentaci\u00f3n de la II edici\u00f3n de &#8216;Expertos en Tenerife&#8217; que reuni\u00f3 a una parte representativa de los m\u00e1s de 600 inscritos.<\/p>\n<p style='text-align: justify'>El curso fue inaugurado por D. Eduardo Dom&eacute;nech, Excmo. Rector Magn&iacute;fico de la <a href='http:\/\/www.ull.es\/'>Universidad de La Laguna<\/a>; D. Carlos Alonso, Consejero de Turismo del Cabildo y D.&nbsp;Agust&iacute;n Santana, Codirector del curso y Profesor Titular de la Universidad de La Laguna.<\/p>\n<p style='text-align: justify'>Fue un acto emotivo, sencillo, en el que se present&oacute; el programa del curso y varios &#8216;expertos&#8217; que realizaron la primera edici&oacute;n contaron su experiencia vivida el a&ntilde;o anterior. Por otro lado, D. Carlos Alonso, present&oacute; la actividad que desarrolla <a href='http:\/\/www.webtenerife.com\/PortalTenerife\/Area profesional\/Area corporativa\/Bienvenida\/BIENVENIDA.htm'>Turismo de Tenerife<\/a>.<\/p>\n<p style='text-align: justify'>El curso&nbsp;que durar&aacute; aproximadamente unas 6 semanas, se desarrollar&aacute; en la plataforma virtual <a href='http:\/\/www.sientoxciento.com\/expertosentenerife'>www.sientoxciento.com\/expertosentenerife<\/a><\/p>\n<p style='text-align: justify'>Los alumnos contar&aacute;n con el asesoramiento de un tutor y deber&aacute;n superar pruebas semanales. Al completar la formaci&oacute;n recibir&aacute;n un diploma que les acreditar&aacute; como Expertos en Tenerife.<\/p>\n<p style='text-align: justify'>Adem&aacute;s visitar&aacute;n, acompa&ntilde;ados de gu&iacute;as tur&iacute;sticos, lugares emblem&aacute;ticos de la isla y recibir&aacute;n material promocional. Este proyecto busca la complicidad de cualquier persona interesada en conocer a fondo la isla de Tenerife.<\/p>\n<p style='text-align: justify'><a href='http:\/\/www.flickr.com\/photos\/feull\/sets\/72157627925397479\/'>Consulta las fotos del evento&nbsp;<\/a><\/p>\n","protected":false},"excerpt":{"rendered":"<p>El pasado lunes 31 de octubre en el Aulario de Guajara de la Universidad de La Laguna, tuvo lugar la presentaci\u00f3n de la II edici\u00f3n de &#8216;Expertos en Tenerife&#8217; que reuni\u00f3 a una parte representativa de los m\u00e1s de 600 inscritos.<\/p>\n","protected":false},"author":36,"featured_media":9283,"comment_status":"closed","ping_status":"open","sticky":false,"template":"","format":"standard","meta":{"footnotes":""},"categories":[6,8],"tags":[173,672,1392],"featured_image_thumbnail_url":"https:\/\/fg.ull.es\/hemeroteca\/wp-content\/uploads\/sites\/14\/2015\/04\/422_gt_dsc_0418-300x201.jpg","_links":{"self":[{"href":"https:\/\/fg.ull.es\/hemeroteca\/wp-json\/wp\/v2\/posts\/9284"}],"collection":[{"href":"https:\/\/fg.ull.es\/hemeroteca\/wp-json\/wp\/v2\/posts"}],"about":[{"href":"https:\/\/fg.ull.es\/hemeroteca\/wp-json\/wp\/v2\/types\/post"}],"author":[{"embeddable":true,"href":"https:\/\/fg.ull.es\/hemeroteca\/wp-json\/wp\/v2\/users\/36"}],"replies":[{"embeddable":true,"href":"https:\/\/fg.ull.es\/hemeroteca\/wp-json\/wp\/v2\/comments?post=9284"}],"version-history":[{"count":0,"href":"https:\/\/fg.ull.es\/hemeroteca\/wp-json\/wp\/v2\/posts\/9284\/revisions"}],"wp:featuredmedia":[{"embeddable":true,"href":"https:\/\/fg.ull.es\/hemeroteca\/wp-json\/wp\/v2\/media\/9283"}],"wp:attachment":[{"href":"https:\/\/fg.ull.es\/hemeroteca\/wp-json\/wp\/v2\/media?parent=9284"}],"wp:term":[{"taxonomy":"category","embeddable":true,"href":"https:\/\/fg.ull.es\/hemeroteca\/wp-json\/wp\/v2\/categories?post=9284"},{"taxonomy":"post_tag","embeddable":true,"href":"https:\/\/fg.ull.es\/hemeroteca\/wp-json\/wp\/v2\/tags?post=9284"}],"curies":[{"name":"wp","href":"https:\/\/api.w.org\/{rel}","templated":true}]}}