{"id":9281,"date":"2011-11-03T14:44:11","date_gmt":"2011-11-03T14:44:11","guid":{"rendered":"http:\/\/www.fg.ull.es\/?p=9281"},"modified":"2011-11-03T14:44:11","modified_gmt":"2011-11-03T14:44:11","slug":"listado-definitivo-de-personas-admitidas-al-nivel-de-consultores-de-la-innovacion","status":"publish","type":"post","link":"https:\/\/fg.ull.es\/hemeroteca\/2011\/11\/03\/listado-definitivo-de-personas-admitidas-al-nivel-de-consultores-de-la-innovacion\/","title":{"rendered":"Listado definitivo de personas admitidas al nivel de Consultores de la Innovaci\u00f3n"},"content":{"rendered":"<p>Se publica el listado definitivo para la selecci\u00f3n de 60 plazas que dan acceso al nivel 3 de Consultores de la Innovaci\u00f3n.<\/p>\n<p style='text-align: justify'>Finalizado el periodo de entrevistas y de baremaci&oacute;n de las solicitudes recibidas, se publica el <a href='..\/..\/public\/docs\/378_85_listado_de_admitidos_2.pdf'>listado definitivo<\/a> de las personas admitidas al nivel de Consultores de la Innovaci&oacute;n.<\/p>\n<p style='text-align: justify'>Por otra parte, la <strong>formaci&oacute;n del Nivel de Consultores de la Innovaci&oacute;n<\/strong> comenzar&aacute; el pr&oacute;ximo <strong>d&iacute;a 4 de noviembre de 2011, a las 9:00 en el aula 9 de la Facultad de Ciencias de la Informaci&oacute;n de la Universidad de La Laguna<\/strong> (Campus de Guajara).<\/p>\n<p style='text-align: justify'>Este proyecto es una iniciativa de la <a href='http:\/\/agencia.itccanarias.org\/es\/'>Agencia Canaria de Investigaci&oacute;n, Innovaci&oacute;n y Sociedad de la Informaci&oacute;n <\/a>del Gobierno de Canarias, cofinanciada por el Fondo Social Europeo, y gestionada por la Fundaci&oacute;n Empresa Universidad de La Laguna en nuestra provincia.<\/p>\n","protected":false},"excerpt":{"rendered":"<p>Se publica el listado definitivo para la selecci\u00f3n de 60 plazas que dan acceso al nivel 3 de Consultores de la Innovaci\u00f3n.<\/p>\n","protected":false},"author":36,"featured_media":9280,"comment_status":"closed","ping_status":"open","sticky":false,"template":"","format":"standard","meta":{"footnotes":""},"categories":[8],"tags":[173,458,821],"featured_image_thumbnail_url":"https:\/\/fg.ull.es\/hemeroteca\/wp-content\/uploads\/sites\/14\/2015\/04\/421_fr_gestores_de_la_innovacionjpg-300x88.jpg","_links":{"self":[{"href":"https:\/\/fg.ull.es\/hemeroteca\/wp-json\/wp\/v2\/posts\/9281"}],"collection":[{"href":"https:\/\/fg.ull.es\/hemeroteca\/wp-json\/wp\/v2\/posts"}],"about":[{"href":"https:\/\/fg.ull.es\/hemeroteca\/wp-json\/wp\/v2\/types\/post"}],"author":[{"embeddable":true,"href":"https:\/\/fg.ull.es\/hemeroteca\/wp-json\/wp\/v2\/users\/36"}],"replies":[{"embeddable":true,"href":"https:\/\/fg.ull.es\/hemeroteca\/wp-json\/wp\/v2\/comments?post=9281"}],"version-history":[{"count":0,"href":"https:\/\/fg.ull.es\/hemeroteca\/wp-json\/wp\/v2\/posts\/9281\/revisions"}],"wp:featuredmedia":[{"embeddable":true,"href":"https:\/\/fg.ull.es\/hemeroteca\/wp-json\/wp\/v2\/media\/9280"}],"wp:attachment":[{"href":"https:\/\/fg.ull.es\/hemeroteca\/wp-json\/wp\/v2\/media?parent=9281"}],"wp:term":[{"taxonomy":"category","embeddable":true,"href":"https:\/\/fg.ull.es\/hemeroteca\/wp-json\/wp\/v2\/categories?post=9281"},{"taxonomy":"post_tag","embeddable":true,"href":"https:\/\/fg.ull.es\/hemeroteca\/wp-json\/wp\/v2\/tags?post=9281"}],"curies":[{"name":"wp","href":"https:\/\/api.w.org\/{rel}","templated":true}]}}