{"id":9278,"date":"2011-11-03T13:18:53","date_gmt":"2011-11-03T13:18:53","guid":{"rendered":"http:\/\/www.fg.ull.es\/?p=9278"},"modified":"2011-11-03T13:18:53","modified_gmt":"2011-11-03T13:18:53","slug":"el-servicio-de-idiomas-de-la-ull-extiende-la-ensenanza-de-lenguas-a-la-zona-sur-con-el-inicio-de-su-actividad-en-adeje","status":"publish","type":"post","link":"https:\/\/fg.ull.es\/hemeroteca\/2011\/11\/03\/el-servicio-de-idiomas-de-la-ull-extiende-la-ensenanza-de-lenguas-a-la-zona-sur-con-el-inicio-de-su-actividad-en-adeje\/","title":{"rendered":"El Servicio de Idiomas de la ULL extiende la ense\u00f1anza de lenguas a la zona sur con el inicio de su actividad en Adeje"},"content":{"rendered":"<p>A partir del 7 de noviembre se estrenar\u00e1n cursos de alem\u00e1n, ingl\u00e9s, ruso e italiano con una bonificaci\u00f3n para estudiantes y personas que vivan o trabajen en Adeje. La matr\u00edcula estar\u00e1 abierta hasta el pr\u00f3ximo 6 de noviembre y las plazas son limitadas.<\/p>\n<p style='text-align: justify'>La FEULL (Fundaci&oacute;n Empresa Universidad de La Laguna), encargada de gestionar el Servicio de Idiomas de la Universidad lagunera, ha llegado a un acuerdo de colaboraci&oacute;n con el Ayuntamiento de Adeje para habilitar su oferta formativa en lenguas extranjeras en el municipio sure&ntilde;o.<\/p>\n<p style='text-align: justify'>Iniciar&aacute; su cat&aacute;logo docente con cursos de Alem&aacute;n, Ingl&eacute;s, Italiano y Ruso. Estos cursos est&aacute;n adaptados al <a href='..\/..\/es\/noticia\/el_servicio_de_idiomas_de_la_ull_en_adeje_ofrece_cursos_adaptados_al_marco_europeo_comun_de_referencia_para_las_lenguas\/335\/'>Marco europeo com&uacute;n de referencia para las lenguas<\/a>, lo que supone una estandarizaci&oacute;n de los niveles de conocimiento en la Uni&oacute;n Europea.<\/p>\n<p style='text-align: justify'>Los cursos se impartir&aacute;n en el Centro Cultural de Adeje. Los estudiantes de la <a href='http:\/\/www.ull.es\/'>ULL<\/a> y las personas residentes o trabajadoras del municipio de Adeje obtendr&aacute;n una bonificaci&oacute;n en la matr&iacute;cula.<\/p>\n<p><strong>Servicio de Idiomas de la Universidad de La Laguna<\/strong><\/p>\n<p style='text-align: justify'>El Servicio de Idiomas de la ULL cuenta con una experiencia de m&aacute;s de 18 a&ntilde;os en la ense&ntilde;anza de idiomas. Las clases admiten un m&aacute;ximo de 24 personas y se enfocan desde el trabajo global de las cuatro destrezas,&nbsp; adaptadas al nivel de competencia del alumno\/a (comprensi&oacute;n y expresi&oacute;n oral y escrita), siempre con una metodolog&iacute;a pr&aacute;ctica y motivadora.<\/p>\n<p>Los cursos estar&aacute;n adaptados a los niveles del marco europeo de referencia A1, A2, B1 y B2, con una duraci&oacute;n m&aacute;xima de 50 horas.&nbsp;<\/p>\n<p><strong>Matr&iacute;cula y cita para las pruebas de nivel para el Servicio de Idiomas en Adeje<\/strong><\/p>\n<p>Para formalizar la matr&iacute;cula es preciso conocer con anterioridad el nivel de dominio del idioma. Para ello, en caso de tener conocimientos previos, se ha de realizar una prueba de nivel. Esta prueba es gratuita y se realizar&aacute; en el propio Centro Cultural de Adeje. Para acceder a la misma es imprescindible concertar una cita previa a trav&eacute;s, &uacute;nicamente, del Portal Servicios de la FEULL.<\/p>\n<p style='text-align: justify'>Las personas que quieran acceder al nivel inicial A1.1 (inicial) no tendr&aacute;n que realizar ning&uacute;n tipo de prueba, simplemente deber&aacute;n formalizar su matr&iacute;cula a trav&eacute;s del <a href='https:\/\/servicios.feu.ull.es\/Portal\/'>Portal Servicios<\/a>. En el caso del ruso, se oferta &uacute;nicamente este nivel inicial.<\/p>\n","protected":false},"excerpt":{"rendered":"<p>A partir del 7 de noviembre se estrenar\u00e1n cursos de alem\u00e1n, ingl\u00e9s, ruso e italiano con una bonificaci\u00f3n para estudiantes y personas que vivan o trabajen en Adeje. La matr\u00edcula estar\u00e1 abierta hasta el pr\u00f3ximo 6 de noviembre y las plazas son limitadas.<\/p>\n","protected":false},"author":36,"featured_media":9277,"comment_status":"closed","ping_status":"open","sticky":false,"template":"","format":"standard","meta":{"footnotes":""},"categories":[5],"tags":[173],"featured_image_thumbnail_url":"https:\/\/fg.ull.es\/hemeroteca\/wp-content\/uploads\/sites\/14\/2015\/04\/420_wc_si_adeje.png","_links":{"self":[{"href":"https:\/\/fg.ull.es\/hemeroteca\/wp-json\/wp\/v2\/posts\/9278"}],"collection":[{"href":"https:\/\/fg.ull.es\/hemeroteca\/wp-json\/wp\/v2\/posts"}],"about":[{"href":"https:\/\/fg.ull.es\/hemeroteca\/wp-json\/wp\/v2\/types\/post"}],"author":[{"embeddable":true,"href":"https:\/\/fg.ull.es\/hemeroteca\/wp-json\/wp\/v2\/users\/36"}],"replies":[{"embeddable":true,"href":"https:\/\/fg.ull.es\/hemeroteca\/wp-json\/wp\/v2\/comments?post=9278"}],"version-history":[{"count":0,"href":"https:\/\/fg.ull.es\/hemeroteca\/wp-json\/wp\/v2\/posts\/9278\/revisions"}],"wp:featuredmedia":[{"embeddable":true,"href":"https:\/\/fg.ull.es\/hemeroteca\/wp-json\/wp\/v2\/media\/9277"}],"wp:attachment":[{"href":"https:\/\/fg.ull.es\/hemeroteca\/wp-json\/wp\/v2\/media?parent=9278"}],"wp:term":[{"taxonomy":"category","embeddable":true,"href":"https:\/\/fg.ull.es\/hemeroteca\/wp-json\/wp\/v2\/categories?post=9278"},{"taxonomy":"post_tag","embeddable":true,"href":"https:\/\/fg.ull.es\/hemeroteca\/wp-json\/wp\/v2\/tags?post=9278"}],"curies":[{"name":"wp","href":"https:\/\/api.w.org\/{rel}","templated":true}]}}