{"id":9275,"date":"2011-11-03T10:33:56","date_gmt":"2011-11-03T10:33:56","guid":{"rendered":"http:\/\/www.fg.ull.es\/?p=9275"},"modified":"2011-11-03T10:33:56","modified_gmt":"2011-11-03T10:33:56","slug":"ultimos-dias-de-matricula-para-el-curso-de-formacion-basica-en-creacion-audiovisual-organizado-por-el-espacio-universitario-audiovisual-eua","status":"publish","type":"post","link":"https:\/\/fg.ull.es\/hemeroteca\/2011\/11\/03\/ultimos-dias-de-matricula-para-el-curso-de-formacion-basica-en-creacion-audiovisual-organizado-por-el-espacio-universitario-audiovisual-eua\/","title":{"rendered":"\u00daltimos d\u00edas de matr\u00edcula para el Curso de Formaci\u00f3n B\u00e1sica en Creaci\u00f3n Audiovisual organizado por el Espacio Universitario Audiovisual (EUA)"},"content":{"rendered":"<p>El curso &#8216;Formaci\u00f3n Audiovisual I&#8217; ofrecer\u00e1 125 horas de ense\u00f1anza presencial en un aula multimedia con equipos de \u00faltima generaci\u00f3n.El profesorado lo forman reconocidos profesionales del sector audiovisual como Ana S\u00e1nchez Gij\u00f3n y Rolando D\u00edaz.<\/p>\n<p style='text-align: justify'>El pr&oacute;ximo <strong>7 de noviembre<\/strong> se inicia al primer m&oacute;dulo del curso <a href='http:\/\/aucrea.com\/aucrea\/audiovisual_1.html'><em>Formaci&oacute;n Audiovisual I<\/em><\/a>. La matr&iacute;cula para las &uacute;ltimas plazas estar&aacute; abierta hasta el pr&oacute;ximo viernes 4 de noviembre.<\/p>\n<p style='text-align: justify'>El curso consta de siete m&oacute;dulos que estructuran una formaci&oacute;n integral b&aacute;sica sobre la creaci&oacute;n audiovisual, incluyendo tanto aspectos te&oacute;ricos b&aacute;sicos, como lenguaje y an&aacute;lisis audiovisual, gui&oacute;n, direcci&oacute;n cinematogr&aacute;fica, conocimientos de fotograf&iacute;a y sonido etc. Estos contenidos se completar&aacute;n con el rodaje y montaje, por parte del alumnado, de un CV Audiovisual.<\/p>\n<p style='text-align: justify'>Los m&oacute;dulos tienen una duraci&oacute;n de 12 y 15 horas hasta completar las 125 horas de formaci&oacute;n previstas. El curso se desarrollar&aacute; desde el 7 de noviembre hasta el 31 de enero, en horario de tarde (de 16 a 19 horas). El coste de esta formaci&oacute;n es de 450 euros que se podr&aacute;n abonar en tres plazos de 150 euros cada uno. Al concluir el curso el alumnado obtendr&aacute; la acreditaci&oacute;n de Curso Superior Universitario de Formaci&oacute;n Audiovisual certificada por la <a href='http:\/\/www.ull.es\/'>Universidad de La Laguna<\/a>.<\/p>\n<p style='text-align: justify'>Los profesores encargados de impartir los diferentes m&oacute;dulos son profesionales con una larga trayectoria y reconocimiento. Entre otros encontramos a Rolando D&iacute;az, director de cine cubano cuyos trabajos han sido premiados internacionalmente, Ana S&aacute;nchez Gij&oacute;n, fundadora de la productora La Mirada con amplia y exquisita filmograf&iacute;a cinematogr&aacute;fica y documental, &nbsp;Alejandro Krawietz, director del Festival Internacional de Cine Documental MiradasDoc, a Aar&oacute;n J. Meli&aacute;n, joven realizador de cine que ha despuntado en varios cert&aacute;menes, o Cristhian Johansen uno de los sonidistas de cine m&aacute;s experimentados de Canarias.<\/p>\n<p style='text-align: justify'>Las clases se impartir&aacute;n en un aula multimedia con equipamientos de &uacute;ltima generaci&oacute;n: 10 estaciones de postproducci&oacute;n Imacs, cinco c&aacute;maras JVC GY-HM100E Pro HD, microfon&iacute;a, iluminaci&oacute;n&#8230; &nbsp;&nbsp;El aula est&aacute; ubicada en la Biblioteca General y de Humanidades de la ULL que se localiza en el Campus universitario de Guajara.<\/p>\n<p style='text-align: justify'>Este curso ha sido organizado por la Fundaci&oacute;n Empresa Universidad de La Laguna, el Departamento de Psicolog&iacute;a Evolutiva y de la Educaci&oacute;n de la Universidad de La Laguna junto con la empresa AUCREA.&nbsp;<\/p>\n","protected":false},"excerpt":{"rendered":"<p>El curso &#8216;Formaci\u00f3n Audiovisual I&#8217; ofrecer\u00e1 125 horas de ense\u00f1anza presencial en un aula multimedia con equipos de \u00faltima generaci\u00f3n.El profesorado lo forman reconocidos profesionales del sector audiovisual como Ana S\u00e1nchez Gij\u00f3n y Rolando D\u00edaz.<\/p>\n","protected":false},"author":36,"featured_media":9274,"comment_status":"closed","ping_status":"open","sticky":false,"template":"","format":"standard","meta":{"footnotes":""},"categories":[5],"tags":[173],"featured_image_thumbnail_url":"https:\/\/fg.ull.es\/hemeroteca\/wp-content\/uploads\/sites\/14\/2015\/04\/419_1s_audiovisual1-300x203.jpg","_links":{"self":[{"href":"https:\/\/fg.ull.es\/hemeroteca\/wp-json\/wp\/v2\/posts\/9275"}],"collection":[{"href":"https:\/\/fg.ull.es\/hemeroteca\/wp-json\/wp\/v2\/posts"}],"about":[{"href":"https:\/\/fg.ull.es\/hemeroteca\/wp-json\/wp\/v2\/types\/post"}],"author":[{"embeddable":true,"href":"https:\/\/fg.ull.es\/hemeroteca\/wp-json\/wp\/v2\/users\/36"}],"replies":[{"embeddable":true,"href":"https:\/\/fg.ull.es\/hemeroteca\/wp-json\/wp\/v2\/comments?post=9275"}],"version-history":[{"count":0,"href":"https:\/\/fg.ull.es\/hemeroteca\/wp-json\/wp\/v2\/posts\/9275\/revisions"}],"wp:featuredmedia":[{"embeddable":true,"href":"https:\/\/fg.ull.es\/hemeroteca\/wp-json\/wp\/v2\/media\/9274"}],"wp:attachment":[{"href":"https:\/\/fg.ull.es\/hemeroteca\/wp-json\/wp\/v2\/media?parent=9275"}],"wp:term":[{"taxonomy":"category","embeddable":true,"href":"https:\/\/fg.ull.es\/hemeroteca\/wp-json\/wp\/v2\/categories?post=9275"},{"taxonomy":"post_tag","embeddable":true,"href":"https:\/\/fg.ull.es\/hemeroteca\/wp-json\/wp\/v2\/tags?post=9275"}],"curies":[{"name":"wp","href":"https:\/\/api.w.org\/{rel}","templated":true}]}}