{"id":9272,"date":"2011-11-02T14:58:47","date_gmt":"2011-11-02T14:58:47","guid":{"rendered":"http:\/\/www.fg.ull.es\/?p=9272"},"modified":"2011-11-02T14:58:47","modified_gmt":"2011-11-02T14:58:47","slug":"oferta-de-empleo-tecnico-red-cide","status":"publish","type":"post","link":"https:\/\/fg.ull.es\/hemeroteca\/2011\/11\/02\/oferta-de-empleo-tecnico-red-cide\/","title":{"rendered":"Oferta de Empleo: t\u00e9cnico Red CIDE"},"content":{"rendered":"<p>El Ayuntamiento de San Juan de la Rambla requiere de un\/a t\u00e9cnico CIDE siendo ya t\u00e9cnico CIDE, titulado\/a universitario\/a o como Agente de la Innovaci\u00f3n del programa formativo de Gestores de la Innovaci\u00f3n.<\/p>\n<p>El <a href='http:\/\/www.aytosanjuandelarambla.es\/' target=\"_blank\" rel=\"noopener\">Ayuntamiento de San Juan de la Rambla<\/a> requiere de un\/a t&eacute;cnico de Red CIDE:<\/p>\n<p><strong>Requisitos para ser t&eacute;cnicos CIDE:<\/strong><\/p>\n<p style='text-align: justify'>Podr&aacute; ser asignado como t&eacute;cnico CIDE cualquiera que lo haya sido en los 3 a&ntilde;os anteriores de trabajo de la Red y haya desarrollado esta funci&oacute;n durante al menos 6 meses completos satisfactoriamente, participando durante ese periodo en todas las jornadas de formaci&oacute;n conjunta organizadas por la coordinaci&oacute;n. En el caso de que el t&eacute;cnico no acredite esta experiencia previa en la Red, el perfil requerido ser&aacute; el siguiente:<\/p>\n<p style='text-align: justify'><strong>Formaci&oacute;n General<\/strong>: Titulados\/as universitarios\/as con nivel de ingl&eacute;s medio\/alto y alto conocimiento y manejo de herramientas ofim&aacute;ticas e Internet.<\/p>\n<p style='text-align: justify'><strong>Formaci&oacute;n Espec&iacute;fica<\/strong>: Ser Agente de la Innovaci&oacute;n del programa formativo de Gestores de la Innovaci&oacute;n de la Agencia Canaria de Investigaci&oacute;n, Innovaci&oacute;n y Sociedad de la Informaci&oacute;n (ACIISI). Tambi&eacute;n ser&aacute; aceptado\/a si se acreditan convenientemente otros cursos expertos o m&aacute;ster relacionados con innovaci&oacute;n empresarial.<\/p>\n<p><strong>Conocimientos:<\/strong><\/p>\n<p><strong> <\/strong>&#8211; La innovaci&oacute;n en la gesti&oacute;n empresarial.<\/p>\n<p>&#8211; Conocimientos b&aacute;sicos sobre desarrollo e implantaci&oacute;n del sistema de gesti&oacute;n de la innovaci&oacute;n.<\/p>\n<p>&#8211; Conocimiento sobre los agentes e instrumentos del Sistema Canario de Innovaci&oacute;n<\/p>\n<p>&#8211;  Definici&oacute;n, gesti&oacute;n y evaluaci&oacute;n de proyectos de innovaci&oacute;n<\/p>\n<p>&#8211;  Estrategias de protecci&oacute;n y explotaci&oacute;n de la innovaci&oacute;n<\/p>\n<p>&#8211; Financiaci&oacute;n de la innovaci&oacute;n<\/p>\n<p>&#8211; Vigilancia, benchmarking e inteligencia competitiva<\/p>\n<p>&#8211; Creatividad y gesti&oacute;n del conocimiento<\/p>\n<p><strong>Experiencia<\/strong><\/p>\n<p><strong> <\/strong>&#8211; Participaci&oacute;n en talleres de dinamizadores<\/p>\n<p style='text-align: justify'>&#8211; Experiencia acreditada como consultores de empresas en la identificaci&oacute;n, desarrollo y evaluaci&oacute;n de proyectos de innovaci&oacute;n<\/p>\n<p style='text-align: justify'>&#8211; Participaci&oacute;n durante al menos 4 meses en el proyecto denominado DILO (Difusi&oacute;n de la Innovaci&oacute;n Local) gestionado por el ITC habiendo realizado las labores bien de Gestor de la Innovaci&oacute;n Comarcal (GIC) o como persona encargada de la realizaci&oacute;n de actividades propias de un Centro de Innovaci&oacute;n y Desarrollo Empresarial Comarcal (CIDEC).<\/p>\n<p><strong>Competencias:<\/strong><\/p>\n<p><strong> <\/strong> &#8211; Proactividad<\/p>\n<p>&#8211; Buen comunicador<\/p>\n<p>&#8211; Capacidad de toma de decisiones<\/p>\n<p>&#8211; Aprendizaje r&aacute;pido<\/p>\n<p>&#8211; Adaptabilidad a entornos de cambio.<\/p>\n<p>&#8211; Dotes de liderazgo y direcci&oacute;n de equipos<\/p>\n<p>&#8211; Empat&iacute;a<\/p>\n<p>&#8211; Motivador<\/p>\n<p>&#8211; Capacidad de an&aacute;lisis y s&iacute;ntesis<\/p>\n<p>&#8211; Formador<\/p>\n<p>&#8211; Resistencia al fracaso<\/p>\n<p>Los interesados\/as en la oferta deben mandar su CV con fecha l&iacute;mite 09 de Noviembre de 2011 al correo-e <a href='mailto:aedl@aytosanjuandelarambla.es' target='_blank' rel=\"noopener noreferrer\" target=\"_blank\" rel=\"noopener\">aedl@aytosanjuandelarambla.es<\/a><\/p>\n<p>&nbsp;<\/p>\n<p>&nbsp;<\/p>\n","protected":false},"excerpt":{"rendered":"<p>El Ayuntamiento de San Juan de la Rambla requiere de un\/a t\u00e9cnico CIDE siendo ya t\u00e9cnico CIDE, titulado\/a universitario\/a o como Agente de la Innovaci\u00f3n del programa formativo de Gestores de la Innovaci\u00f3n.<\/p>\n","protected":false},"author":36,"featured_media":9271,"comment_status":"closed","ping_status":"open","sticky":false,"template":"","format":"standard","meta":{"footnotes":""},"categories":[3,6],"tags":[173],"class_list":["post-9272","post","type-post","status-publish","format-standard","has-post-thumbnail","hentry","category-empleo","category-fundacion","tag-archivados"],"yoast_head":"<!-- This site is optimized with the Yoast SEO plugin v28.2 - https:\/\/yoast.com\/product\/yoast-seo-wordpress\/ -->\n<title>Oferta de Empleo: t\u00e9cnico Red CIDE - Hist\u00f3rico de noticias de la Fundaci\u00f3n General<\/title>\n<meta name=\"robots\" content=\"index, follow, max-snippet:-1, max-image-preview:large, max-video-preview:-1\" \/>\n<link rel=\"canonical\" href=\"https:\/\/fg.ull.es\/hemeroteca\/2011\/11\/02\/oferta-de-empleo-tecnico-red-cide\/\" \/>\n<meta property=\"og:locale\" content=\"es_ES\" \/>\n<meta property=\"og:type\" content=\"article\" \/>\n<meta property=\"og:title\" content=\"Oferta de Empleo: t\u00e9cnico Red CIDE - Hist\u00f3rico de noticias de la Fundaci\u00f3n General\" \/>\n<meta property=\"og:description\" content=\"El Ayuntamiento de San Juan de la Rambla requiere de un\/a t\u00e9cnico CIDE siendo ya t\u00e9cnico CIDE, titulado\/a universitario\/a o como Agente de la Innovaci\u00f3n del programa formativo de Gestores de la Innovaci\u00f3n.\" \/>\n<meta property=\"og:url\" content=\"https:\/\/fg.ull.es\/hemeroteca\/2011\/11\/02\/oferta-de-empleo-tecnico-red-cide\/\" \/>\n<meta property=\"og:site_name\" content=\"Hist\u00f3rico de noticias de la Fundaci\u00f3n General\" \/>\n<meta property=\"article:published_time\" content=\"2011-11-02T14:58:47+00:00\" \/>\n<meta property=\"og:image\" content=\"https:\/\/fg.ull.es\/hemeroteca\/wp-content\/uploads\/sites\/14\/2015\/04\/416_wc_images.jpg\" \/>\n\t<meta property=\"og:image:width\" content=\"348\" \/>\n\t<meta property=\"og:image:height\" content=\"145\" \/>\n\t<meta property=\"og:image:type\" content=\"image\/jpeg\" \/>\n<meta name=\"author\" content=\"fgull\" \/>\n<meta name=\"twitter:card\" content=\"summary_large_image\" \/>\n<meta name=\"twitter:label1\" content=\"Escrito por\" \/>\n\t<meta name=\"twitter:data1\" content=\"fgull\" \/>\n\t<meta name=\"twitter:label2\" content=\"Tiempo de lectura\" \/>\n\t<meta name=\"twitter:data2\" content=\"3 minutos\" \/>\n<script type=\"application\/ld+json\" class=\"yoast-schema-graph\">{\"@context\":\"https:\\\/\\\/schema.org\",\"@graph\":[{\"@type\":\"Article\",\"@id\":\"https:\\\/\\\/fg.ull.es\\\/hemeroteca\\\/2011\\\/11\\\/02\\\/oferta-de-empleo-tecnico-red-cide\\\/#article\",\"isPartOf\":{\"@id\":\"https:\\\/\\\/fg.ull.es\\\/hemeroteca\\\/2011\\\/11\\\/02\\\/oferta-de-empleo-tecnico-red-cide\\\/\"},\"author\":{\"name\":\"fgull\",\"@id\":\"https:\\\/\\\/fg.ull.es\\\/hemeroteca\\\/#\\\/schema\\\/person\\\/cf424320c3c543ecb9f15d3785219238\"},\"headline\":\"Oferta de Empleo: t\u00e9cnico Red CIDE\",\"datePublished\":\"2011-11-02T14:58:47+00:00\",\"mainEntityOfPage\":{\"@id\":\"https:\\\/\\\/fg.ull.es\\\/hemeroteca\\\/2011\\\/11\\\/02\\\/oferta-de-empleo-tecnico-red-cide\\\/\"},\"wordCount\":526,\"image\":{\"@id\":\"https:\\\/\\\/fg.ull.es\\\/hemeroteca\\\/2011\\\/11\\\/02\\\/oferta-de-empleo-tecnico-red-cide\\\/#primaryimage\"},\"thumbnailUrl\":\"https:\\\/\\\/fg.ull.es\\\/hemeroteca\\\/wp-content\\\/uploads\\\/sites\\\/14\\\/2015\\\/04\\\/416_wc_images.jpg\",\"keywords\":[\"Archivados\"],\"articleSection\":[\"Empleo\",\"Fundaci\u00f3n\"],\"inLanguage\":\"es\"},{\"@type\":\"WebPage\",\"@id\":\"https:\\\/\\\/fg.ull.es\\\/hemeroteca\\\/2011\\\/11\\\/02\\\/oferta-de-empleo-tecnico-red-cide\\\/\",\"url\":\"https:\\\/\\\/fg.ull.es\\\/hemeroteca\\\/2011\\\/11\\\/02\\\/oferta-de-empleo-tecnico-red-cide\\\/\",\"name\":\"Oferta de Empleo: t\u00e9cnico Red CIDE - Hist\u00f3rico de noticias de la Fundaci\u00f3n General\",\"isPartOf\":{\"@id\":\"https:\\\/\\\/fg.ull.es\\\/hemeroteca\\\/#website\"},\"primaryImageOfPage\":{\"@id\":\"https:\\\/\\\/fg.ull.es\\\/hemeroteca\\\/2011\\\/11\\\/02\\\/oferta-de-empleo-tecnico-red-cide\\\/#primaryimage\"},\"image\":{\"@id\":\"https:\\\/\\\/fg.ull.es\\\/hemeroteca\\\/2011\\\/11\\\/02\\\/oferta-de-empleo-tecnico-red-cide\\\/#primaryimage\"},\"thumbnailUrl\":\"https:\\\/\\\/fg.ull.es\\\/hemeroteca\\\/wp-content\\\/uploads\\\/sites\\\/14\\\/2015\\\/04\\\/416_wc_images.jpg\",\"datePublished\":\"2011-11-02T14:58:47+00:00\",\"author\":{\"@id\":\"https:\\\/\\\/fg.ull.es\\\/hemeroteca\\\/#\\\/schema\\\/person\\\/cf424320c3c543ecb9f15d3785219238\"},\"breadcrumb\":{\"@id\":\"https:\\\/\\\/fg.ull.es\\\/hemeroteca\\\/2011\\\/11\\\/02\\\/oferta-de-empleo-tecnico-red-cide\\\/#breadcrumb\"},\"inLanguage\":\"es\",\"potentialAction\":[{\"@type\":\"ReadAction\",\"target\":[\"https:\\\/\\\/fg.ull.es\\\/hemeroteca\\\/2011\\\/11\\\/02\\\/oferta-de-empleo-tecnico-red-cide\\\/\"]}]},{\"@type\":\"ImageObject\",\"inLanguage\":\"es\",\"@id\":\"https:\\\/\\\/fg.ull.es\\\/hemeroteca\\\/2011\\\/11\\\/02\\\/oferta-de-empleo-tecnico-red-cide\\\/#primaryimage\",\"url\":\"https:\\\/\\\/fg.ull.es\\\/hemeroteca\\\/wp-content\\\/uploads\\\/sites\\\/14\\\/2015\\\/04\\\/416_wc_images.jpg\",\"contentUrl\":\"https:\\\/\\\/fg.ull.es\\\/hemeroteca\\\/wp-content\\\/uploads\\\/sites\\\/14\\\/2015\\\/04\\\/416_wc_images.jpg\",\"width\":348,\"height\":145},{\"@type\":\"BreadcrumbList\",\"@id\":\"https:\\\/\\\/fg.ull.es\\\/hemeroteca\\\/2011\\\/11\\\/02\\\/oferta-de-empleo-tecnico-red-cide\\\/#breadcrumb\",\"itemListElement\":[{\"@type\":\"ListItem\",\"position\":1,\"name\":\"Home\",\"item\":\"https:\\\/\\\/fg.ull.es\\\/hemeroteca\\\/\"},{\"@type\":\"ListItem\",\"position\":2,\"name\":\"Oferta de Empleo: t\u00e9cnico Red CIDE\"}]},{\"@type\":\"WebSite\",\"@id\":\"https:\\\/\\\/fg.ull.es\\\/hemeroteca\\\/#website\",\"url\":\"https:\\\/\\\/fg.ull.es\\\/hemeroteca\\\/\",\"name\":\"Hist\u00f3rico de noticias de la Fundaci\u00f3n General\",\"description\":\"\",\"potentialAction\":[{\"@type\":\"SearchAction\",\"target\":{\"@type\":\"EntryPoint\",\"urlTemplate\":\"https:\\\/\\\/fg.ull.es\\\/hemeroteca\\\/?s={search_term_string}\"},\"query-input\":{\"@type\":\"PropertyValueSpecification\",\"valueRequired\":true,\"valueName\":\"search_term_string\"}}],\"inLanguage\":\"es\"},{\"@type\":\"Person\",\"@id\":\"https:\\\/\\\/fg.ull.es\\\/hemeroteca\\\/#\\\/schema\\\/person\\\/cf424320c3c543ecb9f15d3785219238\",\"name\":\"fgull\",\"image\":{\"@type\":\"ImageObject\",\"inLanguage\":\"es\",\"@id\":\"https:\\\/\\\/secure.gravatar.com\\\/avatar\\\/3b3f179500dd91d295ffa66543a853574e5676c5c7f8b31d00af1a80aadcafa4?s=96&d=mm&r=g\",\"url\":\"https:\\\/\\\/secure.gravatar.com\\\/avatar\\\/3b3f179500dd91d295ffa66543a853574e5676c5c7f8b31d00af1a80aadcafa4?s=96&d=mm&r=g\",\"contentUrl\":\"https:\\\/\\\/secure.gravatar.com\\\/avatar\\\/3b3f179500dd91d295ffa66543a853574e5676c5c7f8b31d00af1a80aadcafa4?s=96&d=mm&r=g\",\"caption\":\"fgull\"},\"url\":\"https:\\\/\\\/fg.ull.es\\\/hemeroteca\\\/author\\\/fgull\\\/\"}]}<\/script>\n<!-- \/ Yoast SEO plugin. -->","yoast_head_json":{"title":"Oferta de Empleo: t\u00e9cnico Red CIDE - Hist\u00f3rico de noticias de la Fundaci\u00f3n General","robots":{"index":"index","follow":"follow","max-snippet":"max-snippet:-1","max-image-preview":"max-image-preview:large","max-video-preview":"max-video-preview:-1"},"canonical":"https:\/\/fg.ull.es\/hemeroteca\/2011\/11\/02\/oferta-de-empleo-tecnico-red-cide\/","og_locale":"es_ES","og_type":"article","og_title":"Oferta de Empleo: t\u00e9cnico Red CIDE - Hist\u00f3rico de noticias de la Fundaci\u00f3n General","og_description":"El Ayuntamiento de San Juan de la Rambla requiere de un\/a t\u00e9cnico CIDE siendo ya t\u00e9cnico CIDE, titulado\/a universitario\/a o como Agente de la Innovaci\u00f3n del programa formativo de Gestores de la Innovaci\u00f3n.","og_url":"https:\/\/fg.ull.es\/hemeroteca\/2011\/11\/02\/oferta-de-empleo-tecnico-red-cide\/","og_site_name":"Hist\u00f3rico de noticias de la Fundaci\u00f3n General","article_published_time":"2011-11-02T14:58:47+00:00","og_image":[{"width":348,"height":145,"url":"https:\/\/fg.ull.es\/hemeroteca\/wp-content\/uploads\/sites\/14\/2015\/04\/416_wc_images.jpg","type":"image\/jpeg"}],"author":"fgull","twitter_card":"summary_large_image","twitter_misc":{"Escrito por":"fgull","Tiempo de lectura":"3 minutos"},"schema":{"@context":"https:\/\/schema.org","@graph":[{"@type":"Article","@id":"https:\/\/fg.ull.es\/hemeroteca\/2011\/11\/02\/oferta-de-empleo-tecnico-red-cide\/#article","isPartOf":{"@id":"https:\/\/fg.ull.es\/hemeroteca\/2011\/11\/02\/oferta-de-empleo-tecnico-red-cide\/"},"author":{"name":"fgull","@id":"https:\/\/fg.ull.es\/hemeroteca\/#\/schema\/person\/cf424320c3c543ecb9f15d3785219238"},"headline":"Oferta de Empleo: t\u00e9cnico Red CIDE","datePublished":"2011-11-02T14:58:47+00:00","mainEntityOfPage":{"@id":"https:\/\/fg.ull.es\/hemeroteca\/2011\/11\/02\/oferta-de-empleo-tecnico-red-cide\/"},"wordCount":526,"image":{"@id":"https:\/\/fg.ull.es\/hemeroteca\/2011\/11\/02\/oferta-de-empleo-tecnico-red-cide\/#primaryimage"},"thumbnailUrl":"https:\/\/fg.ull.es\/hemeroteca\/wp-content\/uploads\/sites\/14\/2015\/04\/416_wc_images.jpg","keywords":["Archivados"],"articleSection":["Empleo","Fundaci\u00f3n"],"inLanguage":"es"},{"@type":"WebPage","@id":"https:\/\/fg.ull.es\/hemeroteca\/2011\/11\/02\/oferta-de-empleo-tecnico-red-cide\/","url":"https:\/\/fg.ull.es\/hemeroteca\/2011\/11\/02\/oferta-de-empleo-tecnico-red-cide\/","name":"Oferta de Empleo: t\u00e9cnico Red CIDE - Hist\u00f3rico de noticias de la Fundaci\u00f3n General","isPartOf":{"@id":"https:\/\/fg.ull.es\/hemeroteca\/#website"},"primaryImageOfPage":{"@id":"https:\/\/fg.ull.es\/hemeroteca\/2011\/11\/02\/oferta-de-empleo-tecnico-red-cide\/#primaryimage"},"image":{"@id":"https:\/\/fg.ull.es\/hemeroteca\/2011\/11\/02\/oferta-de-empleo-tecnico-red-cide\/#primaryimage"},"thumbnailUrl":"https:\/\/fg.ull.es\/hemeroteca\/wp-content\/uploads\/sites\/14\/2015\/04\/416_wc_images.jpg","datePublished":"2011-11-02T14:58:47+00:00","author":{"@id":"https:\/\/fg.ull.es\/hemeroteca\/#\/schema\/person\/cf424320c3c543ecb9f15d3785219238"},"breadcrumb":{"@id":"https:\/\/fg.ull.es\/hemeroteca\/2011\/11\/02\/oferta-de-empleo-tecnico-red-cide\/#breadcrumb"},"inLanguage":"es","potentialAction":[{"@type":"ReadAction","target":["https:\/\/fg.ull.es\/hemeroteca\/2011\/11\/02\/oferta-de-empleo-tecnico-red-cide\/"]}]},{"@type":"ImageObject","inLanguage":"es","@id":"https:\/\/fg.ull.es\/hemeroteca\/2011\/11\/02\/oferta-de-empleo-tecnico-red-cide\/#primaryimage","url":"https:\/\/fg.ull.es\/hemeroteca\/wp-content\/uploads\/sites\/14\/2015\/04\/416_wc_images.jpg","contentUrl":"https:\/\/fg.ull.es\/hemeroteca\/wp-content\/uploads\/sites\/14\/2015\/04\/416_wc_images.jpg","width":348,"height":145},{"@type":"BreadcrumbList","@id":"https:\/\/fg.ull.es\/hemeroteca\/2011\/11\/02\/oferta-de-empleo-tecnico-red-cide\/#breadcrumb","itemListElement":[{"@type":"ListItem","position":1,"name":"Home","item":"https:\/\/fg.ull.es\/hemeroteca\/"},{"@type":"ListItem","position":2,"name":"Oferta de Empleo: t\u00e9cnico Red CIDE"}]},{"@type":"WebSite","@id":"https:\/\/fg.ull.es\/hemeroteca\/#website","url":"https:\/\/fg.ull.es\/hemeroteca\/","name":"Hist\u00f3rico de noticias de la Fundaci\u00f3n General","description":"","potentialAction":[{"@type":"SearchAction","target":{"@type":"EntryPoint","urlTemplate":"https:\/\/fg.ull.es\/hemeroteca\/?s={search_term_string}"},"query-input":{"@type":"PropertyValueSpecification","valueRequired":true,"valueName":"search_term_string"}}],"inLanguage":"es"},{"@type":"Person","@id":"https:\/\/fg.ull.es\/hemeroteca\/#\/schema\/person\/cf424320c3c543ecb9f15d3785219238","name":"fgull","image":{"@type":"ImageObject","inLanguage":"es","@id":"https:\/\/secure.gravatar.com\/avatar\/3b3f179500dd91d295ffa66543a853574e5676c5c7f8b31d00af1a80aadcafa4?s=96&d=mm&r=g","url":"https:\/\/secure.gravatar.com\/avatar\/3b3f179500dd91d295ffa66543a853574e5676c5c7f8b31d00af1a80aadcafa4?s=96&d=mm&r=g","contentUrl":"https:\/\/secure.gravatar.com\/avatar\/3b3f179500dd91d295ffa66543a853574e5676c5c7f8b31d00af1a80aadcafa4?s=96&d=mm&r=g","caption":"fgull"},"url":"https:\/\/fg.ull.es\/hemeroteca\/author\/fgull\/"}]}},"featured_image_thumbnail_url":"https:\/\/fg.ull.es\/hemeroteca\/wp-content\/uploads\/sites\/14\/2015\/04\/416_wc_images-300x125.jpg","_links":{"self":[{"href":"https:\/\/fg.ull.es\/hemeroteca\/wp-json\/wp\/v2\/posts\/9272","targetHints":{"allow":["GET"]}}],"collection":[{"href":"https:\/\/fg.ull.es\/hemeroteca\/wp-json\/wp\/v2\/posts"}],"about":[{"href":"https:\/\/fg.ull.es\/hemeroteca\/wp-json\/wp\/v2\/types\/post"}],"author":[{"embeddable":true,"href":"https:\/\/fg.ull.es\/hemeroteca\/wp-json\/wp\/v2\/users\/36"}],"replies":[{"embeddable":true,"href":"https:\/\/fg.ull.es\/hemeroteca\/wp-json\/wp\/v2\/comments?post=9272"}],"version-history":[{"count":0,"href":"https:\/\/fg.ull.es\/hemeroteca\/wp-json\/wp\/v2\/posts\/9272\/revisions"}],"wp:featuredmedia":[{"embeddable":true,"href":"https:\/\/fg.ull.es\/hemeroteca\/wp-json\/wp\/v2\/media\/9271"}],"wp:attachment":[{"href":"https:\/\/fg.ull.es\/hemeroteca\/wp-json\/wp\/v2\/media?parent=9272"}],"wp:term":[{"taxonomy":"category","embeddable":true,"href":"https:\/\/fg.ull.es\/hemeroteca\/wp-json\/wp\/v2\/categories?post=9272"},{"taxonomy":"post_tag","embeddable":true,"href":"https:\/\/fg.ull.es\/hemeroteca\/wp-json\/wp\/v2\/tags?post=9272"}],"curies":[{"name":"wp","href":"https:\/\/api.w.org\/{rel}","templated":true}]}}