{"id":9266,"date":"2011-11-02T09:17:04","date_gmt":"2011-11-02T09:17:04","guid":{"rendered":"http:\/\/www.fg.ull.es\/?p=9266"},"modified":"2011-11-02T09:17:04","modified_gmt":"2011-11-02T09:17:04","slug":"dos-nuevos-titulos-de-posgrado-medicina-critica-e-intervenciones-sistemicas-breves","status":"publish","type":"post","link":"https:\/\/fg.ull.es\/hemeroteca\/2011\/11\/02\/dos-nuevos-titulos-de-posgrado-medicina-critica-e-intervenciones-sistemicas-breves\/","title":{"rendered":"Dos nuevos t\u00edtulos de Posgrado: Medicina Cr\u00edtica e Intervenciones Sist\u00e9micas Breves"},"content":{"rendered":"<p>Ya est\u00e1 abierta la preinscripci\u00f3n del I M\u00e1ster Universitario en Medicina Cr\u00edtica y I Experto Universitario en Intervenciones Sist\u00e9micas Breves.<\/p>\n<p style='text-align: justify'>La Fundaci&oacute;n Empresa Universidad de La Laguna gestiona distintos programas de M&aacute;ster, Expertos y Especialistas conducentes a la obtenci&oacute;n de T&iacute;tulos Propios de la <a href='http:\/\/www.ull.es\/'>Universidad de La Laguna<\/a>.<\/p>\n<p><strong>I M&aacute;ster Universitario en Medicina Cr&iacute;tica<\/strong><\/p>\n<p style='text-align: justify'>El objetivo es aportar los conocimientos te&oacute;ricos y pr&aacute;cticos necesarios para la asistencia al paciente cr&iacute;tico. Dentro del mismo se incluye la formaci&oacute;n en soporte vital avanzado avalado por el Consejo Canario de Resucitaci&oacute;n o por la <a href='http:\/\/www.semicyuc.org\/'>Sociedad Espa&ntilde;ola de Medicina Intensiva y Unidades Coronarias<\/a>.<\/p>\n<p><a href='https:\/\/servicios.feu.ull.es\/Portal\/ExpedienteOfertado.aspx?COD=A11010130' target='_blank' rel=\"noopener noreferrer\"><strong>Preinscripci&oacute;n <\/strong>del 1 al 21 de noviembre de 2011.<\/a><\/p>\n<p><strong>I Experto Universitario en Intervenciones Sist&eacute;micas Breves<\/strong><\/p>\n<p style='text-align: justify'>Adquirir habilidades de entrevista y terap&eacute;uticas para el manejo de evaluaci&oacute;n e intervenci&oacute;n en distintos &aacute;mbitos del trabajo en contextos relacionales. Adquirir los conocimientos te&oacute;ricos necesarios para entender la filosof&iacute;a de la intervenci&oacute;n y sustentar epistemol&oacute;gicamente todas las actuaciones y estrategias aprendidas.<\/p>\n<p><a href='https:\/\/servicios.feu.ull.es\/Portal\/ExpedienteOfertado.aspx?COD=A11010129' target='_blank' rel=\"noopener noreferrer\"><strong>Preinscripci&oacute;n<\/strong> del 31 de octubre al 9 de noviembre de 2011.<\/a><\/p>\n<p>Consulta la <strong>informaci&oacute;n completa<\/strong> de los <strong>t&iacute;tulos propios<\/strong> <a href='..\/..\/es\/proyecto\/master__expertos__especialistas_posgrados_20112012\/47\/'>aqu&iacute;<\/a><\/p>\n<p>&nbsp;<\/p>\n","protected":false},"excerpt":{"rendered":"<p>Ya est\u00e1 abierta la preinscripci\u00f3n del I M\u00e1ster Universitario en Medicina Cr\u00edtica y I Experto Universitario en Intervenciones Sist\u00e9micas Breves.<\/p>\n","protected":false},"author":36,"featured_media":9265,"comment_status":"closed","ping_status":"open","sticky":false,"template":"","format":"standard","meta":{"footnotes":""},"categories":[5,6],"tags":[173,672,1123],"featured_image_thumbnail_url":"https:\/\/fg.ull.es\/hemeroteca\/wp-content\/uploads\/sites\/14\/2015\/04\/415_b2_formacioncolor-300x212.jpg","_links":{"self":[{"href":"https:\/\/fg.ull.es\/hemeroteca\/wp-json\/wp\/v2\/posts\/9266"}],"collection":[{"href":"https:\/\/fg.ull.es\/hemeroteca\/wp-json\/wp\/v2\/posts"}],"about":[{"href":"https:\/\/fg.ull.es\/hemeroteca\/wp-json\/wp\/v2\/types\/post"}],"author":[{"embeddable":true,"href":"https:\/\/fg.ull.es\/hemeroteca\/wp-json\/wp\/v2\/users\/36"}],"replies":[{"embeddable":true,"href":"https:\/\/fg.ull.es\/hemeroteca\/wp-json\/wp\/v2\/comments?post=9266"}],"version-history":[{"count":0,"href":"https:\/\/fg.ull.es\/hemeroteca\/wp-json\/wp\/v2\/posts\/9266\/revisions"}],"wp:featuredmedia":[{"embeddable":true,"href":"https:\/\/fg.ull.es\/hemeroteca\/wp-json\/wp\/v2\/media\/9265"}],"wp:attachment":[{"href":"https:\/\/fg.ull.es\/hemeroteca\/wp-json\/wp\/v2\/media?parent=9266"}],"wp:term":[{"taxonomy":"category","embeddable":true,"href":"https:\/\/fg.ull.es\/hemeroteca\/wp-json\/wp\/v2\/categories?post=9266"},{"taxonomy":"post_tag","embeddable":true,"href":"https:\/\/fg.ull.es\/hemeroteca\/wp-json\/wp\/v2\/tags?post=9266"}],"curies":[{"name":"wp","href":"https:\/\/api.w.org\/{rel}","templated":true}]}}