{"id":9223,"date":"2011-10-24T16:02:32","date_gmt":"2011-10-24T16:02:32","guid":{"rendered":"http:\/\/www.fg.ull.es\/?p=9223"},"modified":"2011-10-24T16:02:32","modified_gmt":"2011-10-24T16:02:32","slug":"intenso-y-productivo-trabajo-en-la-jornada-orientacion-a-lo-largo-de-la-vida","status":"publish","type":"post","link":"https:\/\/fg.ull.es\/hemeroteca\/2011\/10\/24\/intenso-y-productivo-trabajo-en-la-jornada-orientacion-a-lo-largo-de-la-vida\/","title":{"rendered":"Intenso y productivo trabajo en la Jornada &#039;Orientaci\u00f3n a lo largo de la vida&#039;."},"content":{"rendered":"<p>La Jornada reuni\u00f3 a profesionales y estudiantes interesados por la orientaci\u00f3n laboral desde una \u00f3ptica multidisciplinar.<\/p>\n<p style='text-align: justify'>El pasado jueves, 20 de octubre, se celebraba en la Facultad de CC. de la Informaci&oacute;n la Jornada &#8216;Orientaci&oacute;n a lo largo de la vida&#8217;. El encuentro, orientado fundamentalmente hacia el debate y la coordinaci&oacute;n, pretend&iacute;a poner en com&uacute;n las diferentes visiones y pr&aacute;cticas sobre orientaci&oacute;n laboral que se desarrollan actualmente en la isla.<\/p>\n<p style='text-align: justify'>El acto se inici&oacute; con un hecho de gran trascendencia para los\/as j&oacute;venes universitarios de las islas, la firma de renovaci&oacute;n del convenio entre el <a href='http:\/\/www2.gobiernodecanarias.org\/empleo\/portal\/web\/sce' target=\"_blank\" rel=\"noopener\">Servicio Canario de Empleo (SCE)<\/a> y la <a href='http:\/\/www.ull.es\/' target=\"_blank\" rel=\"noopener\">ULL<\/a> para el desarrollo de una nueva fase del programa <a href='..\/..\/es\/proyecto\/pude_formacion\/23\/' target=\"_blank\" rel=\"noopener\">PUDE<\/a>, gestionado por la FEULL. El proyecto PUDE, est&aacute; subdividido en tres grandes programas de formaci&oacute;n: los <a href='..\/..\/es\/proyecto\/pude_formacion\/23\/' target=\"_blank\" rel=\"noopener\">Cursos de formaci&oacute;n PUDE<\/a>,&nbsp;<a href='..\/..\/es\/proyecto\/pude_orientacion\/3\/' target=\"_blank\" rel=\"noopener\">ITINERA<\/a>&nbsp;y <a href='..\/..\/es\/proyecto\/emprendeull\/2\/' target=\"_blank\" rel=\"noopener\">EMPRENDE<\/a>. El Plan PUDE ejecut&oacute; en los tres a&ntilde;os anteriores un total de 9.851 acciones formativas, distribuidas entre los cursos de formaci&oacute;n (5.797 acciones), los asesoramientos y talleres de Emprende.ull (446) y las correspondientes a orientaci&oacute;n laboral dentro del programa Itinera (3.608). &nbsp;<\/p>\n<p style='text-align: justify'>La Jornada continuaba con una<strong> Mesa Redonda<\/strong> titulada&nbsp;<strong>&nbsp;&#8216;&Aacute;mbitos de la Orientaci&oacute;n&#8217;<\/strong>&nbsp;moderada por D&ntilde;a. Miriam Gonz&aacute;lez, Vicerrectora de Alumnado de la ULL, en la que participaron D. Juan Antonio Brito,&nbsp; Coordinador de los EOEP de la Direcci&oacute;n General de Ordenaci&oacute;n, Innovaci&oacute;n y Promoci&oacute;n Educativa; Coralia Ben&iacute;tez Pe&ntilde;ate, Prospectora Laboral de FUNCATRA;&nbsp; Valeska Gonz&aacute;lez P&eacute;rez, Agente de Empleo y Desarrollo Local del Puerto de la Cruz; Luz M&ordf; Meli&aacute;n Rodr&iacute;guez, Tutora de Empleo del Servicio Canario de Empleo y Mar&iacute;a Teresa Pe&ntilde;a, Coordinadora del Departamento de Integraci&oacute;n Laboral de <a href='http:\/\/www.sinpromi.es\/' target=\"_blank\" rel=\"noopener\">SINPROMI<\/a>.<\/p>\n<p style='text-align: justify'>Posteriormente, tuvo lugar la ponencia <strong>&iquest;Hablamos el mismo lenguaje educaci&oacute;n, empleo y empresa?<\/strong> a cargo de D. Luis A. Garc&iacute;a Garc&iacute;a, Catedr&aacute;tico de Psicolog&iacute;a Evolutiva de la Universidad de La Laguna, marcada por gran dinamismo y participaci&oacute;n por parte de los asistentes.<\/p>\n<p style='text-align: justify'>&Eacute;ste resalt&oacute; la &#8216;importancia que corre hoy en d&iacute;a la Orientaci&oacute;n en la vida diaria en la que es esencial primero orientar y en segundo lugar, formar&#8217; Adem&aacute;s, recalc&oacute;&nbsp; que &#8216;la clave de la cualificaci&oacute;n orientadora es mantener un sistema unificado&#8217;.<\/p>\n<p style='text-align: justify'>Asimismo, destac&oacute; la importancia de &#8216;formar en competencias y que los profesionales en la materia conozcan el territorio&#8217;.<\/p>\n<p>Por otro lado coment&oacute; que, &nbsp;&#8216;la persona orientada, tenga la edad que tenga y est&eacute; cualificada o no, es ante todo, persona, que es lo primero que hay que valorar&#8217;, concluy&oacute;.<\/p>\n<p style='text-align: justify'>Tras la charla, se dio paso a las &#8216;<strong>mesas de trabajo&#8217;<\/strong>&nbsp;divididas en 4 modalidades seg&uacute;n la preferencia de cada asistente: &#8216;El Proceso de Orientaci&oacute;n por Competencias&#8217;, &#8216;Recursos para la coordinaci&oacute;n entre los diferentes agentes de Orientaci&oacute;n&#8217;; &#8216;Las Redes Sociales y los Recursos TIC para la Orientaci&oacute;n&#8217; y &#8216;Orientaci&oacute;n a Colectivos en Riesgo de Exclusi&oacute;n Social&#8217; aunque marcadas por breve espacio de tiempo resultaron ser muy intensas, interesantes y enormemente participativas.<\/p>\n<p style='text-align: justify'>Finalmente, se procedi&oacute; a la Presentaci&oacute;n de Conclusiones con D. Pedro &Aacute;lvarez P&eacute;rez, Profesor de orientaci&oacute;n profesional del Departamento de Did&aacute;ctica e Investigaci&oacute;n Educativa de la ULL,&nbsp; que resultaron tras las mesas de trabajo cuya tem&aacute;tica fue la necesidad de unificaci&oacute;n, suma de esfuerzos e incorporaci&oacute;n de competencias, entre las m&aacute;s destacadas.<\/p>\n<p style='text-align: justify'>Concluy&oacute; el acto con la entrega de certificados a todos\/as los\/as asistentes con vistas a poner en proyecci&oacute;n todo lo establecido y seguir con esta iniciativa tan enriquecedora en futuras ediciones.<\/p>\n<p>&nbsp;<\/p>\n<p>&nbsp;<\/p>\n<div style=\"max-width: 100%;max-height:100%\"><img src='http:\/\/www.fg.ull.es\/wp-content\/uploads\/2015\/04\/397_xf_dsc_0322.jpg'><\/div>\n<div style=\"max-width: 100%;max-height:100%\"><img src='http:\/\/www.fg.ull.es\/wp-content\/uploads\/2015\/04\/398_q1_dsc_0331.jpg'><\/div>\n<div style=\"max-width: 100%;max-height:100%\"><img src='http:\/\/www.fg.ull.es\/wp-content\/uploads\/2015\/04\/399_0y_dsc_0348.jpg'><\/div>\n<div style=\"max-width: 100%;max-height:100%\"><img src='http:\/\/www.fg.ull.es\/wp-content\/uploads\/2015\/04\/400_la_dsc_0369.jpg'><\/div>\n<div style=\"max-width: 100%;max-height:100%\"><img src='http:\/\/www.fg.ull.es\/wp-content\/uploads\/2015\/04\/401_xm_dsc_0378.jpg'><\/div>\n<div style=\"max-width: 100%;max-height:100%\"><img src='http:\/\/www.fg.ull.es\/wp-content\/uploads\/2015\/04\/402_mq_dsc_0383.jpg'><\/div>\n","protected":false},"excerpt":{"rendered":"<p>La Jornada reuni\u00f3 a profesionales y estudiantes interesados por la orientaci\u00f3n laboral desde una \u00f3ptica multidisciplinar.<\/p>\n","protected":false},"author":36,"featured_media":9216,"comment_status":"closed","ping_status":"open","sticky":false,"template":"","format":"standard","meta":{"footnotes":""},"categories":[3,6],"tags":[173],"class_list":["post-9223","post","type-post","status-publish","format-standard","has-post-thumbnail","hentry","category-empleo","category-fundacion","tag-archivados"],"yoast_head":"<!-- This site is optimized with the Yoast SEO plugin v28.2 - https:\/\/yoast.com\/product\/yoast-seo-wordpress\/ -->\n<title>Intenso y productivo trabajo en la Jornada &#039;Orientaci\u00f3n a lo largo de la vida&#039;. - Hist\u00f3rico de noticias de la Fundaci\u00f3n General<\/title>\n<meta name=\"robots\" content=\"index, follow, max-snippet:-1, max-image-preview:large, max-video-preview:-1\" \/>\n<link rel=\"canonical\" href=\"https:\/\/fg.ull.es\/hemeroteca\/2011\/10\/24\/intenso-y-productivo-trabajo-en-la-jornada-orientacion-a-lo-largo-de-la-vida\/\" \/>\n<meta property=\"og:locale\" content=\"es_ES\" \/>\n<meta property=\"og:type\" content=\"article\" \/>\n<meta property=\"og:title\" content=\"Intenso y productivo trabajo en la Jornada &#039;Orientaci\u00f3n a lo largo de la vida&#039;. - Hist\u00f3rico de noticias de la Fundaci\u00f3n General\" \/>\n<meta property=\"og:description\" content=\"La Jornada reuni\u00f3 a profesionales y estudiantes interesados por la orientaci\u00f3n laboral desde una \u00f3ptica multidisciplinar.\" \/>\n<meta property=\"og:url\" content=\"https:\/\/fg.ull.es\/hemeroteca\/2011\/10\/24\/intenso-y-productivo-trabajo-en-la-jornada-orientacion-a-lo-largo-de-la-vida\/\" \/>\n<meta property=\"og:site_name\" content=\"Hist\u00f3rico de noticias de la Fundaci\u00f3n General\" \/>\n<meta property=\"article:published_time\" content=\"2011-10-24T16:02:32+00:00\" \/>\n<meta property=\"og:image\" content=\"https:\/\/fg.ull.es\/hemeroteca\/wp-content\/uploads\/sites\/14\/2015\/04\/396_ks_dsc_0349-scaled.jpg\" \/>\n\t<meta property=\"og:image:width\" content=\"2560\" \/>\n\t<meta property=\"og:image:height\" content=\"1714\" \/>\n\t<meta property=\"og:image:type\" content=\"image\/jpeg\" \/>\n<meta name=\"author\" content=\"fgull\" \/>\n<meta name=\"twitter:card\" content=\"summary_large_image\" \/>\n<meta name=\"twitter:label1\" content=\"Escrito por\" \/>\n\t<meta name=\"twitter:data1\" content=\"fgull\" \/>\n\t<meta name=\"twitter:label2\" content=\"Tiempo de lectura\" \/>\n\t<meta name=\"twitter:data2\" content=\"3 minutos\" \/>\n<script type=\"application\/ld+json\" class=\"yoast-schema-graph\">{\"@context\":\"https:\\\/\\\/schema.org\",\"@graph\":[{\"@type\":\"Article\",\"@id\":\"https:\\\/\\\/fg.ull.es\\\/hemeroteca\\\/2011\\\/10\\\/24\\\/intenso-y-productivo-trabajo-en-la-jornada-orientacion-a-lo-largo-de-la-vida\\\/#article\",\"isPartOf\":{\"@id\":\"https:\\\/\\\/fg.ull.es\\\/hemeroteca\\\/2011\\\/10\\\/24\\\/intenso-y-productivo-trabajo-en-la-jornada-orientacion-a-lo-largo-de-la-vida\\\/\"},\"author\":{\"name\":\"fgull\",\"@id\":\"https:\\\/\\\/fg.ull.es\\\/hemeroteca\\\/#\\\/schema\\\/person\\\/cf424320c3c543ecb9f15d3785219238\"},\"headline\":\"Intenso y productivo trabajo en la Jornada &#039;Orientaci\u00f3n a lo largo de la vida&#039;.\",\"datePublished\":\"2011-10-24T16:02:32+00:00\",\"mainEntityOfPage\":{\"@id\":\"https:\\\/\\\/fg.ull.es\\\/hemeroteca\\\/2011\\\/10\\\/24\\\/intenso-y-productivo-trabajo-en-la-jornada-orientacion-a-lo-largo-de-la-vida\\\/\"},\"wordCount\":711,\"image\":{\"@id\":\"https:\\\/\\\/fg.ull.es\\\/hemeroteca\\\/2011\\\/10\\\/24\\\/intenso-y-productivo-trabajo-en-la-jornada-orientacion-a-lo-largo-de-la-vida\\\/#primaryimage\"},\"thumbnailUrl\":\"https:\\\/\\\/fg.ull.es\\\/hemeroteca\\\/wp-content\\\/uploads\\\/sites\\\/14\\\/2015\\\/04\\\/396_ks_dsc_0349-scaled.jpg\",\"keywords\":[\"Archivados\"],\"articleSection\":[\"Empleo\",\"Fundaci\u00f3n\"],\"inLanguage\":\"es\"},{\"@type\":\"WebPage\",\"@id\":\"https:\\\/\\\/fg.ull.es\\\/hemeroteca\\\/2011\\\/10\\\/24\\\/intenso-y-productivo-trabajo-en-la-jornada-orientacion-a-lo-largo-de-la-vida\\\/\",\"url\":\"https:\\\/\\\/fg.ull.es\\\/hemeroteca\\\/2011\\\/10\\\/24\\\/intenso-y-productivo-trabajo-en-la-jornada-orientacion-a-lo-largo-de-la-vida\\\/\",\"name\":\"Intenso y productivo trabajo en la Jornada &#039;Orientaci\u00f3n a lo largo de la vida&#039;. - Hist\u00f3rico de noticias de la Fundaci\u00f3n General\",\"isPartOf\":{\"@id\":\"https:\\\/\\\/fg.ull.es\\\/hemeroteca\\\/#website\"},\"primaryImageOfPage\":{\"@id\":\"https:\\\/\\\/fg.ull.es\\\/hemeroteca\\\/2011\\\/10\\\/24\\\/intenso-y-productivo-trabajo-en-la-jornada-orientacion-a-lo-largo-de-la-vida\\\/#primaryimage\"},\"image\":{\"@id\":\"https:\\\/\\\/fg.ull.es\\\/hemeroteca\\\/2011\\\/10\\\/24\\\/intenso-y-productivo-trabajo-en-la-jornada-orientacion-a-lo-largo-de-la-vida\\\/#primaryimage\"},\"thumbnailUrl\":\"https:\\\/\\\/fg.ull.es\\\/hemeroteca\\\/wp-content\\\/uploads\\\/sites\\\/14\\\/2015\\\/04\\\/396_ks_dsc_0349-scaled.jpg\",\"datePublished\":\"2011-10-24T16:02:32+00:00\",\"author\":{\"@id\":\"https:\\\/\\\/fg.ull.es\\\/hemeroteca\\\/#\\\/schema\\\/person\\\/cf424320c3c543ecb9f15d3785219238\"},\"breadcrumb\":{\"@id\":\"https:\\\/\\\/fg.ull.es\\\/hemeroteca\\\/2011\\\/10\\\/24\\\/intenso-y-productivo-trabajo-en-la-jornada-orientacion-a-lo-largo-de-la-vida\\\/#breadcrumb\"},\"inLanguage\":\"es\",\"potentialAction\":[{\"@type\":\"ReadAction\",\"target\":[\"https:\\\/\\\/fg.ull.es\\\/hemeroteca\\\/2011\\\/10\\\/24\\\/intenso-y-productivo-trabajo-en-la-jornada-orientacion-a-lo-largo-de-la-vida\\\/\"]}]},{\"@type\":\"ImageObject\",\"inLanguage\":\"es\",\"@id\":\"https:\\\/\\\/fg.ull.es\\\/hemeroteca\\\/2011\\\/10\\\/24\\\/intenso-y-productivo-trabajo-en-la-jornada-orientacion-a-lo-largo-de-la-vida\\\/#primaryimage\",\"url\":\"https:\\\/\\\/fg.ull.es\\\/hemeroteca\\\/wp-content\\\/uploads\\\/sites\\\/14\\\/2015\\\/04\\\/396_ks_dsc_0349-scaled.jpg\",\"contentUrl\":\"https:\\\/\\\/fg.ull.es\\\/hemeroteca\\\/wp-content\\\/uploads\\\/sites\\\/14\\\/2015\\\/04\\\/396_ks_dsc_0349-scaled.jpg\",\"width\":2560,\"height\":1714},{\"@type\":\"BreadcrumbList\",\"@id\":\"https:\\\/\\\/fg.ull.es\\\/hemeroteca\\\/2011\\\/10\\\/24\\\/intenso-y-productivo-trabajo-en-la-jornada-orientacion-a-lo-largo-de-la-vida\\\/#breadcrumb\",\"itemListElement\":[{\"@type\":\"ListItem\",\"position\":1,\"name\":\"Home\",\"item\":\"https:\\\/\\\/fg.ull.es\\\/hemeroteca\\\/\"},{\"@type\":\"ListItem\",\"position\":2,\"name\":\"Intenso y productivo trabajo en la Jornada &#039;Orientaci\u00f3n a lo largo de la vida&#039;.\"}]},{\"@type\":\"WebSite\",\"@id\":\"https:\\\/\\\/fg.ull.es\\\/hemeroteca\\\/#website\",\"url\":\"https:\\\/\\\/fg.ull.es\\\/hemeroteca\\\/\",\"name\":\"Hist\u00f3rico de noticias de la Fundaci\u00f3n General\",\"description\":\"\",\"potentialAction\":[{\"@type\":\"SearchAction\",\"target\":{\"@type\":\"EntryPoint\",\"urlTemplate\":\"https:\\\/\\\/fg.ull.es\\\/hemeroteca\\\/?s={search_term_string}\"},\"query-input\":{\"@type\":\"PropertyValueSpecification\",\"valueRequired\":true,\"valueName\":\"search_term_string\"}}],\"inLanguage\":\"es\"},{\"@type\":\"Person\",\"@id\":\"https:\\\/\\\/fg.ull.es\\\/hemeroteca\\\/#\\\/schema\\\/person\\\/cf424320c3c543ecb9f15d3785219238\",\"name\":\"fgull\",\"image\":{\"@type\":\"ImageObject\",\"inLanguage\":\"es\",\"@id\":\"https:\\\/\\\/secure.gravatar.com\\\/avatar\\\/3b3f179500dd91d295ffa66543a853574e5676c5c7f8b31d00af1a80aadcafa4?s=96&d=mm&r=g\",\"url\":\"https:\\\/\\\/secure.gravatar.com\\\/avatar\\\/3b3f179500dd91d295ffa66543a853574e5676c5c7f8b31d00af1a80aadcafa4?s=96&d=mm&r=g\",\"contentUrl\":\"https:\\\/\\\/secure.gravatar.com\\\/avatar\\\/3b3f179500dd91d295ffa66543a853574e5676c5c7f8b31d00af1a80aadcafa4?s=96&d=mm&r=g\",\"caption\":\"fgull\"},\"url\":\"https:\\\/\\\/fg.ull.es\\\/hemeroteca\\\/author\\\/fgull\\\/\"}]}<\/script>\n<!-- \/ Yoast SEO plugin. -->","yoast_head_json":{"title":"Intenso y productivo trabajo en la Jornada &#039;Orientaci\u00f3n a lo largo de la vida&#039;. - Hist\u00f3rico de noticias de la Fundaci\u00f3n General","robots":{"index":"index","follow":"follow","max-snippet":"max-snippet:-1","max-image-preview":"max-image-preview:large","max-video-preview":"max-video-preview:-1"},"canonical":"https:\/\/fg.ull.es\/hemeroteca\/2011\/10\/24\/intenso-y-productivo-trabajo-en-la-jornada-orientacion-a-lo-largo-de-la-vida\/","og_locale":"es_ES","og_type":"article","og_title":"Intenso y productivo trabajo en la Jornada &#039;Orientaci\u00f3n a lo largo de la vida&#039;. - Hist\u00f3rico de noticias de la Fundaci\u00f3n General","og_description":"La Jornada reuni\u00f3 a profesionales y estudiantes interesados por la orientaci\u00f3n laboral desde una \u00f3ptica multidisciplinar.","og_url":"https:\/\/fg.ull.es\/hemeroteca\/2011\/10\/24\/intenso-y-productivo-trabajo-en-la-jornada-orientacion-a-lo-largo-de-la-vida\/","og_site_name":"Hist\u00f3rico de noticias de la Fundaci\u00f3n General","article_published_time":"2011-10-24T16:02:32+00:00","og_image":[{"width":2560,"height":1714,"url":"https:\/\/fg.ull.es\/hemeroteca\/wp-content\/uploads\/sites\/14\/2015\/04\/396_ks_dsc_0349-scaled.jpg","type":"image\/jpeg"}],"author":"fgull","twitter_card":"summary_large_image","twitter_misc":{"Escrito por":"fgull","Tiempo de lectura":"3 minutos"},"schema":{"@context":"https:\/\/schema.org","@graph":[{"@type":"Article","@id":"https:\/\/fg.ull.es\/hemeroteca\/2011\/10\/24\/intenso-y-productivo-trabajo-en-la-jornada-orientacion-a-lo-largo-de-la-vida\/#article","isPartOf":{"@id":"https:\/\/fg.ull.es\/hemeroteca\/2011\/10\/24\/intenso-y-productivo-trabajo-en-la-jornada-orientacion-a-lo-largo-de-la-vida\/"},"author":{"name":"fgull","@id":"https:\/\/fg.ull.es\/hemeroteca\/#\/schema\/person\/cf424320c3c543ecb9f15d3785219238"},"headline":"Intenso y productivo trabajo en la Jornada &#039;Orientaci\u00f3n a lo largo de la vida&#039;.","datePublished":"2011-10-24T16:02:32+00:00","mainEntityOfPage":{"@id":"https:\/\/fg.ull.es\/hemeroteca\/2011\/10\/24\/intenso-y-productivo-trabajo-en-la-jornada-orientacion-a-lo-largo-de-la-vida\/"},"wordCount":711,"image":{"@id":"https:\/\/fg.ull.es\/hemeroteca\/2011\/10\/24\/intenso-y-productivo-trabajo-en-la-jornada-orientacion-a-lo-largo-de-la-vida\/#primaryimage"},"thumbnailUrl":"https:\/\/fg.ull.es\/hemeroteca\/wp-content\/uploads\/sites\/14\/2015\/04\/396_ks_dsc_0349-scaled.jpg","keywords":["Archivados"],"articleSection":["Empleo","Fundaci\u00f3n"],"inLanguage":"es"},{"@type":"WebPage","@id":"https:\/\/fg.ull.es\/hemeroteca\/2011\/10\/24\/intenso-y-productivo-trabajo-en-la-jornada-orientacion-a-lo-largo-de-la-vida\/","url":"https:\/\/fg.ull.es\/hemeroteca\/2011\/10\/24\/intenso-y-productivo-trabajo-en-la-jornada-orientacion-a-lo-largo-de-la-vida\/","name":"Intenso y productivo trabajo en la Jornada &#039;Orientaci\u00f3n a lo largo de la vida&#039;. - Hist\u00f3rico de noticias de la Fundaci\u00f3n General","isPartOf":{"@id":"https:\/\/fg.ull.es\/hemeroteca\/#website"},"primaryImageOfPage":{"@id":"https:\/\/fg.ull.es\/hemeroteca\/2011\/10\/24\/intenso-y-productivo-trabajo-en-la-jornada-orientacion-a-lo-largo-de-la-vida\/#primaryimage"},"image":{"@id":"https:\/\/fg.ull.es\/hemeroteca\/2011\/10\/24\/intenso-y-productivo-trabajo-en-la-jornada-orientacion-a-lo-largo-de-la-vida\/#primaryimage"},"thumbnailUrl":"https:\/\/fg.ull.es\/hemeroteca\/wp-content\/uploads\/sites\/14\/2015\/04\/396_ks_dsc_0349-scaled.jpg","datePublished":"2011-10-24T16:02:32+00:00","author":{"@id":"https:\/\/fg.ull.es\/hemeroteca\/#\/schema\/person\/cf424320c3c543ecb9f15d3785219238"},"breadcrumb":{"@id":"https:\/\/fg.ull.es\/hemeroteca\/2011\/10\/24\/intenso-y-productivo-trabajo-en-la-jornada-orientacion-a-lo-largo-de-la-vida\/#breadcrumb"},"inLanguage":"es","potentialAction":[{"@type":"ReadAction","target":["https:\/\/fg.ull.es\/hemeroteca\/2011\/10\/24\/intenso-y-productivo-trabajo-en-la-jornada-orientacion-a-lo-largo-de-la-vida\/"]}]},{"@type":"ImageObject","inLanguage":"es","@id":"https:\/\/fg.ull.es\/hemeroteca\/2011\/10\/24\/intenso-y-productivo-trabajo-en-la-jornada-orientacion-a-lo-largo-de-la-vida\/#primaryimage","url":"https:\/\/fg.ull.es\/hemeroteca\/wp-content\/uploads\/sites\/14\/2015\/04\/396_ks_dsc_0349-scaled.jpg","contentUrl":"https:\/\/fg.ull.es\/hemeroteca\/wp-content\/uploads\/sites\/14\/2015\/04\/396_ks_dsc_0349-scaled.jpg","width":2560,"height":1714},{"@type":"BreadcrumbList","@id":"https:\/\/fg.ull.es\/hemeroteca\/2011\/10\/24\/intenso-y-productivo-trabajo-en-la-jornada-orientacion-a-lo-largo-de-la-vida\/#breadcrumb","itemListElement":[{"@type":"ListItem","position":1,"name":"Home","item":"https:\/\/fg.ull.es\/hemeroteca\/"},{"@type":"ListItem","position":2,"name":"Intenso y productivo trabajo en la Jornada &#039;Orientaci\u00f3n a lo largo de la vida&#039;."}]},{"@type":"WebSite","@id":"https:\/\/fg.ull.es\/hemeroteca\/#website","url":"https:\/\/fg.ull.es\/hemeroteca\/","name":"Hist\u00f3rico de noticias de la Fundaci\u00f3n General","description":"","potentialAction":[{"@type":"SearchAction","target":{"@type":"EntryPoint","urlTemplate":"https:\/\/fg.ull.es\/hemeroteca\/?s={search_term_string}"},"query-input":{"@type":"PropertyValueSpecification","valueRequired":true,"valueName":"search_term_string"}}],"inLanguage":"es"},{"@type":"Person","@id":"https:\/\/fg.ull.es\/hemeroteca\/#\/schema\/person\/cf424320c3c543ecb9f15d3785219238","name":"fgull","image":{"@type":"ImageObject","inLanguage":"es","@id":"https:\/\/secure.gravatar.com\/avatar\/3b3f179500dd91d295ffa66543a853574e5676c5c7f8b31d00af1a80aadcafa4?s=96&d=mm&r=g","url":"https:\/\/secure.gravatar.com\/avatar\/3b3f179500dd91d295ffa66543a853574e5676c5c7f8b31d00af1a80aadcafa4?s=96&d=mm&r=g","contentUrl":"https:\/\/secure.gravatar.com\/avatar\/3b3f179500dd91d295ffa66543a853574e5676c5c7f8b31d00af1a80aadcafa4?s=96&d=mm&r=g","caption":"fgull"},"url":"https:\/\/fg.ull.es\/hemeroteca\/author\/fgull\/"}]}},"featured_image_thumbnail_url":"https:\/\/fg.ull.es\/hemeroteca\/wp-content\/uploads\/sites\/14\/2015\/04\/396_ks_dsc_0349-300x201.jpg","_links":{"self":[{"href":"https:\/\/fg.ull.es\/hemeroteca\/wp-json\/wp\/v2\/posts\/9223","targetHints":{"allow":["GET"]}}],"collection":[{"href":"https:\/\/fg.ull.es\/hemeroteca\/wp-json\/wp\/v2\/posts"}],"about":[{"href":"https:\/\/fg.ull.es\/hemeroteca\/wp-json\/wp\/v2\/types\/post"}],"author":[{"embeddable":true,"href":"https:\/\/fg.ull.es\/hemeroteca\/wp-json\/wp\/v2\/users\/36"}],"replies":[{"embeddable":true,"href":"https:\/\/fg.ull.es\/hemeroteca\/wp-json\/wp\/v2\/comments?post=9223"}],"version-history":[{"count":0,"href":"https:\/\/fg.ull.es\/hemeroteca\/wp-json\/wp\/v2\/posts\/9223\/revisions"}],"wp:featuredmedia":[{"embeddable":true,"href":"https:\/\/fg.ull.es\/hemeroteca\/wp-json\/wp\/v2\/media\/9216"}],"wp:attachment":[{"href":"https:\/\/fg.ull.es\/hemeroteca\/wp-json\/wp\/v2\/media?parent=9223"}],"wp:term":[{"taxonomy":"category","embeddable":true,"href":"https:\/\/fg.ull.es\/hemeroteca\/wp-json\/wp\/v2\/categories?post=9223"},{"taxonomy":"post_tag","embeddable":true,"href":"https:\/\/fg.ull.es\/hemeroteca\/wp-json\/wp\/v2\/tags?post=9223"}],"curies":[{"name":"wp","href":"https:\/\/api.w.org\/{rel}","templated":true}]}}