{"id":9169,"date":"2011-10-06T11:57:51","date_gmt":"2011-10-06T11:57:51","guid":{"rendered":"http:\/\/www.fg.ull.es\/?p=9169"},"modified":"2011-10-06T11:57:51","modified_gmt":"2011-10-06T11:57:51","slug":"presentamos-nuestro-blog","status":"publish","type":"post","link":"https:\/\/fg.ull.es\/hemeroteca\/2011\/10\/06\/presentamos-nuestro-blog\/","title":{"rendered":"Presentamos nuestro blog"},"content":{"rendered":"<p>Un espacio en el que participar\u00e1 el personal de la Fundaci\u00f3n y en el que compartiremos conocimientos e informaci\u00f3n sobre los sectores estrat\u00e9gicos en los que la FEULL desarrolla su actividad.<\/p>\n<p align='justify'>A partir de hoy pueden acceder a un nuevo espacio de comunicaci&oacute;n, en el que pretendemos ofrecer informaci&oacute;n valiosa y diferenciada. Nuestro blog corporativo: http:\/\/www.feu.ull.es\/blog\/. Esta nueva herramient se incluye dentro de las acciones que estamos implementando para mejorar nuestra relaci&oacute;n y comunicaci&oacute;n online, un prop&oacute;sito en el que est&aacute; embarcada toda la Fundaci&oacute;n.<\/p>\n<p align='justify'>Nuestro objetivo es abrir la Fundaci&oacute;n Empresa Universidad de La Laguna a la sociedad desde su base fundamental, que no es otra que el personal que la integra. Las personas que trabajan en la FEULL <strong>compartir&aacute;n sus conocimientos y opiniones<\/strong> en este espacio, en torno a las l&iacute;neas de actuaci&oacute;n que est&aacute;n abiertas: emprendedur&iacute;a joven, gesti&oacute;n de la innovaci&oacute;n, orientaci&oacute;n para el empleo, formaci&oacute;n especializada, transferencia del conocimiento, ense&ntilde;anza de idiomas, investigaci&oacute;n universitaria etc. Adem&aacute;s, nos gustar&iacute;a que este tambi&eacute;n fuera un lugar de interacci&oacute;n y debate; todas las opiniones e informaciones que nos den sobre nuestra labor nos sirven para crecer y mejorar.<\/p>\n<p align='justify'>Con mucha ilusi&oacute;n, empezamos este camino. Esperamos que nos acompa&ntilde;en.<\/p>\n<p align='justify'><a href='..\/..\/blog\/' target=\"_blank\" rel=\"noopener\">http:\/\/www.feu.ull.es\/blog\/<\/a><\/p>\n<p align='justify'><a href='http:\/\/www.gentedigital.es\/tenerife\/noticia\/676316\/la-fundacion-empresa-universidad-de-la-laguna-impulsa-su-presencia-en-las-redes-sociales\/' target=\"_blank\" rel=\"noopener\">Gente Digital<\/a><\/p>\n<div style=\"max-width: 100%;max-height:100%\"><img src='http:\/\/www.fg.ull.es\/wp-content\/uploads\/2015\/04\/374_q9_110429_tfe_fundacion_empresa.jpg'><\/div>\n","protected":false},"excerpt":{"rendered":"<p>Un espacio en el que participar\u00e1 el personal de la Fundaci\u00f3n y en el que compartiremos conocimientos e informaci\u00f3n sobre los sectores estrat\u00e9gicos en los que la FEULL desarrolla su actividad.<\/p>\n","protected":false},"author":36,"featured_media":9167,"comment_status":"closed","ping_status":"open","sticky":false,"template":"","format":"standard","meta":{"footnotes":""},"categories":[6],"tags":[173],"class_list":["post-9169","post","type-post","status-publish","format-standard","has-post-thumbnail","hentry","category-fundacion","tag-archivados"],"yoast_head":"<!-- This site is optimized with the Yoast SEO plugin v28.2 - https:\/\/yoast.com\/product\/yoast-seo-wordpress\/ -->\n<title>Presentamos nuestro blog - Hist\u00f3rico de noticias de la Fundaci\u00f3n General<\/title>\n<meta name=\"robots\" content=\"index, follow, max-snippet:-1, max-image-preview:large, max-video-preview:-1\" \/>\n<link rel=\"canonical\" href=\"https:\/\/fg.ull.es\/hemeroteca\/2011\/10\/06\/presentamos-nuestro-blog\/\" \/>\n<meta property=\"og:locale\" content=\"es_ES\" \/>\n<meta property=\"og:type\" content=\"article\" \/>\n<meta property=\"og:title\" content=\"Presentamos nuestro blog - Hist\u00f3rico de noticias de la Fundaci\u00f3n General\" \/>\n<meta property=\"og:description\" content=\"Un espacio en el que participar\u00e1 el personal de la Fundaci\u00f3n y en el que compartiremos conocimientos e informaci\u00f3n sobre los sectores estrat\u00e9gicos en los que la FEULL desarrolla su actividad.\" \/>\n<meta property=\"og:url\" content=\"https:\/\/fg.ull.es\/hemeroteca\/2011\/10\/06\/presentamos-nuestro-blog\/\" \/>\n<meta property=\"og:site_name\" content=\"Hist\u00f3rico de noticias de la Fundaci\u00f3n General\" \/>\n<meta property=\"article:published_time\" content=\"2011-10-06T11:57:51+00:00\" \/>\n<meta property=\"og:image\" content=\"https:\/\/fg.ull.es\/hemeroteca\/wp-content\/uploads\/sites\/14\/2015\/04\/373_yx_cabecera_blog.jpg\" \/>\n\t<meta property=\"og:image:width\" content=\"1024\" \/>\n\t<meta property=\"og:image:height\" content=\"212\" \/>\n\t<meta property=\"og:image:type\" content=\"image\/jpeg\" \/>\n<meta name=\"author\" content=\"fgull\" \/>\n<meta name=\"twitter:card\" content=\"summary_large_image\" \/>\n<meta name=\"twitter:label1\" content=\"Escrito por\" \/>\n\t<meta name=\"twitter:data1\" content=\"fgull\" \/>\n\t<meta name=\"twitter:label2\" content=\"Tiempo de lectura\" \/>\n\t<meta name=\"twitter:data2\" content=\"1 minuto\" \/>\n<script type=\"application\/ld+json\" class=\"yoast-schema-graph\">{\"@context\":\"https:\\\/\\\/schema.org\",\"@graph\":[{\"@type\":\"Article\",\"@id\":\"https:\\\/\\\/fg.ull.es\\\/hemeroteca\\\/2011\\\/10\\\/06\\\/presentamos-nuestro-blog\\\/#article\",\"isPartOf\":{\"@id\":\"https:\\\/\\\/fg.ull.es\\\/hemeroteca\\\/2011\\\/10\\\/06\\\/presentamos-nuestro-blog\\\/\"},\"author\":{\"name\":\"fgull\",\"@id\":\"https:\\\/\\\/fg.ull.es\\\/hemeroteca\\\/#\\\/schema\\\/person\\\/cf424320c3c543ecb9f15d3785219238\"},\"headline\":\"Presentamos nuestro blog\",\"datePublished\":\"2011-10-06T11:57:51+00:00\",\"mainEntityOfPage\":{\"@id\":\"https:\\\/\\\/fg.ull.es\\\/hemeroteca\\\/2011\\\/10\\\/06\\\/presentamos-nuestro-blog\\\/\"},\"wordCount\":267,\"image\":{\"@id\":\"https:\\\/\\\/fg.ull.es\\\/hemeroteca\\\/2011\\\/10\\\/06\\\/presentamos-nuestro-blog\\\/#primaryimage\"},\"thumbnailUrl\":\"https:\\\/\\\/fg.ull.es\\\/hemeroteca\\\/wp-content\\\/uploads\\\/sites\\\/14\\\/2015\\\/04\\\/373_yx_cabecera_blog.jpg\",\"keywords\":[\"Archivados\"],\"articleSection\":[\"Fundaci\u00f3n\"],\"inLanguage\":\"es\"},{\"@type\":\"WebPage\",\"@id\":\"https:\\\/\\\/fg.ull.es\\\/hemeroteca\\\/2011\\\/10\\\/06\\\/presentamos-nuestro-blog\\\/\",\"url\":\"https:\\\/\\\/fg.ull.es\\\/hemeroteca\\\/2011\\\/10\\\/06\\\/presentamos-nuestro-blog\\\/\",\"name\":\"Presentamos nuestro blog - Hist\u00f3rico de noticias de la Fundaci\u00f3n General\",\"isPartOf\":{\"@id\":\"https:\\\/\\\/fg.ull.es\\\/hemeroteca\\\/#website\"},\"primaryImageOfPage\":{\"@id\":\"https:\\\/\\\/fg.ull.es\\\/hemeroteca\\\/2011\\\/10\\\/06\\\/presentamos-nuestro-blog\\\/#primaryimage\"},\"image\":{\"@id\":\"https:\\\/\\\/fg.ull.es\\\/hemeroteca\\\/2011\\\/10\\\/06\\\/presentamos-nuestro-blog\\\/#primaryimage\"},\"thumbnailUrl\":\"https:\\\/\\\/fg.ull.es\\\/hemeroteca\\\/wp-content\\\/uploads\\\/sites\\\/14\\\/2015\\\/04\\\/373_yx_cabecera_blog.jpg\",\"datePublished\":\"2011-10-06T11:57:51+00:00\",\"author\":{\"@id\":\"https:\\\/\\\/fg.ull.es\\\/hemeroteca\\\/#\\\/schema\\\/person\\\/cf424320c3c543ecb9f15d3785219238\"},\"breadcrumb\":{\"@id\":\"https:\\\/\\\/fg.ull.es\\\/hemeroteca\\\/2011\\\/10\\\/06\\\/presentamos-nuestro-blog\\\/#breadcrumb\"},\"inLanguage\":\"es\",\"potentialAction\":[{\"@type\":\"ReadAction\",\"target\":[\"https:\\\/\\\/fg.ull.es\\\/hemeroteca\\\/2011\\\/10\\\/06\\\/presentamos-nuestro-blog\\\/\"]}]},{\"@type\":\"ImageObject\",\"inLanguage\":\"es\",\"@id\":\"https:\\\/\\\/fg.ull.es\\\/hemeroteca\\\/2011\\\/10\\\/06\\\/presentamos-nuestro-blog\\\/#primaryimage\",\"url\":\"https:\\\/\\\/fg.ull.es\\\/hemeroteca\\\/wp-content\\\/uploads\\\/sites\\\/14\\\/2015\\\/04\\\/373_yx_cabecera_blog.jpg\",\"contentUrl\":\"https:\\\/\\\/fg.ull.es\\\/hemeroteca\\\/wp-content\\\/uploads\\\/sites\\\/14\\\/2015\\\/04\\\/373_yx_cabecera_blog.jpg\",\"width\":1024,\"height\":212},{\"@type\":\"BreadcrumbList\",\"@id\":\"https:\\\/\\\/fg.ull.es\\\/hemeroteca\\\/2011\\\/10\\\/06\\\/presentamos-nuestro-blog\\\/#breadcrumb\",\"itemListElement\":[{\"@type\":\"ListItem\",\"position\":1,\"name\":\"Home\",\"item\":\"https:\\\/\\\/fg.ull.es\\\/hemeroteca\\\/\"},{\"@type\":\"ListItem\",\"position\":2,\"name\":\"Presentamos nuestro blog\"}]},{\"@type\":\"WebSite\",\"@id\":\"https:\\\/\\\/fg.ull.es\\\/hemeroteca\\\/#website\",\"url\":\"https:\\\/\\\/fg.ull.es\\\/hemeroteca\\\/\",\"name\":\"Hist\u00f3rico de noticias de la Fundaci\u00f3n General\",\"description\":\"\",\"potentialAction\":[{\"@type\":\"SearchAction\",\"target\":{\"@type\":\"EntryPoint\",\"urlTemplate\":\"https:\\\/\\\/fg.ull.es\\\/hemeroteca\\\/?s={search_term_string}\"},\"query-input\":{\"@type\":\"PropertyValueSpecification\",\"valueRequired\":true,\"valueName\":\"search_term_string\"}}],\"inLanguage\":\"es\"},{\"@type\":\"Person\",\"@id\":\"https:\\\/\\\/fg.ull.es\\\/hemeroteca\\\/#\\\/schema\\\/person\\\/cf424320c3c543ecb9f15d3785219238\",\"name\":\"fgull\",\"image\":{\"@type\":\"ImageObject\",\"inLanguage\":\"es\",\"@id\":\"https:\\\/\\\/secure.gravatar.com\\\/avatar\\\/3b3f179500dd91d295ffa66543a853574e5676c5c7f8b31d00af1a80aadcafa4?s=96&d=mm&r=g\",\"url\":\"https:\\\/\\\/secure.gravatar.com\\\/avatar\\\/3b3f179500dd91d295ffa66543a853574e5676c5c7f8b31d00af1a80aadcafa4?s=96&d=mm&r=g\",\"contentUrl\":\"https:\\\/\\\/secure.gravatar.com\\\/avatar\\\/3b3f179500dd91d295ffa66543a853574e5676c5c7f8b31d00af1a80aadcafa4?s=96&d=mm&r=g\",\"caption\":\"fgull\"},\"url\":\"https:\\\/\\\/fg.ull.es\\\/hemeroteca\\\/author\\\/fgull\\\/\"}]}<\/script>\n<!-- \/ Yoast SEO plugin. -->","yoast_head_json":{"title":"Presentamos nuestro blog - Hist\u00f3rico de noticias de la Fundaci\u00f3n General","robots":{"index":"index","follow":"follow","max-snippet":"max-snippet:-1","max-image-preview":"max-image-preview:large","max-video-preview":"max-video-preview:-1"},"canonical":"https:\/\/fg.ull.es\/hemeroteca\/2011\/10\/06\/presentamos-nuestro-blog\/","og_locale":"es_ES","og_type":"article","og_title":"Presentamos nuestro blog - Hist\u00f3rico de noticias de la Fundaci\u00f3n General","og_description":"Un espacio en el que participar\u00e1 el personal de la Fundaci\u00f3n y en el que compartiremos conocimientos e informaci\u00f3n sobre los sectores estrat\u00e9gicos en los que la FEULL desarrolla su actividad.","og_url":"https:\/\/fg.ull.es\/hemeroteca\/2011\/10\/06\/presentamos-nuestro-blog\/","og_site_name":"Hist\u00f3rico de noticias de la Fundaci\u00f3n General","article_published_time":"2011-10-06T11:57:51+00:00","og_image":[{"width":1024,"height":212,"url":"https:\/\/fg.ull.es\/hemeroteca\/wp-content\/uploads\/sites\/14\/2015\/04\/373_yx_cabecera_blog.jpg","type":"image\/jpeg"}],"author":"fgull","twitter_card":"summary_large_image","twitter_misc":{"Escrito por":"fgull","Tiempo de lectura":"1 minuto"},"schema":{"@context":"https:\/\/schema.org","@graph":[{"@type":"Article","@id":"https:\/\/fg.ull.es\/hemeroteca\/2011\/10\/06\/presentamos-nuestro-blog\/#article","isPartOf":{"@id":"https:\/\/fg.ull.es\/hemeroteca\/2011\/10\/06\/presentamos-nuestro-blog\/"},"author":{"name":"fgull","@id":"https:\/\/fg.ull.es\/hemeroteca\/#\/schema\/person\/cf424320c3c543ecb9f15d3785219238"},"headline":"Presentamos nuestro blog","datePublished":"2011-10-06T11:57:51+00:00","mainEntityOfPage":{"@id":"https:\/\/fg.ull.es\/hemeroteca\/2011\/10\/06\/presentamos-nuestro-blog\/"},"wordCount":267,"image":{"@id":"https:\/\/fg.ull.es\/hemeroteca\/2011\/10\/06\/presentamos-nuestro-blog\/#primaryimage"},"thumbnailUrl":"https:\/\/fg.ull.es\/hemeroteca\/wp-content\/uploads\/sites\/14\/2015\/04\/373_yx_cabecera_blog.jpg","keywords":["Archivados"],"articleSection":["Fundaci\u00f3n"],"inLanguage":"es"},{"@type":"WebPage","@id":"https:\/\/fg.ull.es\/hemeroteca\/2011\/10\/06\/presentamos-nuestro-blog\/","url":"https:\/\/fg.ull.es\/hemeroteca\/2011\/10\/06\/presentamos-nuestro-blog\/","name":"Presentamos nuestro blog - Hist\u00f3rico de noticias de la Fundaci\u00f3n General","isPartOf":{"@id":"https:\/\/fg.ull.es\/hemeroteca\/#website"},"primaryImageOfPage":{"@id":"https:\/\/fg.ull.es\/hemeroteca\/2011\/10\/06\/presentamos-nuestro-blog\/#primaryimage"},"image":{"@id":"https:\/\/fg.ull.es\/hemeroteca\/2011\/10\/06\/presentamos-nuestro-blog\/#primaryimage"},"thumbnailUrl":"https:\/\/fg.ull.es\/hemeroteca\/wp-content\/uploads\/sites\/14\/2015\/04\/373_yx_cabecera_blog.jpg","datePublished":"2011-10-06T11:57:51+00:00","author":{"@id":"https:\/\/fg.ull.es\/hemeroteca\/#\/schema\/person\/cf424320c3c543ecb9f15d3785219238"},"breadcrumb":{"@id":"https:\/\/fg.ull.es\/hemeroteca\/2011\/10\/06\/presentamos-nuestro-blog\/#breadcrumb"},"inLanguage":"es","potentialAction":[{"@type":"ReadAction","target":["https:\/\/fg.ull.es\/hemeroteca\/2011\/10\/06\/presentamos-nuestro-blog\/"]}]},{"@type":"ImageObject","inLanguage":"es","@id":"https:\/\/fg.ull.es\/hemeroteca\/2011\/10\/06\/presentamos-nuestro-blog\/#primaryimage","url":"https:\/\/fg.ull.es\/hemeroteca\/wp-content\/uploads\/sites\/14\/2015\/04\/373_yx_cabecera_blog.jpg","contentUrl":"https:\/\/fg.ull.es\/hemeroteca\/wp-content\/uploads\/sites\/14\/2015\/04\/373_yx_cabecera_blog.jpg","width":1024,"height":212},{"@type":"BreadcrumbList","@id":"https:\/\/fg.ull.es\/hemeroteca\/2011\/10\/06\/presentamos-nuestro-blog\/#breadcrumb","itemListElement":[{"@type":"ListItem","position":1,"name":"Home","item":"https:\/\/fg.ull.es\/hemeroteca\/"},{"@type":"ListItem","position":2,"name":"Presentamos nuestro blog"}]},{"@type":"WebSite","@id":"https:\/\/fg.ull.es\/hemeroteca\/#website","url":"https:\/\/fg.ull.es\/hemeroteca\/","name":"Hist\u00f3rico de noticias de la Fundaci\u00f3n General","description":"","potentialAction":[{"@type":"SearchAction","target":{"@type":"EntryPoint","urlTemplate":"https:\/\/fg.ull.es\/hemeroteca\/?s={search_term_string}"},"query-input":{"@type":"PropertyValueSpecification","valueRequired":true,"valueName":"search_term_string"}}],"inLanguage":"es"},{"@type":"Person","@id":"https:\/\/fg.ull.es\/hemeroteca\/#\/schema\/person\/cf424320c3c543ecb9f15d3785219238","name":"fgull","image":{"@type":"ImageObject","inLanguage":"es","@id":"https:\/\/secure.gravatar.com\/avatar\/3b3f179500dd91d295ffa66543a853574e5676c5c7f8b31d00af1a80aadcafa4?s=96&d=mm&r=g","url":"https:\/\/secure.gravatar.com\/avatar\/3b3f179500dd91d295ffa66543a853574e5676c5c7f8b31d00af1a80aadcafa4?s=96&d=mm&r=g","contentUrl":"https:\/\/secure.gravatar.com\/avatar\/3b3f179500dd91d295ffa66543a853574e5676c5c7f8b31d00af1a80aadcafa4?s=96&d=mm&r=g","caption":"fgull"},"url":"https:\/\/fg.ull.es\/hemeroteca\/author\/fgull\/"}]}},"featured_image_thumbnail_url":"https:\/\/fg.ull.es\/hemeroteca\/wp-content\/uploads\/sites\/14\/2015\/04\/373_yx_cabecera_blog-300x62.jpg","_links":{"self":[{"href":"https:\/\/fg.ull.es\/hemeroteca\/wp-json\/wp\/v2\/posts\/9169","targetHints":{"allow":["GET"]}}],"collection":[{"href":"https:\/\/fg.ull.es\/hemeroteca\/wp-json\/wp\/v2\/posts"}],"about":[{"href":"https:\/\/fg.ull.es\/hemeroteca\/wp-json\/wp\/v2\/types\/post"}],"author":[{"embeddable":true,"href":"https:\/\/fg.ull.es\/hemeroteca\/wp-json\/wp\/v2\/users\/36"}],"replies":[{"embeddable":true,"href":"https:\/\/fg.ull.es\/hemeroteca\/wp-json\/wp\/v2\/comments?post=9169"}],"version-history":[{"count":0,"href":"https:\/\/fg.ull.es\/hemeroteca\/wp-json\/wp\/v2\/posts\/9169\/revisions"}],"wp:featuredmedia":[{"embeddable":true,"href":"https:\/\/fg.ull.es\/hemeroteca\/wp-json\/wp\/v2\/media\/9167"}],"wp:attachment":[{"href":"https:\/\/fg.ull.es\/hemeroteca\/wp-json\/wp\/v2\/media?parent=9169"}],"wp:term":[{"taxonomy":"category","embeddable":true,"href":"https:\/\/fg.ull.es\/hemeroteca\/wp-json\/wp\/v2\/categories?post=9169"},{"taxonomy":"post_tag","embeddable":true,"href":"https:\/\/fg.ull.es\/hemeroteca\/wp-json\/wp\/v2\/tags?post=9169"}],"curies":[{"name":"wp","href":"https:\/\/api.w.org\/{rel}","templated":true}]}}