{"id":8985,"date":"2011-07-21T10:55:24","date_gmt":"2011-07-21T10:55:24","guid":{"rendered":"http:\/\/www.fg.ull.es\/?p=8985"},"modified":"2011-07-21T10:55:24","modified_gmt":"2011-07-21T10:55:24","slug":"el-curso-sobre-internet-registra-la-matricula-mas-alta-en-adeje","status":"publish","type":"post","link":"https:\/\/fg.ull.es\/hemeroteca\/2011\/07\/21\/el-curso-sobre-internet-registra-la-matricula-mas-alta-en-adeje\/","title":{"rendered":"El curso sobre internet registra la matr\u00edcula m\u00e1s alta en Adeje"},"content":{"rendered":"<p>El Taller de Redes Sociales que se imparte esta semana de en la Universidad de Verano de Adeje vivi\u00f3 ayer su \u00fanica sesi\u00f3n presencia -el curso se desarrolla &#8216;on line&#8217;- con la asistencia de los m\u00e1s de 280 alumnos matriculados, el mayor n\u00famero alcanzado<\/p>\n<p align='justify'>La jornada cont&oacute; con las exposiciones de Jacques Bulchand Gidumal, profesor del Departamento de Econom&iacute;a y Direcci&oacute;n de Empresas de la ULPGC, y de Eduardo D&aacute;vila P&eacute;rez, Subdirector del Departamento de Promoci&oacute;n y Gesti&oacute;n de la Innovaci&oacute;n de la FEULL, que han disertado acerca de la web 2.0 y de la infoxicaci&oacute;n, respectivamente.<\/p>\n<p align='justify'>Bulchand Gidumal explic&oacute; c&oacute;mo desde 1995, a&ntilde;o de aparici&oacute;n de las primeras webs, el usuario ha pasado de &#8216;de mirar a participar&#8217;, convirti&eacute;ndose en el protagonista de internet. &#8216;El poder que tenemos es brutal&#8217;, dice, y la &eacute;poca en la que se pod&iacute;a controlar la informaci&oacute;n &#8216;ha acabado&#8217;.<\/p>\n<p align='justify'>Las herramientas de las que dispone el usuario en la red fueron detalladas por Gidumal, que las englob&oacute; en nueve categor&iacute;as: blogs, redes sociales, valoraciones de usuarios, qu&eacute; dicen de nosotros, contenido colaborativo, colaboraci&oacute;n, &#8216;wikis&#8217;, &#8216;rss&#8217; y &#8216;folksonomia&#8217;. As&iacute;, explic&oacute; que, de 100 personas, el 40% utiliza estas herramientas, el 10% realiza valoraciones y un 3% produce contenido propio, aunque esta &uacute;ltima proporci&oacute;n va en aumento.<\/p>\n<p align='justify'>Por su parte, Eduardo D&aacute;vila detall&oacute; que la &#8216;infoxicaci&oacute;n&#8217; es la intoxicaci&oacute;n por el exceso de informaci&oacute;n&#8217; y se&ntilde;al&oacute; las herramientas para poder &#8216;observar, filtrar y difundir la informaci&oacute;n relevante para la empresa con el objetivo de que &eacute;sta pueda anticipar tendencias, aprovechar oportunidades, reducir riesgos e innovar&#8217;. Asimismo alert&oacute; de que aunque cualquiera puede generar informaci&oacute;n dentro de internet, no toda la que se encuentra est&aacute; validada.<\/p>\n<p align='justify'>V&iacute;a: eldia.es<\/p>\n<p align='justify'>http:\/\/www.eldia.es\/2011-07-20\/sociedad\/10-curso-internet-registra-matricula-alta-Adeje.htm<\/p>\n","protected":false},"excerpt":{"rendered":"<p>El Taller de Redes Sociales que se imparte esta semana de en la Universidad de Verano de Adeje vivi\u00f3 ayer su \u00fanica sesi\u00f3n presencia -el curso se desarrolla &#8216;on line&#8217;- con la asistencia de los m\u00e1s de 280 alumnos matriculados, el mayor n\u00famero alcanzado<\/p>\n","protected":false},"author":36,"featured_media":0,"comment_status":"closed","ping_status":"open","sticky":false,"template":"","format":"standard","meta":{"footnotes":""},"categories":[8],"tags":[173,672,821,1424],"featured_image_thumbnail_url":null,"_links":{"self":[{"href":"https:\/\/fg.ull.es\/hemeroteca\/wp-json\/wp\/v2\/posts\/8985"}],"collection":[{"href":"https:\/\/fg.ull.es\/hemeroteca\/wp-json\/wp\/v2\/posts"}],"about":[{"href":"https:\/\/fg.ull.es\/hemeroteca\/wp-json\/wp\/v2\/types\/post"}],"author":[{"embeddable":true,"href":"https:\/\/fg.ull.es\/hemeroteca\/wp-json\/wp\/v2\/users\/36"}],"replies":[{"embeddable":true,"href":"https:\/\/fg.ull.es\/hemeroteca\/wp-json\/wp\/v2\/comments?post=8985"}],"version-history":[{"count":0,"href":"https:\/\/fg.ull.es\/hemeroteca\/wp-json\/wp\/v2\/posts\/8985\/revisions"}],"wp:attachment":[{"href":"https:\/\/fg.ull.es\/hemeroteca\/wp-json\/wp\/v2\/media?parent=8985"}],"wp:term":[{"taxonomy":"category","embeddable":true,"href":"https:\/\/fg.ull.es\/hemeroteca\/wp-json\/wp\/v2\/categories?post=8985"},{"taxonomy":"post_tag","embeddable":true,"href":"https:\/\/fg.ull.es\/hemeroteca\/wp-json\/wp\/v2\/tags?post=8985"}],"curies":[{"name":"wp","href":"https:\/\/api.w.org\/{rel}","templated":true}]}}