{"id":8968,"date":"2011-07-12T14:23:10","date_gmt":"2011-07-12T14:23:10","guid":{"rendered":"http:\/\/www.fg.ull.es\/?p=8968"},"modified":"2011-07-12T14:23:10","modified_gmt":"2011-07-12T14:23:10","slug":"arranca-creactiva2-innovacion-responsabilidad-social-empresarial-y-sostenibilidad-en-el-sector-turistico","status":"publish","type":"post","link":"https:\/\/fg.ull.es\/hemeroteca\/2011\/07\/12\/arranca-creactiva2-innovacion-responsabilidad-social-empresarial-y-sostenibilidad-en-el-sector-turistico\/","title":{"rendered":"Arranca Creactiva2, &#039;Innovaci\u00f3n, Responsabilidad Social Empresarial y Sostenibilidad&#039; en el sector tur\u00edstico"},"content":{"rendered":"<p>Se re\u00fanen profesionales y especialistas del sector tur\u00edstico para discutir sobre la necesidad de renovaci\u00f3n de los actuales modelos de negocio. Tras el encuentro se dispondr\u00e1 una plataforma virtual.<\/p>\n<p align='justify'><strong>Costa Adeje<\/strong> acoger&aacute; ma&ntilde;ana jueves 14 de julio el encuentro <em>Creactiva2: Innovaci&oacute;n, Responsabilidad Social Empresarial y Sostenibilidad<\/em>. El evento est&aacute; organizado por la Fundaci&oacute;n Canaria Empresa Universidad de La Laguna (FEULL), la <a href='http:\/\/www.ull.es\/'>Universidad de La Laguna <\/a>y el <a href='http:\/\/www.turisfera.org\/'>Cl&uacute;ster de Innovaci&oacute;n Tur&iacute;stica de Tenerife (Turisfera)<\/a>, con el patrocinio del <a href='http:\/\/www.adeje.es\/esp\/portada.asp'>Ayuntamiento de Adeje<\/a>. Toda la informaci&oacute;n sobre Creactiva2 en el <a href='http:\/\/www.creactiva2.feull.com\/'>blog <\/a>del evento.<\/p>\n<p align='justify'>En esta segunda edici&oacute;n de Creactiva se espera que el encuentro re&uacute;na a <strong>especialistas y profesionales<\/strong> del sector tur&iacute;stico de Tenerife y&nbsp; que sirva de <strong>catalizador para iniciativas innovadoras y creativas<\/strong>. Se pretende asimismo abordar la <strong>necesidad de transformaci&oacute;n <\/strong>del actual modelo tur&iacute;stico canario a trav&eacute;s de la incorporaci&oacute;n de procesos de innovaci&oacute;n, a&ntilde;adiendo valor en la confecci&oacute;n de los productos y servicios, gracias a la originalidad, creatividad y dise&ntilde;o. As&iacute; lo expresaba<strong> Eduardo Parra<\/strong>, uno de los ponentes, en la entrevista realizada para el blog de Creactiva:<em> el modelo tur&iacute;stico debe, con an&aacute;lisis y reflexi&oacute;n, abordar una revisi&oacute;n importante de su estructura. Ello implica identificar todos los actores que est&aacute;n participando en la industria y plantear seriamente a donde se quiere ir en los pr&oacute;ximos a&ntilde;os<\/em>.<\/p>\n<p align='justify'><strong>La jornada de debate y formaci&oacute;n se completar&aacute; con una plataforma virtual<\/strong><\/p>\n<p align='justify'>Creactiva2 pone a disposici&oacute;n de los participantes al acto una <a href='http:\/\/www.creactiva2.feull.com\/moodle\/'>plataforma virtual<\/a>. Un entorno interactivo de ense&ntilde;anza, aprendizaje y relaci&oacute;n social, ya dise&ntilde;ada e integrada desde la Fundaci&oacute;n Empresa de la Universidad de La Laguna. En la plataforma se dispondr&aacute;n las <strong>ponencias<\/strong> que se van a realizar en el acto, <strong>material<\/strong> de inter&eacute;s te&oacute;rico-formativo y su correspondiente enlace de descarga, as&iacute; como <strong>enlaces<\/strong> web de utilidad. Asimismo, se pondr&aacute; a disposici&oacute;n de los usuarios foros de discusi&oacute;n participativos, con el fin de fomentar la relaci&oacute;n entre los participantes y los ponentes, adem&aacute;s de cuestionarios de evaluaci&oacute;n de los contenidos adquiridos.<\/p>\n<p align='justify'><strong>Especialistas del sector <\/strong><\/p>\n<p align='justify'>Se contar&aacute; con ponentes de refutada trayectoria en sus especialidades como Ana Goti, Responsable del &aacute;rea de Sostenibilidad social, cultural y medioambiental en el <a href='http:\/\/www.gran-melia-palacio-de-isora.com\/es\/index.php'>Gran Meli&aacute; Palacio de Isora<\/a>, quien debatir&aacute; sobre <em>Responsabilidad Social Empresarial (RSE) como eje de innovaci&oacute;n<\/em> junto con Luis Durango P&eacute;rez, Responsable de Comunicaci&oacute;n Corporativa y Relaciones Externas de la <a href='http:\/\/www.ccc.es\/'>Compa&ntilde;&iacute;a Cervecera de Canarias (CCC)<\/a>, Salvador Rom&aacute;n Garc&iacute;a, Gerente de Responsabilidad Social de <a href='http:\/\/www.aenor.es\/aenor\/inicio\/home\/home.asp'>AENOR<\/a> y Joaqu&iacute;n Correa de Peraza, Director de la <a href='http:\/\/www.ataretaco.org\/'>Fundaci&oacute;n Ataretac<\/a>o.<\/p>\n<p align='justify'>Creactiva2 se plantea como una jornada te&oacute;rico-pr&aacute;ctica, con ponencias en horario de ma&ntilde;ana y talleres pr&aacute;cticos en horario de tarde. Entre las ponencias de la ma&ntilde;ana, adem&aacute;s de la referida sobre RSE, se desarrollar&aacute; la titulada <em>Innovaci&oacute;n y creatividad en modelos de negocio: Un an&aacute;lisis a trav&eacute;s de la realidad en Canarias, <\/em>con Eduardo Parra L&oacute;pez,&nbsp; Profesor Titular de Universidad y Coordinador del Grupo de Investigaci&oacute;n de An&aacute;lisis del Turismo (TURiLAB).<\/p>\n<p align='justify'>A continuaci&oacute;n&nbsp; se tratar&aacute; el tema <em>&iquest;Es la sostenibilidad una alternativa en los nuevos modelos de negocio tur&iacute;sticos?<\/em> de la mano de&nbsp; Noem&iacute; Padr&oacute;n Fumero, Profesora del Departamento de Econom&iacute;a de las Instituciones, Estad&iacute;stica Econ&oacute;mica y Econometr&iacute;a, Universidad de La Laguna para terminar con la presentaci&oacute;n del proyecto <em>An&aacute;lisis del Sector Empresarial de la zona del litoral del Municipio de Adeje<\/em>, a cargo de Yaiza Armas Cruz,&nbsp; Profesora del Departamento de Econom&iacute;a y Direcci&oacute;n de Empresas, Universidad de La Laguna.<\/p>\n<p align='justify'>Antes del almuerzo tendr&aacute;n lugar, de forma simult&aacute;nea, cuatro talleres de car&aacute;cter pr&aacute;ctico: <em>Innovando en nuestro modelo de negocio, <\/em>con la facilitaci&oacute;n de Enrique Padr&oacute;n, T&eacute;cnico de Ashotel; <em>La creatividad como factor diferencial <\/em>con Luis Alberto Garc&iacute;a Garc&iacute;a, Catedr&aacute;tico del Departamento de Psicolog&iacute;a Evolutiva, Educaci&oacute;n y Psicobiolog&iacute;a de la Universidad de La Laguna; <em>El Social Media Marketing en la empresa tur&iacute;stica <\/em>con Ricardo D&iacute;az Armas,&nbsp; Director de la Oficina de Transferencia de Resultados de Investigaci&oacute;n de la Universidad de La Laguna y Director del Departamento de Promoci&oacute;n y Gesti&oacute;n de la innovaci&oacute;n de la Fundaci&oacute;n Empresa Universidad de La Laguna y, por &uacute;ltimo, <em>Geolocalizaci&oacute;n y realidad aumentada en servicios tur&iacute;sticos <\/em>a cargo de Carina Soledad Gonz&aacute;lez Gonz&aacute;lez, Profesora del Departamento de Ingenier&iacute;a de Sistemas y Autom&aacute;tica y Arquitectura y Tecnolog&iacute;a de computadores.<\/p>\n<p align='justify'>En la &uacute;ltima sesi&oacute;n de la jornada, se presentar&aacute; <em>Turisfera: Effie Play Green<\/em>, un proyecto innovador elaborado por la Asociaci&oacute;n Tenerife de innovaci&oacute;n tur&iacute;stica, Turisfera. Y para concluir, L&iacute;a Barbery, coacher, desarrollar&aacute; la conferencia <em>P&iacute;ldoras de creatividad contra la crisis<\/em>.<\/p>\n","protected":false},"excerpt":{"rendered":"<p>Se re\u00fanen profesionales y especialistas del sector tur\u00edstico para discutir sobre la necesidad de renovaci\u00f3n de los actuales modelos de negocio. Tras el encuentro se dispondr\u00e1 una plataforma virtual.<\/p>\n","protected":false},"author":36,"featured_media":8967,"comment_status":"closed","ping_status":"open","sticky":false,"template":"","format":"standard","meta":{"footnotes":""},"categories":[8],"tags":[173,821,1392],"featured_image_thumbnail_url":"https:\/\/fg.ull.es\/hemeroteca\/wp-content\/uploads\/sites\/14\/2015\/04\/301_ed_creactiva2icono.png","_links":{"self":[{"href":"https:\/\/fg.ull.es\/hemeroteca\/wp-json\/wp\/v2\/posts\/8968"}],"collection":[{"href":"https:\/\/fg.ull.es\/hemeroteca\/wp-json\/wp\/v2\/posts"}],"about":[{"href":"https:\/\/fg.ull.es\/hemeroteca\/wp-json\/wp\/v2\/types\/post"}],"author":[{"embeddable":true,"href":"https:\/\/fg.ull.es\/hemeroteca\/wp-json\/wp\/v2\/users\/36"}],"replies":[{"embeddable":true,"href":"https:\/\/fg.ull.es\/hemeroteca\/wp-json\/wp\/v2\/comments?post=8968"}],"version-history":[{"count":0,"href":"https:\/\/fg.ull.es\/hemeroteca\/wp-json\/wp\/v2\/posts\/8968\/revisions"}],"wp:featuredmedia":[{"embeddable":true,"href":"https:\/\/fg.ull.es\/hemeroteca\/wp-json\/wp\/v2\/media\/8967"}],"wp:attachment":[{"href":"https:\/\/fg.ull.es\/hemeroteca\/wp-json\/wp\/v2\/media?parent=8968"}],"wp:term":[{"taxonomy":"category","embeddable":true,"href":"https:\/\/fg.ull.es\/hemeroteca\/wp-json\/wp\/v2\/categories?post=8968"},{"taxonomy":"post_tag","embeddable":true,"href":"https:\/\/fg.ull.es\/hemeroteca\/wp-json\/wp\/v2\/tags?post=8968"}],"curies":[{"name":"wp","href":"https:\/\/api.w.org\/{rel}","templated":true}]}}