{"id":8962,"date":"2011-07-08T15:43:09","date_gmt":"2011-07-08T15:43:09","guid":{"rendered":"http:\/\/www.fg.ull.es\/?p=8962"},"modified":"2011-07-08T15:43:09","modified_gmt":"2011-07-08T15:43:09","slug":"se-amplia-el-plazo-para-inscribirse-en-las-jornadas-creactiva2-hasta-hoy-martes-12-de-julio","status":"publish","type":"post","link":"https:\/\/fg.ull.es\/hemeroteca\/2011\/07\/08\/se-amplia-el-plazo-para-inscribirse-en-las-jornadas-creactiva2-hasta-hoy-martes-12-de-julio\/","title":{"rendered":"Se ampl\u00eda el plazo para inscribirse en las jornadas Creactiva2 hasta hoy martes 12 de julio"},"content":{"rendered":"<p>Creactiva2 se sit\u00faa como un encuentro para reflexionar sobre Innovaci\u00f3n, Responsabilidad Social Empresarial y sostenibilidad en el sector tur\u00edstico. La cita ser\u00e1 en Adeje el pr\u00f3ximo jueves 14 de julio de las 9.00 a las 17.30 horas<\/p>\n<p align='justify'>El pr&oacute;ximo jueves 14 de julio tendr&aacute; lugar Creactiva2: Innovaci&oacute;n, Responsabilidad Social Empresarial y Sostenibilidad en las instalaciones del <a href='http:\/\/www.cdtca.com\/index.php?option=com_phocamaps&amp;view=map&amp;id=1&amp;Itemid=18'>Centro de Desarrollo Tur&iacute;stico de Costa Adeje<\/a>.&nbsp; El evento est&aacute; impulsado por la Fundaci&oacute;n Canaria Empresa Universidad de La Laguna (FEULL), la <a href='http:\/\/www.ull.es\/'>Universidad de La Laguna<\/a> y el <a href='http:\/\/www.turisfera.org\/'>Cl&uacute;ster de Innovaci&oacute;n Tur&iacute;stica de Tenerife <\/a>(Turisfera), con el patrocinio del Ayuntamiento de Adeje. La inscripci&oacute;n estar&aacute; abierta hasta el lunes 11 de Julio, con un coste de 15 euros, y se puede formalizar a trav&eacute;s de la web del evento: http:\/\/www.creactiva2.feull.com y en la Secretar&iacute;a de la Fundaci&oacute;n Empresa Universidad de La Laguna.<\/p>\n<p align='justify'>Se trata de la segunda edici&oacute;n de Creactiva. Esta jornada, que tiene como objetivo compartir conocimientos y debatir sobre la renovaci&oacute;n del sector tur&iacute;stico, reunir&aacute; a especialistas y profesionales del sector tur&iacute;stico de Tenerife y tratar&aacute; de servir de catalizador para iniciativas innovadoras y creativas. En esta ocasi&oacute;n, el encuentro se centrar&aacute; en la necesidad de transformaci&oacute;n del actual modelo tur&iacute;stico canario a trav&eacute;s de la incorporaci&oacute;n de procesos de innovaci&oacute;n, a&ntilde;adiendo valor en la confecci&oacute;n de los productos y servicios, gracias a la originalidad, creatividad y dise&ntilde;o.<\/p>\n<p align='justify'><strong>Un programa preciso con ponentes de primer nivel<\/strong><\/p>\n<p align='justify'>Se contar&aacute; con ponentes de refutada trayectoria en sus especialidades como Ana Goti, Responsable del &aacute;rea de Sostenibilidad social, cultural y medioambiental en el <a href='http:\/\/www.gran-melia-palacio-de-isora.com\/es\/index.php?idPrm=BUS002&amp;idONg=REG&amp;idNom=GMPI&amp;utm_source=BUS002&amp;utm_medium=cpc&amp;utm_content=REG&amp;utm_campaign=GMPI'>Gran Meli&aacute; Palacio de Isora<\/a>, quien debatir&aacute; sobre <em>Responsabilidad Social Empresarial (RSE) como eje de innovaci&oacute;n <\/em>junto con Luis Durango P&eacute;rez, Responsable de Comunicaci&oacute;n Corporativa y Relaciones Externas de la <a href='http:\/\/www.ccc.es\/'>Compa&ntilde;&iacute;a Cervecera de Canarias (CCC)<\/a>, Salvador Rom&aacute;n Garc&iacute;a, Gerente de Responsabilidad Social de <a href='http:\/\/www.aenor.es\/aenor\/inicio\/home\/home.asp'>AENOR<\/a> y Joaqu&iacute;n Correa de Peraza, Director de la <a href='http:\/\/www.ataretaco.org\/'>Fundaci&oacute;n Ataretaco<\/a>. Creactiva2 se plantea como una jornada te&oacute;rico-pr&aacute;ctica, con ponencias en horario de ma&ntilde;ana y talleres pr&aacute;cticos en horario de tarde. Entre las ponencias de la ma&ntilde;ana, adem&aacute;s de la referida sobre RSE, se desarrollar&aacute; la titulada <em>Innovaci&oacute;n y creatividad en modelos de negocio: un an&aacute;lisis a trav&eacute;s de la realidad en Canarias<\/em>, con Eduardo Parra L&oacute;pez,&nbsp; Profesor Titular de Universidad y Coordinador del <a href='http:\/\/turilab.blogspot.com\/'>Grupo de Investigaci&oacute;n de An&aacute;lisis del Turismo (TURiLAB)<\/a>. A continuaci&oacute;n&nbsp; se tratar&aacute; el tema <em>&iquest;Es la sostenibilidad una alternativa en los nuevos modelos de negocio tur&iacute;sticos? <\/em>de la mano de&nbsp; Noem&iacute; Padr&oacute;n Fumero, Profesora del Departamento de Econom&iacute;a de las Instituciones, Estad&iacute;stica Econ&oacute;mica y Econometr&iacute;a, Universidad de La Laguna para terminar con la presentaci&oacute;n del proyecto <em>An&aacute;lisis del Sector Empresarial de la zona del litoral del Municipio de Adeje<\/em>, a cargo de Yaiza Armas Cruz,&nbsp; Profesora del Departamento de Econom&iacute;a y Direcci&oacute;n de Empresas, Universidad de La Laguna.<\/p>\n<p align='justify'>Antes del almuerzo tendr&aacute;n lugar, de forma simult&aacute;nea, cuatro talleres de car&aacute;cter pr&aacute;ctico: <em>Innovando en nuestro modelo de negocio<\/em>, con la facilitaci&oacute;n de Enrique Padr&oacute;n, T&eacute;cnico de <a href='http:\/\/www.ashotel.es\/'>Ashotel<\/a>; <em>La creatividad como factor diferencial<\/em>&nbsp; con Luis Alberto Garc&iacute;a Garc&iacute;a, Catedr&aacute;tico del Departamento de Psicolog&iacute;a Evolutiva, Educaci&oacute;n y Psicobiolog&iacute;a de la Universidad de La Laguna; <em>El Social Media Marketing en la empresa tur&iacute;stica<\/em> con Ricardo D&iacute;az Armas,&nbsp; Director de la <a href='http:\/\/www.otri.ull.es\/otriweb\/index.php'>Oficina de Transferencia de Resultados de Investigaci&oacute;n de la Universidad de La Laguna<\/a> y Director del Departamento de Promoci&oacute;n y Gesti&oacute;n de la innovaci&oacute;n de la Fundaci&oacute;n Empresa Universidad de La Laguna y, por &uacute;ltimo, <em>Geolocalizaci&oacute;n y realidad aumentada en servicios tur&iacute;sticos <\/em>a cargo de Carina Soledad Gonz&aacute;lez Gonz&aacute;lez, Profesora del Departamento de Ingenier&iacute;a de Sistemas y Autom&aacute;tica y Arquitectura y Tecnolog&iacute;a de computadores.<\/p>\n<p align='justify'>En la &uacute;ltima sesi&oacute;n de la jornada, se presentar&aacute; <em>Turisfera: Effie Play Green<\/em>, un proyecto innovador elaborado por la Asociaci&oacute;n Tenerife de innovaci&oacute;n tur&iacute;stica, Turisfera. Y para concluir, L&iacute;a Barbery, coacher, desarrollar&aacute; la conferencia <em>P&iacute;ldoras de creatividad contra la crisis<\/em>.<\/p>\n","protected":false},"excerpt":{"rendered":"<p>Creactiva2 se sit\u00faa como un encuentro para reflexionar sobre Innovaci\u00f3n, Responsabilidad Social Empresarial y sostenibilidad en el sector tur\u00edstico. La cita ser\u00e1 en Adeje el pr\u00f3ximo jueves 14 de julio de las 9.00 a las 17.30 horas<\/p>\n","protected":false},"author":36,"featured_media":8961,"comment_status":"closed","ping_status":"open","sticky":false,"template":"","format":"standard","meta":{"footnotes":""},"categories":[8],"tags":[173],"featured_image_thumbnail_url":"https:\/\/fg.ull.es\/hemeroteca\/wp-content\/uploads\/sites\/14\/2015\/04\/297_zk_logo_creactiva2-300x91.png","_links":{"self":[{"href":"https:\/\/fg.ull.es\/hemeroteca\/wp-json\/wp\/v2\/posts\/8962"}],"collection":[{"href":"https:\/\/fg.ull.es\/hemeroteca\/wp-json\/wp\/v2\/posts"}],"about":[{"href":"https:\/\/fg.ull.es\/hemeroteca\/wp-json\/wp\/v2\/types\/post"}],"author":[{"embeddable":true,"href":"https:\/\/fg.ull.es\/hemeroteca\/wp-json\/wp\/v2\/users\/36"}],"replies":[{"embeddable":true,"href":"https:\/\/fg.ull.es\/hemeroteca\/wp-json\/wp\/v2\/comments?post=8962"}],"version-history":[{"count":0,"href":"https:\/\/fg.ull.es\/hemeroteca\/wp-json\/wp\/v2\/posts\/8962\/revisions"}],"wp:featuredmedia":[{"embeddable":true,"href":"https:\/\/fg.ull.es\/hemeroteca\/wp-json\/wp\/v2\/media\/8961"}],"wp:attachment":[{"href":"https:\/\/fg.ull.es\/hemeroteca\/wp-json\/wp\/v2\/media?parent=8962"}],"wp:term":[{"taxonomy":"category","embeddable":true,"href":"https:\/\/fg.ull.es\/hemeroteca\/wp-json\/wp\/v2\/categories?post=8962"},{"taxonomy":"post_tag","embeddable":true,"href":"https:\/\/fg.ull.es\/hemeroteca\/wp-json\/wp\/v2\/tags?post=8962"}],"curies":[{"name":"wp","href":"https:\/\/api.w.org\/{rel}","templated":true}]}}