{"id":8775,"date":"2011-04-29T16:01:47","date_gmt":"2011-04-29T16:01:47","guid":{"rendered":"http:\/\/www.fg.ull.es\/?p=8775"},"modified":"2011-04-29T16:01:47","modified_gmt":"2011-04-29T16:01:47","slug":"ultimos-dias-para-la-matricula-en-el-taller-de-introduccion-a-las-redes-sociales","status":"publish","type":"post","link":"https:\/\/fg.ull.es\/hemeroteca\/2011\/04\/29\/ultimos-dias-para-la-matricula-en-el-taller-de-introduccion-a-las-redes-sociales\/","title":{"rendered":"\u00daltimos d\u00edas para la matr\u00edcula en el Taller de Introducci\u00f3n a las Redes Sociales"},"content":{"rendered":"<p>Ser\u00e1 de 20 horas de duraci\u00f3n, en modalidad presencial y no presencial<\/p>\n<p style='text-align: justify'>Taller te&oacute;rico-pr&aacute;ctico de Iniciaci&oacute;n a la Cultura Digital Interactiva, organizado por Departamento de Ingenier&iacute;a de Sistemas y Autom&aacute;tica y Arquitectura y Tecnolog&iacute;a de Computadores y la Fundaci&oacute;n Empresa Universidad de La Laguna.<\/p>\n<p><a href='..\/..\/es\/noticia\/nuevos_talleres_teoricopracticos_de_iniciacion_a_la_cultura_digital_interactiva\/83\/' target='_blank' rel=\"noopener noreferrer\">Informaci&oacute;n<\/a><\/p>\n","protected":false},"excerpt":{"rendered":"<p>Ser\u00e1 de 20 horas de duraci\u00f3n, en modalidad presencial y no presencial<\/p>\n","protected":false},"author":36,"featured_media":0,"comment_status":"closed","ping_status":"open","sticky":false,"template":"","format":"standard","meta":{"footnotes":""},"categories":[5],"tags":[173,425,672,780],"featured_image_thumbnail_url":null,"_links":{"self":[{"href":"https:\/\/fg.ull.es\/hemeroteca\/wp-json\/wp\/v2\/posts\/8775"}],"collection":[{"href":"https:\/\/fg.ull.es\/hemeroteca\/wp-json\/wp\/v2\/posts"}],"about":[{"href":"https:\/\/fg.ull.es\/hemeroteca\/wp-json\/wp\/v2\/types\/post"}],"author":[{"embeddable":true,"href":"https:\/\/fg.ull.es\/hemeroteca\/wp-json\/wp\/v2\/users\/36"}],"replies":[{"embeddable":true,"href":"https:\/\/fg.ull.es\/hemeroteca\/wp-json\/wp\/v2\/comments?post=8775"}],"version-history":[{"count":0,"href":"https:\/\/fg.ull.es\/hemeroteca\/wp-json\/wp\/v2\/posts\/8775\/revisions"}],"wp:attachment":[{"href":"https:\/\/fg.ull.es\/hemeroteca\/wp-json\/wp\/v2\/media?parent=8775"}],"wp:term":[{"taxonomy":"category","embeddable":true,"href":"https:\/\/fg.ull.es\/hemeroteca\/wp-json\/wp\/v2\/categories?post=8775"},{"taxonomy":"post_tag","embeddable":true,"href":"https:\/\/fg.ull.es\/hemeroteca\/wp-json\/wp\/v2\/tags?post=8775"}],"curies":[{"name":"wp","href":"https:\/\/api.w.org\/{rel}","templated":true}]}}