{"id":8663,"date":"2011-03-28T14:05:31","date_gmt":"2011-03-28T14:05:31","guid":{"rendered":"http:\/\/www.fg.ull.es\/?p=8663"},"modified":"2011-03-28T14:05:31","modified_gmt":"2011-03-28T14:05:31","slug":"i-tenerife-international-economics-and-finance-summer-school-tiefss","status":"publish","type":"post","link":"https:\/\/fg.ull.es\/hemeroteca\/2011\/03\/28\/i-tenerife-international-economics-and-finance-summer-school-tiefss\/","title":{"rendered":"I Tenerife International Economics and  Finance Summer School (TIEFSS)"},"content":{"rendered":"<p>Tendr\u00e1 lugar en la segunda quincena de julio de 2011 y  va dirigido a profesores, investigadores, estudiantes de tercer ciclo, altos cargos y t\u00e9cnicos de las administraciones p\u00fablicas y a directivos y t\u00e9cnicos de empresas p\u00fablicas y privadas.<\/p>\n<p style='text-align: justify'>La C&aacute;tedra&nbsp; &#8216;Fundaci&oacute;n ICO-Cabildo de Tenerife&#8217;  de Econom&iacute;a y&nbsp;Finanzas Internacionales de la Universidad de La Laguna organiza  la <strong><em>I Tenerife <\/em><em>International  Economics and Finance<\/em><\/strong> <strong><em>Summer School  (TIEFSS).&nbsp;<\/em><\/strong>El&nbsp;curso tendr&aacute;&nbsp;lugar en la segunda quincena de Julio de  2011 y pivotar&aacute; en torno a un curso de &ldquo;Microeconometr&iacute;a Aplicada&rdquo; que ser&aacute;  impartido por los profesores Juan A. Ma&ntilde;ez&nbsp;(PhD in Economics, University of  Warwick), Mar&iacute;a E. Rochina&nbsp;(PhD in Economics, University College  London) y Juan A. Sanchis&nbsp;(PhD in Economics, University College  London) de la Universidad de Valencia, investigadores con una dilatada  experiencia en la aplicaci&oacute;n de t&eacute;cnicas econom&eacute;tricas de datos de panel a  diversos temas del &aacute;rea de econom&iacute;a y empresa.<\/p>\n<p style='text-align: justify'>Este curso va dirigido a profesores,  investigadores, estudiantes de tercer ciclo, altos cargos y t&eacute;cnicos de las  administraciones p&uacute;blicas y a directivos y t&eacute;cnicos de empresas p&uacute;blicas y  privadas. El n&uacute;mero m&aacute;ximo de admitidos al curso ser&aacute; de 20 personas y tendr&aacute;  una duraci&oacute;n de 30 horas. La matr&iacute;cula del curso ser&aacute; de 300 euros. Incluye las  tasas de asistencia, el material docente y los almuerzos entre las sesiones de  ma&ntilde;ana y tarde.<\/p>\n<p style='text-align: justify'>La preinscripci&oacute;n al curso se realizar&aacute; del 1 al  30 de &nbsp;abril de 2011 utilizando el impreso que estar&aacute; disponible en la <a href='http:\/\/catedraefiull.wordpress.com\/summer-school-2011-2\/' target='_blank' rel=\"noopener noreferrer\">p&aacute;gina  web de la C&aacute;tedra<\/a>. &nbsp;La matr&iacute;cula de los alumnos seleccionados se efectuar&aacute; a trav&eacute;s del  procedimiento habilitado por la Fundaci&oacute;n Empresa Universidad de La Laguna&nbsp;entre el 16  y el 31 de mayo de 2011.<\/p>\n<p style='text-align: justify'>&nbsp;<\/p>\n","protected":false},"excerpt":{"rendered":"<p>Tendr\u00e1 lugar en la segunda quincena de julio de 2011 y  va dirigido a profesores, investigadores, estudiantes de tercer ciclo, altos cargos y t\u00e9cnicos de las administraciones p\u00fablicas y a directivos y t\u00e9cnicos de empresas p\u00fablicas y privadas.<\/p>\n","protected":false},"author":36,"featured_media":0,"comment_status":"closed","ping_status":"open","sticky":false,"template":"","format":"standard","meta":{"footnotes":""},"categories":[5],"tags":[173,425,672],"featured_image_thumbnail_url":null,"_links":{"self":[{"href":"https:\/\/fg.ull.es\/hemeroteca\/wp-json\/wp\/v2\/posts\/8663"}],"collection":[{"href":"https:\/\/fg.ull.es\/hemeroteca\/wp-json\/wp\/v2\/posts"}],"about":[{"href":"https:\/\/fg.ull.es\/hemeroteca\/wp-json\/wp\/v2\/types\/post"}],"author":[{"embeddable":true,"href":"https:\/\/fg.ull.es\/hemeroteca\/wp-json\/wp\/v2\/users\/36"}],"replies":[{"embeddable":true,"href":"https:\/\/fg.ull.es\/hemeroteca\/wp-json\/wp\/v2\/comments?post=8663"}],"version-history":[{"count":0,"href":"https:\/\/fg.ull.es\/hemeroteca\/wp-json\/wp\/v2\/posts\/8663\/revisions"}],"wp:attachment":[{"href":"https:\/\/fg.ull.es\/hemeroteca\/wp-json\/wp\/v2\/media?parent=8663"}],"wp:term":[{"taxonomy":"category","embeddable":true,"href":"https:\/\/fg.ull.es\/hemeroteca\/wp-json\/wp\/v2\/categories?post=8663"},{"taxonomy":"post_tag","embeddable":true,"href":"https:\/\/fg.ull.es\/hemeroteca\/wp-json\/wp\/v2\/tags?post=8663"}],"curies":[{"name":"wp","href":"https:\/\/api.w.org\/{rel}","templated":true}]}}