{"id":8544,"date":"2011-02-23T11:46:28","date_gmt":"2011-02-23T11:46:28","guid":{"rendered":"http:\/\/www.fg.ull.es\/?p=8544"},"modified":"2011-02-23T11:46:28","modified_gmt":"2011-02-23T11:46:28","slug":"red-de-mentores-de-canarias-iniciativa-pionera-en-el-archipielago","status":"publish","type":"post","link":"https:\/\/fg.ull.es\/hemeroteca\/2011\/02\/23\/red-de-mentores-de-canarias-iniciativa-pionera-en-el-archipielago\/","title":{"rendered":"Red de Mentores de Canarias, iniciativa pionera en el Archipi\u00e9lago"},"content":{"rendered":"<p>El acto de presentaci\u00f3n, organizado por la Fundaci\u00f3n Empresa Universidad de La Laguna (FEULL), cont\u00f3 con la participaci\u00f3n de una treintena de empresarios dispuestos a acoger las iniciativas empresariales de j\u00f3venes universitarios<\/p>\n<p align='justify'>La <a href='http:\/\/www.redmentorescanarias.com\/'>Red de Mentores&nbsp;de Canarias<\/a>&nbsp;es una iniciativa pionera en el Archipi&eacute;lago, promovida por la <a href='..\/..\/\/'>Fundaci&oacute;n Empresa Universidad de La Laguna (FEULL<\/a>),&nbsp;en colaboraci&oacute;n con la <a href='http:\/\/www.camaratenerife.com\/'>C&aacute;mara de Comercio de Santa Cruz de Tenerife<\/a>&nbsp;,&nbsp;el <a href='http:\/\/www.mityc.es\/es-ES\/Paginas\/index.aspx'>Ministerio de Industria, Turismo y Comercio<\/a>, y la <a href='http:\/\/www.fulp.ulpgc.es\/'>Fundaci&oacute;n Universitaria de Las Palmas de Gran Canaria (FULP).<\/a><\/p>\n<p align='justify'>Una treintena de empresarios se mostraron ayer dispuestos a acoger las iniciativas empresariales de j&oacute;venes universitarios que tienen claro que la experiencia y el conocimiento de sus mentores contribuir&aacute;n al despegue y la consolidaci&oacute;n de sus propios negocios. Unos y otros han participado en la presentaci&oacute;n de la primera Red de Mentores Empresariales de Canarias.<\/p>\n<p align='justify'>El acto de presentaci&oacute;n, cont&oacute; con la participaci&oacute;n del director general de la C&aacute;mara de Comercio, Vicente Dorta Antequera, el director del Departamento de Promoci&oacute;n y Gesti&oacute;n de la Innovaci&oacute;n de la Fundaci&oacute;n Empresa de la Universidad de La Laguna, Rodrigo Trujillo, y el secretario general de Seniors Espa&ntilde;oles para la Cooperaci&oacute;n T&eacute;cnica (Secot), Carlos Garc&iacute;a Cebri&aacute;n.<\/p>\n<p align='justify'>El objetivo de la <a href='http:\/\/www.redmentorescanarias.com\/'>Red de Mentores de Canarias<\/a> es poner en contacto a emprendedores con proyectos vigorosos y empresas de nueva creaci&oacute;n surgidas del &aacute;mbito universitario con empresarios canarios consolidados. Estos &uacute;ltimos actuar&aacute;n como coach, aportando&nbsp;&nbsp;su experiencia y conocimientos adquiridos durante su trayectoria profesional, de manera que contribuyan a aumentar las posibilidades de &eacute;xito de los emprendedores que comienzan.<\/p>\n<p align='justify'><strong>Talento universitario<\/strong><\/p>\n<p align='justify'>En cuanto a las ideas de negocio o empresas promovidas por los universitarios, la gran mayor&iacute;a tiene el denominador com&uacute;n de la innovaci&oacute;n. Proyectos como el de la &#8216;Edificaci&oacute;n virtual&#8217;, con el objetivo de generar modelos tridimensionales de las infraestructuras de las ciudades, la creaci&oacute;n de centro de negocios virtual que sirva de preludio de pymes en internet o la comercializaci&oacute;n de productos novedosos de software son algunas de las iniciativas presentadas en el marco de la Red de Mentores.<\/p>\n<p align='justify'>El perfil de los universitarios responde a licenciados en&nbsp; Relaciones P&uacute;blicas, filolog&iacute;a hisp&aacute;nica, Matem&aacute;ticas, Sociolog&iacute;a o Ingenier&iacute;a Industrial. El &iacute;ndice de&nbsp;j&oacute;venes que se lanzan con esta iniciativa oscila en un 22%, referente a emprendedores, mientras que el&nbsp; 78% tienen ya una empresa en marcha.<\/p>\n<p align='justify'>La&nbsp;Red de Mentores de Canarias, promovida desde la&nbsp;Fundaci&oacute;n Empresa Universidad de La Laguna ,&nbsp;es un paso m&aacute;s en la necesaria conexi&oacute;n entre la Universidad y el mundo de la empresa.&nbsp; Un proyecto&nbsp;alentador porque desde la &oacute;ptica de&nbsp;&eacute;pocas distintas, el intercambio de conocimientos y experiencias contribuir&aacute; a mejorar la competitividad de nuestro tejido empresarial en las islas.<\/p>\n<p align='justify'>En este tema, el director del Departamento de Promoci&oacute;n y Gesti&oacute;n de la Innovaci&oacute;n de la Fundaci&oacute;n Empresa de la Universidad de La Laguna (FEULL), Rodrigo Trujillo, que llam&oacute; la atenci&oacute;n sobre el hecho de que en cualquier econom&iacute;a avanzada, la competitividad de los agentes econ&oacute;micos y sociales tiene como punto de partida su capacidad de innovaci&oacute;n.Destac&oacute; tambi&eacute;n la&nbsp; cooperaci&oacute;n que existe entre la Universidad, las administraciones p&uacute;blicas, y las C&aacute;maras de Comercio para promover una nueva cultura empresarial en Canarias.<\/p>\n<p align='justify'><strong>V&iacute;as de financiaci&oacute;n<\/strong><\/p>\n<p>La Red de Mentores de Canarias es la primera fase de un programa m&aacute;s amplio con el que, en una segunda etapa, se crear&aacute; un Fondo de Inversi&oacute;n para Emprendedores Universitarios, con el objetivo de eliminar el principal obst&aacute;culo con el que se encuentran los futuros empresarios a la hora de poner en marcha su negocio: la falta de financiaci&oacute;n.<\/p>\n<p align='justify'>A trav&eacute;s de este Fondo se analizar&aacute; y seleccionar&aacute; los proyectos empresariales factibles para abrirles la posibilidad de conseguir financiaci&oacute;n privada a trav&eacute;s del &nbsp;cr&eacute;dito participativo o mediante participaci&oacute;n en el capital de la empresa, poni&eacute;ndolos en contacto con posibles inversores.<\/p>\n<p align='justify'>&nbsp;<\/p>\n<p align='justify'>&nbsp;<\/p>\n<p align='justify'>&nbsp;<\/p>\n<p align='2justify'>&nbsp;<\/p>\n<p align='justify'>&nbsp;<\/p>\n<p align='justify'>&nbsp;<\/p>\n<div style=\"max-width: 100%;max-height:100%\"><img src='http:\/\/www.fg.ull.es\/wp-content\/uploads\/2015\/04\/111_v6_img_6523.jpg'><\/div>\n<div style=\"max-width: 100%;max-height:100%\"><img src='http:\/\/www.fg.ull.es\/wp-content\/uploads\/2015\/04\/112_2i_img_6524.jpg'><\/div>\n","protected":false},"excerpt":{"rendered":"<p>El acto de presentaci\u00f3n, organizado por la Fundaci\u00f3n Empresa Universidad de La Laguna (FEULL), cont\u00f3 con la participaci\u00f3n de una treintena de empresarios dispuestos a acoger las iniciativas empresariales de j\u00f3venes universitarios<\/p>\n","protected":false},"author":36,"featured_media":8541,"comment_status":"closed","ping_status":"open","sticky":false,"template":"","format":"standard","meta":{"footnotes":""},"categories":[6,8],"tags":[173,518,533,541,821],"featured_image_thumbnail_url":"https:\/\/fg.ull.es\/hemeroteca\/wp-content\/uploads\/sites\/14\/2015\/04\/110_41_img_6516-300x200.jpg","_links":{"self":[{"href":"https:\/\/fg.ull.es\/hemeroteca\/wp-json\/wp\/v2\/posts\/8544"}],"collection":[{"href":"https:\/\/fg.ull.es\/hemeroteca\/wp-json\/wp\/v2\/posts"}],"about":[{"href":"https:\/\/fg.ull.es\/hemeroteca\/wp-json\/wp\/v2\/types\/post"}],"author":[{"embeddable":true,"href":"https:\/\/fg.ull.es\/hemeroteca\/wp-json\/wp\/v2\/users\/36"}],"replies":[{"embeddable":true,"href":"https:\/\/fg.ull.es\/hemeroteca\/wp-json\/wp\/v2\/comments?post=8544"}],"version-history":[{"count":0,"href":"https:\/\/fg.ull.es\/hemeroteca\/wp-json\/wp\/v2\/posts\/8544\/revisions"}],"wp:featuredmedia":[{"embeddable":true,"href":"https:\/\/fg.ull.es\/hemeroteca\/wp-json\/wp\/v2\/media\/8541"}],"wp:attachment":[{"href":"https:\/\/fg.ull.es\/hemeroteca\/wp-json\/wp\/v2\/media?parent=8544"}],"wp:term":[{"taxonomy":"category","embeddable":true,"href":"https:\/\/fg.ull.es\/hemeroteca\/wp-json\/wp\/v2\/categories?post=8544"},{"taxonomy":"post_tag","embeddable":true,"href":"https:\/\/fg.ull.es\/hemeroteca\/wp-json\/wp\/v2\/tags?post=8544"}],"curies":[{"name":"wp","href":"https:\/\/api.w.org\/{rel}","templated":true}]}}