{"id":8432,"date":"2011-01-28T12:12:41","date_gmt":"2011-01-28T12:12:41","guid":{"rendered":"http:\/\/www.fg.ull.es\/?p=8432"},"modified":"2011-01-28T12:12:41","modified_gmt":"2011-01-28T12:12:41","slug":"la-feull-entregara-las-acreditaciones-correspondientes-al-nivel-de-consultores-de-la-innovacion","status":"publish","type":"post","link":"https:\/\/fg.ull.es\/hemeroteca\/2011\/01\/28\/la-feull-entregara-las-acreditaciones-correspondientes-al-nivel-de-consultores-de-la-innovacion\/","title":{"rendered":"La FEULL entregar\u00e1 las acreditaciones correspondientes al nivel de Consultores de la Innovaci\u00f3n"},"content":{"rendered":"<p>El acto tendr\u00e1 lugar el pr\u00f3ximo lunes 31 de enero a las 17 horas en el Aula Magna de la Facultad de F\u00edsica y Matem\u00e1ticas de la Universidad de La Laguna<\/p>\n<p align='justify'><strong>Veinte dinamizadores de la innovaci&oacute;n pasan a la fase pr&aacute;ctica en empresas y &aacute;reas de investigaci&oacute;n de la ULL que comienza el pr&oacute;ximo 3 de febrero<\/strong><\/p>\n<p align='justify'>&nbsp;<em>En la sexta edici&oacute;n del Programa de Gestores de la Innovaci&oacute;n desarrollado por la FEULL, treinta y dos personas recibir&aacute;n el pr&oacute;ximo d&iacute;a 31 de enero la acreditaci&oacute;n que los capacita como Consultores de la Innovaci&oacute;n. Este acto se celebrar&aacute; en el Aula Magna de la Facultad de F&iacute;sica y Matem&aacute;ticas a las 17 horas. Tras esta etapa formativa, 20 alumnos pasar&aacute;n a la fase pr&aacute;ctica en diversas empresas canarias y departamentos de investigaci&oacute;n donde desarrollar&aacute;n una experiencia real en Consultor&iacute;a de la Innovaci&oacute;n.<\/em><\/p>\n<p align='justify'>El nivel de Consultores de la Innovaci&oacute;n es el tercer nivel del <a href='http:\/\/www.tdi.ull.es\/'>Programa de Formaci&oacute;n Gestores de la Innovaci&oacute;n<\/a>. En este per&iacute;odo formativo se profundiza en aspectos como: herramientas de an&aacute;lisis y diagn&oacute;stico, identificaci&oacute;n de oportunidades de innovaci&oacute;n empresarial, sistemas de vigilancia tecnol&oacute;gica, sistemas de gesti&oacute;n, entre otros. A este nivel s&oacute;lo pueden optar titulados universitarios en situaci&oacute;n de desempleo accediendo prioritariamente los reci&eacute;n titulados de las Universidades Canarias. La siguiente fase del Programa, denominada, Taller de Dinamizadores de la Innovaci&oacute;n, se corresponde con la inserci&oacute;n de una parte de los Consultores en empresas y &aacute;reas de investigaci&oacute;n de la Universidad de La Laguna.<\/p>\n<p align='justify'>El Taller de Dinamizadores de la Innovaci&oacute;n es una iniciativa enmarcada dentro del Programa de Formaci&oacute;n <em>Gestores de la Innovaci&oacute;n<\/em>, que pretende promover un cambio en las empresas canarias inculcando una cultura innovadora y proporcionando herramientas, mecanismos y t&eacute;cnicas que les permitan enfrentarse al desarrollo tecnol&oacute;gico y mejorar su competitividad. Para ello, se facilita la incorporaci&oacute;n gratuita de un consultor J&uacute;nior de I D i, durante 4 meses, en pr&aacute;cticas para:<\/p>\n<p align='justify'>a) El desarrollo de un plan tecnol&oacute;gico en empresas. Esto supone un diagn&oacute;stico de innovaci&oacute;n, donde se analiza la situaci&oacute;n de las empresas respecto a la innovaci&oacute;n y la&nbsp; tecnolog&iacute;a y un an&aacute;lisis DAFO, donde se eval&uacute;a su posici&oacute;n competitiva respecto a su entorno.<\/p>\n<p align='justify'>b)&nbsp;La identificaci&oacute;n de posibles proyectos innovadores a desarrollar por la empresa.<\/p>\n<p align='justify'>c)&nbsp;La b&uacute;squeda de fuentes de financiaci&oacute;n que mejor se adec&uacute;en a los proyectos de la empresa. Y si se diera el caso a la preparaci&oacute;n de solicitudes.<\/p>\n<p align='justify'>d) La redacci&oacute;n de una memoria t&eacute;cnica y un presupuesto que sirva de avance de, al menos, una de las propuestas identificadas para presentarlo a las l&iacute;neas de financiaci&oacute;n seleccionadas.<\/p>\n<p align='justify'>e) La identificaci&oacute;n de necesidades cient&iacute;fico-tecnol&oacute;gicas que puedan ser cubiertas por grupos de investigaci&oacute;n de los centros de I D canarios.<\/p>\n","protected":false},"excerpt":{"rendered":"<p>El acto tendr\u00e1 lugar el pr\u00f3ximo lunes 31 de enero a las 17 horas en el Aula Magna de la Facultad de F\u00edsica y Matem\u00e1ticas de la Universidad de La Laguna<\/p>\n","protected":false},"author":36,"featured_media":8431,"comment_status":"closed","ping_status":"open","sticky":false,"template":"","format":"standard","meta":{"footnotes":""},"categories":[6,8],"tags":[173],"featured_image_thumbnail_url":"https:\/\/fg.ull.es\/hemeroteca\/wp-content\/uploads\/sites\/14\/2015\/04\/70_yn_gestores_de_la_innovacionjpg-300x88.jpg","_links":{"self":[{"href":"https:\/\/fg.ull.es\/hemeroteca\/wp-json\/wp\/v2\/posts\/8432"}],"collection":[{"href":"https:\/\/fg.ull.es\/hemeroteca\/wp-json\/wp\/v2\/posts"}],"about":[{"href":"https:\/\/fg.ull.es\/hemeroteca\/wp-json\/wp\/v2\/types\/post"}],"author":[{"embeddable":true,"href":"https:\/\/fg.ull.es\/hemeroteca\/wp-json\/wp\/v2\/users\/36"}],"replies":[{"embeddable":true,"href":"https:\/\/fg.ull.es\/hemeroteca\/wp-json\/wp\/v2\/comments?post=8432"}],"version-history":[{"count":0,"href":"https:\/\/fg.ull.es\/hemeroteca\/wp-json\/wp\/v2\/posts\/8432\/revisions"}],"wp:featuredmedia":[{"embeddable":true,"href":"https:\/\/fg.ull.es\/hemeroteca\/wp-json\/wp\/v2\/media\/8431"}],"wp:attachment":[{"href":"https:\/\/fg.ull.es\/hemeroteca\/wp-json\/wp\/v2\/media?parent=8432"}],"wp:term":[{"taxonomy":"category","embeddable":true,"href":"https:\/\/fg.ull.es\/hemeroteca\/wp-json\/wp\/v2\/categories?post=8432"},{"taxonomy":"post_tag","embeddable":true,"href":"https:\/\/fg.ull.es\/hemeroteca\/wp-json\/wp\/v2\/tags?post=8432"}],"curies":[{"name":"wp","href":"https:\/\/api.w.org\/{rel}","templated":true}]}}