{"id":8305,"date":"2010-12-01T17:00:47","date_gmt":"2010-12-01T17:00:47","guid":{"rendered":"http:\/\/www.fg.ull.es\/?p=8305"},"modified":"2010-12-01T17:00:47","modified_gmt":"2010-12-01T17:00:47","slug":"la-laguna-desarrollara-un-proyecto-pionero-en-canarias-para-fomentar-el-empleo-en-la-cuesta","status":"publish","type":"post","link":"https:\/\/fg.ull.es\/hemeroteca\/2010\/12\/01\/la-laguna-desarrollara-un-proyecto-pionero-en-canarias-para-fomentar-el-empleo-en-la-cuesta\/","title":{"rendered":"La Laguna desarrollar\u00e1 un proyecto pionero en Canarias para fomentar el empleo en La Cuesta"},"content":{"rendered":"<p>El alcalde, Fernando Clavijo, firm\u00f3 ayer, un convenio entre Ayuntamiento, ULL, vecinos del Barrio de La Candelaria y SCE, que permitir\u00e1 analizar las demandas y necesidades del tejido comercial y empresarial del barrio.<\/p>\n<p>La Laguna desarrollar&aacute;&nbsp; un proyecto pionero en Canarias para fomentar el empleo en La Cuesta que ser&aacute; fruto de la colaboraci&oacute;n entre el Ayuntamiento lagunero, la Universidad de La Laguna (ULL), a trav&eacute;s de la Fundaci&oacute;n Empresa (FEULL), la Asociaci&oacute;n de Vecinos San Rom&aacute;n del Barrio de La Candelaria y el Servicio Canario de Empleo (SCE). As&iacute;, el alcalde del municipio, Fernando Clavijo, ha firmado el convenio que permitir&aacute; en los pr&oacute;ximos meses analizar las caracter&iacute;sticas del desempleo en el barrio y las demandas y necesidades del tejido comercial y empresarial de la zona para que, en consonancia con ello, se puedan plantear cursos formativos especialmente dise&ntilde;ados para esta realidad concreta.&nbsp;<\/p>\n<p>Denominado \\&#8217;Barrios por el Empleo\\&#8217;, este singular proyecto tendr&aacute; nueve meses de duraci&oacute;n y supondr&aacute; una inversi&oacute;n de unos 30.000 euros. Su concepci&oacute;n ha tenido su origen en la experiencia de trabajo comunitario &lsquo;Vecinos al Proyecto&rsquo; que desde 2004 se desarrolla en este n&uacute;cleo lagunero, con el objetivo de mejorar de manera integral el barrio, partiendo de la identificaci&oacute;n de sus principales problemas, la valoraci&oacute;n de sus recursos end&oacute;genos y el desarrollo de sus propias ideas.&nbsp;<\/p>\n<p>El alcalde de La Laguna, Fernando Clavijo, ha destacado que&nbsp; &ldquo;el Ayuntamiento lagunero viene desarrollando diversas iniciativas con el fin de paliar los efectos negativos del actual proceso de crisis econ&oacute;mica, especialmente en el &aacute;mbito del empleo, muchas de las cuales est&aacute;n contando con la concurrencia de los principales actores sociales y econ&oacute;micos del municipio. En este caso concreto, destac&oacute;, \\&#8217;quiero agradecer el trabajo conjunto que nos ha permitido hacer la Asociaci&oacute;n de Vecinos San Rom&aacute;n, as&iacute; como la Universidad de La Laguna y el Servicio Canario de Empleo y que supone una apuesta firme por mejorar las condiciones de empleabilidad entre nuestros vecinos&rdquo;.<\/p>\n<p>En este contexto, la iniciativa \\&#8217;Barrios por el Empleo\\&#8217; es la respuesta necesaria a la crisis econ&oacute;mica y al problema del desempleo y sus consecuencias en el marco local, en los barrios. Se trata de establecer una estructura de trabajo colaborativa para establecer una acci&oacute;n concertada del conjunto de actores que intervienen en el marco local. Para ello, se crea, coordina y optimizan los recursos e instrumentos existentes a trav&eacute;s de alianzas y acuerdos m&uacute;ltiples.<\/p>\n<h2>Mejorar las condiciones de empleabilidad<\/h2>\n<p>El proyecto tiene unos objetivos espec&iacute;ficos como el de conectar la demanda laboral con la oferta de trabajo que se genera en La Cuesta; mejorar las condiciones de empleabilidad de los demandantes de empleo; estimular la formaci&oacute;n y la cualificaci&oacute;n profesional entre los vecinos; realizar acompa&ntilde;amiento a los desempleados en su itinerario hacia el empleo o el autoempleo y optimizar los recursos del barrio y canalizar nuevos recursos desde el exterior.<\/p>\n<p>Pero, adem&aacute;s, \\&#8217;Barrios por el Empleo\\&#8217; se plantea como una experiencia piloto que tenga a corto plazo efecto demostrativo para otras localidades y barrios del municipio y de la regi&oacute;n.<\/p>\n<h2>Planteamiento y objetivos<\/h2>\n<p>La actual coyuntura de crisis econ&oacute;mica se manifiesta fundamentalmente en el &aacute;mbito local, donde las familias m&aacute;s vulnerables atraviesan circunstancias dif&iacute;ciles, lo que obliga a los actores que se desenvuelven dentro y fuera de ese marco, p&uacute;blicos y privados, junto a las personas m&aacute;s afectadas por esa situaci&oacute;n, a buscar alternativas que contribuyan a paliar el problema fundamental: la carencia de empleo o la dificultad de los demandantes para acceder a las ocupaciones que ofrece el mercado laboral.<\/p>\n<p>Y as&iacute;, ante la situaci&oacute;n de creciente desempleo que se registra entre los habitantes del barrio de La Candelaria y su incidencia en el &aacute;mbito familiar y comunitario, identificada sobre todo por los profesionales que desarrollan su actividad en el barrio y que est&aacute;n integrados en la comisi&oacute;n t&eacute;cnica en el marco de la iniciativa \\&#8217;Vecinos al Proyecto\\&#8217;, diversos actores locales, agrupados en torno a la Asociaci&oacute;n de Vecinos San Rom&aacute;n, han decidido promover un proyecto conjunto para encontrar soluciones a la citada problem&aacute;tica.<\/p>\n<p>La filosof&iacute;a que mueve el proyecto es que tambi&eacute;n desde los barrios se puede contribuir a mejorar las condiciones de empleabilidad de las personas que se encuentran en una situaci&oacute;n m&aacute;s desfavorable, incidiendo en su cualificaci&oacute;n y vinculando la demanda con la oferta laboral que se genera en ese contexto, estableciendo las alianzas y acuerdos necesarios para coordinar mejor los recursos existentes destinados a mitigar ese grave problema social.<\/p>\n<p>En todo este proyecto intervienen la Asociaci&oacute;n de Vecinos San Rom&aacute;n a trav&eacute;s de la iniciativa \\&#8217;Vecinos al Proyecto\\&#8217;, el Servicio Canario de Empleo, el Ayuntamiento de San Crist&oacute;bal de La Laguna, a trav&eacute;s de su &Aacute;rea de Bienestar Social y del Gabinete de Desarrollo Local, la Asociaci&oacute;n de Empresarios de La Cuesta ASECU, el Centro de Salud de La Cuesta, C&aacute;ritas Diocesana, el Colegio P&uacute;blico &Aacute;ngeles Bermejo, Cruz Roja, as&iacute; como la Universidad de La Laguna y Fundaci&oacute;n Empresa Universidad de La Laguna.<\/p>\n","protected":false},"excerpt":{"rendered":"<p>El alcalde, Fernando Clavijo, firm\u00f3 ayer, un convenio entre Ayuntamiento, ULL, vecinos del Barrio de La Candelaria y SCE, que permitir\u00e1 analizar las demandas y necesidades del tejido comercial y empresarial del barrio.<\/p>\n","protected":false},"author":36,"featured_media":8304,"comment_status":"closed","ping_status":"open","sticky":false,"template":"","format":"standard","meta":{"footnotes":""},"categories":[3,6],"tags":[173],"class_list":["post-8305","post","type-post","status-publish","format-standard","has-post-thumbnail","hentry","category-empleo","category-fundacion","tag-archivados"],"yoast_head":"<!-- This site is optimized with the Yoast SEO plugin v28.2 - https:\/\/yoast.com\/product\/yoast-seo-wordpress\/ -->\n<title>La Laguna desarrollar\u00e1 un proyecto pionero en Canarias para fomentar el empleo en La Cuesta - Hist\u00f3rico de noticias de la Fundaci\u00f3n General<\/title>\n<meta name=\"robots\" content=\"index, follow, max-snippet:-1, max-image-preview:large, max-video-preview:-1\" \/>\n<link rel=\"canonical\" href=\"https:\/\/fg.ull.es\/hemeroteca\/2010\/12\/01\/la-laguna-desarrollara-un-proyecto-pionero-en-canarias-para-fomentar-el-empleo-en-la-cuesta\/\" \/>\n<meta property=\"og:locale\" content=\"es_ES\" \/>\n<meta property=\"og:type\" content=\"article\" \/>\n<meta property=\"og:title\" content=\"La Laguna desarrollar\u00e1 un proyecto pionero en Canarias para fomentar el empleo en La Cuesta - Hist\u00f3rico de noticias de la Fundaci\u00f3n General\" \/>\n<meta property=\"og:description\" content=\"El alcalde, Fernando Clavijo, firm\u00f3 ayer, un convenio entre Ayuntamiento, ULL, vecinos del Barrio de La Candelaria y SCE, que permitir\u00e1 analizar las demandas y necesidades del tejido comercial y empresarial del barrio.\" \/>\n<meta property=\"og:url\" content=\"https:\/\/fg.ull.es\/hemeroteca\/2010\/12\/01\/la-laguna-desarrollara-un-proyecto-pionero-en-canarias-para-fomentar-el-empleo-en-la-cuesta\/\" \/>\n<meta property=\"og:site_name\" content=\"Hist\u00f3rico de noticias de la Fundaci\u00f3n General\" \/>\n<meta property=\"article:published_time\" content=\"2010-12-01T17:00:47+00:00\" \/>\n<meta property=\"og:image\" content=\"https:\/\/fg.ull.es\/hemeroteca\/wp-content\/uploads\/sites\/14\/2015\/04\/14_vr_745bb43959.jpg\" \/>\n\t<meta property=\"og:image:width\" content=\"900\" \/>\n\t<meta property=\"og:image:height\" content=\"544\" \/>\n\t<meta property=\"og:image:type\" content=\"image\/jpeg\" \/>\n<meta name=\"author\" content=\"fgull\" \/>\n<meta name=\"twitter:card\" content=\"summary_large_image\" \/>\n<meta name=\"twitter:label1\" content=\"Escrito por\" \/>\n\t<meta name=\"twitter:data1\" content=\"fgull\" \/>\n\t<meta name=\"twitter:label2\" content=\"Tiempo de lectura\" \/>\n\t<meta name=\"twitter:data2\" content=\"5 minutos\" \/>\n<script type=\"application\/ld+json\" class=\"yoast-schema-graph\">{\"@context\":\"https:\\\/\\\/schema.org\",\"@graph\":[{\"@type\":\"Article\",\"@id\":\"https:\\\/\\\/fg.ull.es\\\/hemeroteca\\\/2010\\\/12\\\/01\\\/la-laguna-desarrollara-un-proyecto-pionero-en-canarias-para-fomentar-el-empleo-en-la-cuesta\\\/#article\",\"isPartOf\":{\"@id\":\"https:\\\/\\\/fg.ull.es\\\/hemeroteca\\\/2010\\\/12\\\/01\\\/la-laguna-desarrollara-un-proyecto-pionero-en-canarias-para-fomentar-el-empleo-en-la-cuesta\\\/\"},\"author\":{\"name\":\"fgull\",\"@id\":\"https:\\\/\\\/fg.ull.es\\\/hemeroteca\\\/#\\\/schema\\\/person\\\/cf424320c3c543ecb9f15d3785219238\"},\"headline\":\"La Laguna desarrollar\u00e1 un proyecto pionero en Canarias para fomentar el empleo en La Cuesta\",\"datePublished\":\"2010-12-01T17:00:47+00:00\",\"mainEntityOfPage\":{\"@id\":\"https:\\\/\\\/fg.ull.es\\\/hemeroteca\\\/2010\\\/12\\\/01\\\/la-laguna-desarrollara-un-proyecto-pionero-en-canarias-para-fomentar-el-empleo-en-la-cuesta\\\/\"},\"wordCount\":973,\"image\":{\"@id\":\"https:\\\/\\\/fg.ull.es\\\/hemeroteca\\\/2010\\\/12\\\/01\\\/la-laguna-desarrollara-un-proyecto-pionero-en-canarias-para-fomentar-el-empleo-en-la-cuesta\\\/#primaryimage\"},\"thumbnailUrl\":\"https:\\\/\\\/fg.ull.es\\\/hemeroteca\\\/wp-content\\\/uploads\\\/sites\\\/14\\\/2015\\\/04\\\/14_vr_745bb43959.jpg\",\"keywords\":[\"Archivados\"],\"articleSection\":[\"Empleo\",\"Fundaci\u00f3n\"],\"inLanguage\":\"es\"},{\"@type\":\"WebPage\",\"@id\":\"https:\\\/\\\/fg.ull.es\\\/hemeroteca\\\/2010\\\/12\\\/01\\\/la-laguna-desarrollara-un-proyecto-pionero-en-canarias-para-fomentar-el-empleo-en-la-cuesta\\\/\",\"url\":\"https:\\\/\\\/fg.ull.es\\\/hemeroteca\\\/2010\\\/12\\\/01\\\/la-laguna-desarrollara-un-proyecto-pionero-en-canarias-para-fomentar-el-empleo-en-la-cuesta\\\/\",\"name\":\"La Laguna desarrollar\u00e1 un proyecto pionero en Canarias para fomentar el empleo en La Cuesta - Hist\u00f3rico de noticias de la Fundaci\u00f3n General\",\"isPartOf\":{\"@id\":\"https:\\\/\\\/fg.ull.es\\\/hemeroteca\\\/#website\"},\"primaryImageOfPage\":{\"@id\":\"https:\\\/\\\/fg.ull.es\\\/hemeroteca\\\/2010\\\/12\\\/01\\\/la-laguna-desarrollara-un-proyecto-pionero-en-canarias-para-fomentar-el-empleo-en-la-cuesta\\\/#primaryimage\"},\"image\":{\"@id\":\"https:\\\/\\\/fg.ull.es\\\/hemeroteca\\\/2010\\\/12\\\/01\\\/la-laguna-desarrollara-un-proyecto-pionero-en-canarias-para-fomentar-el-empleo-en-la-cuesta\\\/#primaryimage\"},\"thumbnailUrl\":\"https:\\\/\\\/fg.ull.es\\\/hemeroteca\\\/wp-content\\\/uploads\\\/sites\\\/14\\\/2015\\\/04\\\/14_vr_745bb43959.jpg\",\"datePublished\":\"2010-12-01T17:00:47+00:00\",\"author\":{\"@id\":\"https:\\\/\\\/fg.ull.es\\\/hemeroteca\\\/#\\\/schema\\\/person\\\/cf424320c3c543ecb9f15d3785219238\"},\"breadcrumb\":{\"@id\":\"https:\\\/\\\/fg.ull.es\\\/hemeroteca\\\/2010\\\/12\\\/01\\\/la-laguna-desarrollara-un-proyecto-pionero-en-canarias-para-fomentar-el-empleo-en-la-cuesta\\\/#breadcrumb\"},\"inLanguage\":\"es\",\"potentialAction\":[{\"@type\":\"ReadAction\",\"target\":[\"https:\\\/\\\/fg.ull.es\\\/hemeroteca\\\/2010\\\/12\\\/01\\\/la-laguna-desarrollara-un-proyecto-pionero-en-canarias-para-fomentar-el-empleo-en-la-cuesta\\\/\"]}]},{\"@type\":\"ImageObject\",\"inLanguage\":\"es\",\"@id\":\"https:\\\/\\\/fg.ull.es\\\/hemeroteca\\\/2010\\\/12\\\/01\\\/la-laguna-desarrollara-un-proyecto-pionero-en-canarias-para-fomentar-el-empleo-en-la-cuesta\\\/#primaryimage\",\"url\":\"https:\\\/\\\/fg.ull.es\\\/hemeroteca\\\/wp-content\\\/uploads\\\/sites\\\/14\\\/2015\\\/04\\\/14_vr_745bb43959.jpg\",\"contentUrl\":\"https:\\\/\\\/fg.ull.es\\\/hemeroteca\\\/wp-content\\\/uploads\\\/sites\\\/14\\\/2015\\\/04\\\/14_vr_745bb43959.jpg\",\"width\":900,\"height\":544},{\"@type\":\"BreadcrumbList\",\"@id\":\"https:\\\/\\\/fg.ull.es\\\/hemeroteca\\\/2010\\\/12\\\/01\\\/la-laguna-desarrollara-un-proyecto-pionero-en-canarias-para-fomentar-el-empleo-en-la-cuesta\\\/#breadcrumb\",\"itemListElement\":[{\"@type\":\"ListItem\",\"position\":1,\"name\":\"Home\",\"item\":\"https:\\\/\\\/fg.ull.es\\\/hemeroteca\\\/\"},{\"@type\":\"ListItem\",\"position\":2,\"name\":\"La Laguna desarrollar\u00e1 un proyecto pionero en Canarias para fomentar el empleo en La Cuesta\"}]},{\"@type\":\"WebSite\",\"@id\":\"https:\\\/\\\/fg.ull.es\\\/hemeroteca\\\/#website\",\"url\":\"https:\\\/\\\/fg.ull.es\\\/hemeroteca\\\/\",\"name\":\"Hist\u00f3rico de noticias de la Fundaci\u00f3n General\",\"description\":\"\",\"potentialAction\":[{\"@type\":\"SearchAction\",\"target\":{\"@type\":\"EntryPoint\",\"urlTemplate\":\"https:\\\/\\\/fg.ull.es\\\/hemeroteca\\\/?s={search_term_string}\"},\"query-input\":{\"@type\":\"PropertyValueSpecification\",\"valueRequired\":true,\"valueName\":\"search_term_string\"}}],\"inLanguage\":\"es\"},{\"@type\":\"Person\",\"@id\":\"https:\\\/\\\/fg.ull.es\\\/hemeroteca\\\/#\\\/schema\\\/person\\\/cf424320c3c543ecb9f15d3785219238\",\"name\":\"fgull\",\"image\":{\"@type\":\"ImageObject\",\"inLanguage\":\"es\",\"@id\":\"https:\\\/\\\/secure.gravatar.com\\\/avatar\\\/3b3f179500dd91d295ffa66543a853574e5676c5c7f8b31d00af1a80aadcafa4?s=96&d=mm&r=g\",\"url\":\"https:\\\/\\\/secure.gravatar.com\\\/avatar\\\/3b3f179500dd91d295ffa66543a853574e5676c5c7f8b31d00af1a80aadcafa4?s=96&d=mm&r=g\",\"contentUrl\":\"https:\\\/\\\/secure.gravatar.com\\\/avatar\\\/3b3f179500dd91d295ffa66543a853574e5676c5c7f8b31d00af1a80aadcafa4?s=96&d=mm&r=g\",\"caption\":\"fgull\"},\"url\":\"https:\\\/\\\/fg.ull.es\\\/hemeroteca\\\/author\\\/fgull\\\/\"}]}<\/script>\n<!-- \/ Yoast SEO plugin. -->","yoast_head_json":{"title":"La Laguna desarrollar\u00e1 un proyecto pionero en Canarias para fomentar el empleo en La Cuesta - Hist\u00f3rico de noticias de la Fundaci\u00f3n General","robots":{"index":"index","follow":"follow","max-snippet":"max-snippet:-1","max-image-preview":"max-image-preview:large","max-video-preview":"max-video-preview:-1"},"canonical":"https:\/\/fg.ull.es\/hemeroteca\/2010\/12\/01\/la-laguna-desarrollara-un-proyecto-pionero-en-canarias-para-fomentar-el-empleo-en-la-cuesta\/","og_locale":"es_ES","og_type":"article","og_title":"La Laguna desarrollar\u00e1 un proyecto pionero en Canarias para fomentar el empleo en La Cuesta - Hist\u00f3rico de noticias de la Fundaci\u00f3n General","og_description":"El alcalde, Fernando Clavijo, firm\u00f3 ayer, un convenio entre Ayuntamiento, ULL, vecinos del Barrio de La Candelaria y SCE, que permitir\u00e1 analizar las demandas y necesidades del tejido comercial y empresarial del barrio.","og_url":"https:\/\/fg.ull.es\/hemeroteca\/2010\/12\/01\/la-laguna-desarrollara-un-proyecto-pionero-en-canarias-para-fomentar-el-empleo-en-la-cuesta\/","og_site_name":"Hist\u00f3rico de noticias de la Fundaci\u00f3n General","article_published_time":"2010-12-01T17:00:47+00:00","og_image":[{"width":900,"height":544,"url":"https:\/\/fg.ull.es\/hemeroteca\/wp-content\/uploads\/sites\/14\/2015\/04\/14_vr_745bb43959.jpg","type":"image\/jpeg"}],"author":"fgull","twitter_card":"summary_large_image","twitter_misc":{"Escrito por":"fgull","Tiempo de lectura":"5 minutos"},"schema":{"@context":"https:\/\/schema.org","@graph":[{"@type":"Article","@id":"https:\/\/fg.ull.es\/hemeroteca\/2010\/12\/01\/la-laguna-desarrollara-un-proyecto-pionero-en-canarias-para-fomentar-el-empleo-en-la-cuesta\/#article","isPartOf":{"@id":"https:\/\/fg.ull.es\/hemeroteca\/2010\/12\/01\/la-laguna-desarrollara-un-proyecto-pionero-en-canarias-para-fomentar-el-empleo-en-la-cuesta\/"},"author":{"name":"fgull","@id":"https:\/\/fg.ull.es\/hemeroteca\/#\/schema\/person\/cf424320c3c543ecb9f15d3785219238"},"headline":"La Laguna desarrollar\u00e1 un proyecto pionero en Canarias para fomentar el empleo en La Cuesta","datePublished":"2010-12-01T17:00:47+00:00","mainEntityOfPage":{"@id":"https:\/\/fg.ull.es\/hemeroteca\/2010\/12\/01\/la-laguna-desarrollara-un-proyecto-pionero-en-canarias-para-fomentar-el-empleo-en-la-cuesta\/"},"wordCount":973,"image":{"@id":"https:\/\/fg.ull.es\/hemeroteca\/2010\/12\/01\/la-laguna-desarrollara-un-proyecto-pionero-en-canarias-para-fomentar-el-empleo-en-la-cuesta\/#primaryimage"},"thumbnailUrl":"https:\/\/fg.ull.es\/hemeroteca\/wp-content\/uploads\/sites\/14\/2015\/04\/14_vr_745bb43959.jpg","keywords":["Archivados"],"articleSection":["Empleo","Fundaci\u00f3n"],"inLanguage":"es"},{"@type":"WebPage","@id":"https:\/\/fg.ull.es\/hemeroteca\/2010\/12\/01\/la-laguna-desarrollara-un-proyecto-pionero-en-canarias-para-fomentar-el-empleo-en-la-cuesta\/","url":"https:\/\/fg.ull.es\/hemeroteca\/2010\/12\/01\/la-laguna-desarrollara-un-proyecto-pionero-en-canarias-para-fomentar-el-empleo-en-la-cuesta\/","name":"La Laguna desarrollar\u00e1 un proyecto pionero en Canarias para fomentar el empleo en La Cuesta - Hist\u00f3rico de noticias de la Fundaci\u00f3n General","isPartOf":{"@id":"https:\/\/fg.ull.es\/hemeroteca\/#website"},"primaryImageOfPage":{"@id":"https:\/\/fg.ull.es\/hemeroteca\/2010\/12\/01\/la-laguna-desarrollara-un-proyecto-pionero-en-canarias-para-fomentar-el-empleo-en-la-cuesta\/#primaryimage"},"image":{"@id":"https:\/\/fg.ull.es\/hemeroteca\/2010\/12\/01\/la-laguna-desarrollara-un-proyecto-pionero-en-canarias-para-fomentar-el-empleo-en-la-cuesta\/#primaryimage"},"thumbnailUrl":"https:\/\/fg.ull.es\/hemeroteca\/wp-content\/uploads\/sites\/14\/2015\/04\/14_vr_745bb43959.jpg","datePublished":"2010-12-01T17:00:47+00:00","author":{"@id":"https:\/\/fg.ull.es\/hemeroteca\/#\/schema\/person\/cf424320c3c543ecb9f15d3785219238"},"breadcrumb":{"@id":"https:\/\/fg.ull.es\/hemeroteca\/2010\/12\/01\/la-laguna-desarrollara-un-proyecto-pionero-en-canarias-para-fomentar-el-empleo-en-la-cuesta\/#breadcrumb"},"inLanguage":"es","potentialAction":[{"@type":"ReadAction","target":["https:\/\/fg.ull.es\/hemeroteca\/2010\/12\/01\/la-laguna-desarrollara-un-proyecto-pionero-en-canarias-para-fomentar-el-empleo-en-la-cuesta\/"]}]},{"@type":"ImageObject","inLanguage":"es","@id":"https:\/\/fg.ull.es\/hemeroteca\/2010\/12\/01\/la-laguna-desarrollara-un-proyecto-pionero-en-canarias-para-fomentar-el-empleo-en-la-cuesta\/#primaryimage","url":"https:\/\/fg.ull.es\/hemeroteca\/wp-content\/uploads\/sites\/14\/2015\/04\/14_vr_745bb43959.jpg","contentUrl":"https:\/\/fg.ull.es\/hemeroteca\/wp-content\/uploads\/sites\/14\/2015\/04\/14_vr_745bb43959.jpg","width":900,"height":544},{"@type":"BreadcrumbList","@id":"https:\/\/fg.ull.es\/hemeroteca\/2010\/12\/01\/la-laguna-desarrollara-un-proyecto-pionero-en-canarias-para-fomentar-el-empleo-en-la-cuesta\/#breadcrumb","itemListElement":[{"@type":"ListItem","position":1,"name":"Home","item":"https:\/\/fg.ull.es\/hemeroteca\/"},{"@type":"ListItem","position":2,"name":"La Laguna desarrollar\u00e1 un proyecto pionero en Canarias para fomentar el empleo en La Cuesta"}]},{"@type":"WebSite","@id":"https:\/\/fg.ull.es\/hemeroteca\/#website","url":"https:\/\/fg.ull.es\/hemeroteca\/","name":"Hist\u00f3rico de noticias de la Fundaci\u00f3n General","description":"","potentialAction":[{"@type":"SearchAction","target":{"@type":"EntryPoint","urlTemplate":"https:\/\/fg.ull.es\/hemeroteca\/?s={search_term_string}"},"query-input":{"@type":"PropertyValueSpecification","valueRequired":true,"valueName":"search_term_string"}}],"inLanguage":"es"},{"@type":"Person","@id":"https:\/\/fg.ull.es\/hemeroteca\/#\/schema\/person\/cf424320c3c543ecb9f15d3785219238","name":"fgull","image":{"@type":"ImageObject","inLanguage":"es","@id":"https:\/\/secure.gravatar.com\/avatar\/3b3f179500dd91d295ffa66543a853574e5676c5c7f8b31d00af1a80aadcafa4?s=96&d=mm&r=g","url":"https:\/\/secure.gravatar.com\/avatar\/3b3f179500dd91d295ffa66543a853574e5676c5c7f8b31d00af1a80aadcafa4?s=96&d=mm&r=g","contentUrl":"https:\/\/secure.gravatar.com\/avatar\/3b3f179500dd91d295ffa66543a853574e5676c5c7f8b31d00af1a80aadcafa4?s=96&d=mm&r=g","caption":"fgull"},"url":"https:\/\/fg.ull.es\/hemeroteca\/author\/fgull\/"}]}},"featured_image_thumbnail_url":"https:\/\/fg.ull.es\/hemeroteca\/wp-content\/uploads\/sites\/14\/2015\/04\/14_vr_745bb43959-300x181.jpg","_links":{"self":[{"href":"https:\/\/fg.ull.es\/hemeroteca\/wp-json\/wp\/v2\/posts\/8305","targetHints":{"allow":["GET"]}}],"collection":[{"href":"https:\/\/fg.ull.es\/hemeroteca\/wp-json\/wp\/v2\/posts"}],"about":[{"href":"https:\/\/fg.ull.es\/hemeroteca\/wp-json\/wp\/v2\/types\/post"}],"author":[{"embeddable":true,"href":"https:\/\/fg.ull.es\/hemeroteca\/wp-json\/wp\/v2\/users\/36"}],"replies":[{"embeddable":true,"href":"https:\/\/fg.ull.es\/hemeroteca\/wp-json\/wp\/v2\/comments?post=8305"}],"version-history":[{"count":0,"href":"https:\/\/fg.ull.es\/hemeroteca\/wp-json\/wp\/v2\/posts\/8305\/revisions"}],"wp:featuredmedia":[{"embeddable":true,"href":"https:\/\/fg.ull.es\/hemeroteca\/wp-json\/wp\/v2\/media\/8304"}],"wp:attachment":[{"href":"https:\/\/fg.ull.es\/hemeroteca\/wp-json\/wp\/v2\/media?parent=8305"}],"wp:term":[{"taxonomy":"category","embeddable":true,"href":"https:\/\/fg.ull.es\/hemeroteca\/wp-json\/wp\/v2\/categories?post=8305"},{"taxonomy":"post_tag","embeddable":true,"href":"https:\/\/fg.ull.es\/hemeroteca\/wp-json\/wp\/v2\/tags?post=8305"}],"curies":[{"name":"wp","href":"https:\/\/api.w.org\/{rel}","templated":true}]}}