{"id":8298,"date":"2010-11-29T20:41:48","date_gmt":"2010-11-29T20:41:48","guid":{"rendered":"http:\/\/www.fg.ull.es\/?p=8298"},"modified":"2010-11-29T20:41:48","modified_gmt":"2010-11-29T20:41:48","slug":"la-fundacion-empresa-universidad-de-la-laguna-la-ull-y-la-universidad-gaston-berger-senegal-colaboran-en-la-promocion-de-la-emprendeduria","status":"publish","type":"post","link":"https:\/\/fg.ull.es\/hemeroteca\/2010\/11\/29\/la-fundacion-empresa-universidad-de-la-laguna-la-ull-y-la-universidad-gaston-berger-senegal-colaboran-en-la-promocion-de-la-emprendeduria\/","title":{"rendered":"La Fundaci\u00f3n Empresa Universidad de La Laguna, la ULL y la Universidad Gaston Berger (Senegal) colaboran en la Promoci\u00f3n de la Emprendedur\u00eda"},"content":{"rendered":"<p>Los pasados d\u00edas 10, 11 y 12 de Noviembre, visitamos la Universidad Gaston Berger (UGB) en Saint Louis (Senegal) en el marco del proyecto EMSECAN<\/p>\n<p>Los pasados d&iacute;as 10, 11 y 12 de Noviembre, visitamos la Universidad <a>Gaston Berger<\/a> (UGB) en Saint Louis (Senegal) en el marco del proyecto EMSECAN  (Programa-MAC 2007-2013, Cooperaci&oacute;n Transnacional), cuyo objetivo  consiste en colaborar en el desarrollo de actividades de promoci&oacute;n de la  emprendedur&iacute;a de manera coordinada entre ambas universidades.<\/p>\n<p>En este  sentido, seg&uacute;n el calendario previsto, en junio del pr&oacute;ximo a&ntilde;o  comenzar&aacute;n a desarrollarse Sesiones de Motivaci&oacute;n en Aula, C&aacute;psulas de  Generaci&oacute;n de Ideas Empresariales, Laboratorios de Ideas Empresariales y  Foros de Presentaci&oacute;n de proyectos e Inversores, en l&iacute;nea con el  programa que viene desarrollando Emprende.ull en la Fundaci&oacute;n Empresa de  la Universidad de La Laguna.<\/p>\n<p>Con car&aacute;cter previo, dos titulados de la  mencionada universidad, con formaci&oacute;n y experiencia en formaci&oacute;n  empresarial, se desplazar&aacute;n a la Fundaci&oacute;n Empresa Universidad de La  Laguna para formarse y posteriormente liderar la puesta en marcha de ese  conjunto de actividades.<\/p>\n<p>En las sesiones de trabajo participaron, entre otros, el Vicerrector de Relaciones Internacionales de la UGB, Omar Sougou  y Mme Sokhna Rabi&egrave;tou Thorpe Kane, jefa de la Divisi&oacute;n de Inserci&oacute;n y  Relaciones con la Empresa (DIRE) de la citada Universidad.<\/p>\n<div style=\"max-width: 100%;max-height:100%\"><img src='http:\/\/www.fg.ull.es\/wp-content\/uploads\/2015\/04\/5_aa_5176513377_9d4f775787_z.jpg'><\/div>\n<div style=\"max-width: 100%;max-height:100%\"><img src='http:\/\/www.fg.ull.es\/wp-content\/uploads\/2015\/04\/7_lk_5177115626_992b61c82e_z.jpg'><\/div>\n","protected":false},"excerpt":{"rendered":"<p>Los pasados d\u00edas 10, 11 y 12 de Noviembre, visitamos la Universidad Gaston Berger (UGB) en Saint Louis (Senegal) en el marco del proyecto EMSECAN<\/p>\n","protected":false},"author":36,"featured_media":8295,"comment_status":"closed","ping_status":"open","sticky":false,"template":"","format":"standard","meta":{"footnotes":""},"categories":[3,6,8],"tags":[173,518,541,672,821],"featured_image_thumbnail_url":"https:\/\/fg.ull.es\/hemeroteca\/wp-content\/uploads\/sites\/14\/2015\/04\/6_bx_5176511509_f4e28c959c_z-300x225.jpg","_links":{"self":[{"href":"https:\/\/fg.ull.es\/hemeroteca\/wp-json\/wp\/v2\/posts\/8298"}],"collection":[{"href":"https:\/\/fg.ull.es\/hemeroteca\/wp-json\/wp\/v2\/posts"}],"about":[{"href":"https:\/\/fg.ull.es\/hemeroteca\/wp-json\/wp\/v2\/types\/post"}],"author":[{"embeddable":true,"href":"https:\/\/fg.ull.es\/hemeroteca\/wp-json\/wp\/v2\/users\/36"}],"replies":[{"embeddable":true,"href":"https:\/\/fg.ull.es\/hemeroteca\/wp-json\/wp\/v2\/comments?post=8298"}],"version-history":[{"count":0,"href":"https:\/\/fg.ull.es\/hemeroteca\/wp-json\/wp\/v2\/posts\/8298\/revisions"}],"wp:featuredmedia":[{"embeddable":true,"href":"https:\/\/fg.ull.es\/hemeroteca\/wp-json\/wp\/v2\/media\/8295"}],"wp:attachment":[{"href":"https:\/\/fg.ull.es\/hemeroteca\/wp-json\/wp\/v2\/media?parent=8298"}],"wp:term":[{"taxonomy":"category","embeddable":true,"href":"https:\/\/fg.ull.es\/hemeroteca\/wp-json\/wp\/v2\/categories?post=8298"},{"taxonomy":"post_tag","embeddable":true,"href":"https:\/\/fg.ull.es\/hemeroteca\/wp-json\/wp\/v2\/tags?post=8298"}],"curies":[{"name":"wp","href":"https:\/\/api.w.org\/{rel}","templated":true}]}}