{"id":31097,"date":"2016-12-27T11:26:56","date_gmt":"2016-12-27T11:26:56","guid":{"rendered":"http:\/\/www.fg.ull.es\/es\/?p=31058"},"modified":"2016-12-27T11:26:56","modified_gmt":"2016-12-27T11:26:56","slug":"la-fundacion-general-de-la-universidad-de-la-laguna-se-suma-desde-la-noche-del-30-de-diciembre-al-plan-de-contencion-del-gasto-corriente-del-conjunto-de-la-ull","status":"publish","type":"post","link":"https:\/\/fg.ull.es\/hemeroteca\/2016\/12\/27\/la-fundacion-general-de-la-universidad-de-la-laguna-se-suma-desde-la-noche-del-30-de-diciembre-al-plan-de-contencion-del-gasto-corriente-del-conjunto-de-la-ull\/","title":{"rendered":"La Fundaci\u00f3n General universitaria se suma, desde la noche del 30 de diciembre, al plan de contenci\u00f3n del gasto corriente de la ULL"},"content":{"rendered":"<h4>Se llevar\u00e1 a cabo un cierre comprendido entre el 30 de diciembre de 2016 a las 21 horas hasta el 9 de enero de 2017 a las 6 horas. Se trata de un cierre integral de todos los centros y dependencias de la Universidad de La Laguna, salvo aquellas que no pueden ver interrumpida su\u00a0actividad y varias salas de estudio.<\/h4>\n<p>En el caso de la Fundaci\u00f3n General de la ULL (FGULL), se suspenden todas las actividades formativas (incluidas las correspondientes al Servicio de Idiomas) as\u00ed como los servicios de asesoramiento (orientaci\u00f3n laboral, emprendimiento, etc.). La secretar\u00eda permanecer\u00e1 tambi\u00e9n cerrada durante este per\u00edodo.<br \/>\nPara la gesti\u00f3n de eventuales incidencias, se ha creado una cuenta de correo electr\u00f3nico de contacto, permanentemente atendida, que est\u00e1 a disposici\u00f3n de las personas usuarias de la Fundaci\u00f3n para casos de inminente urgencia y comunicaci\u00f3n de cualquier incidencia durante el periodo de cierre: su direcci\u00f3n es cierre@fg.ull.es.<br \/>\nEn relaci\u00f3n a empresas o entidades de acogida de becas o pr\u00e1cticas se deber\u00e1 realizar una comunicaci\u00f3n inmediata en los casos de accidente, baja por incapacidad temporal y\/o finalizaci\u00f3n de la estancia de estudiantes o becarios\/as.<br \/>\nAprovechamos la ocasi\u00f3n para desearles unas Felices Fiestas.<br \/>\nM\u00e1s informaci\u00f3n en la ULL:\u00a0<a href=\"http:\/\/www.ull.es\/viewcontent\/institucional\/ull\/2792574\/es\/paginaespecial\">http:\/\/www.ull.es\/viewcontent\/institucional\/ull\/2792574\/es\/paginaespecial<\/a><\/p>\n<h1><\/h1>\n","protected":false},"excerpt":{"rendered":"<p>Se llevar\u00e1 a cabo un cierre comprendido entre el 30 de diciembre de 2016 a las 21 horas hasta 9 de enero de 2016 a las 6 horas. Se trata de un cierre integral de todos los centros y dependencias de la Universidad de La Laguna, salvo aquellas que no pueden ver interrumpida su normal actividad.<\/p>\n","protected":false},"author":3,"featured_media":27861,"comment_status":"closed","ping_status":"closed","sticky":false,"template":"","format":"standard","meta":{"footnotes":""},"categories":[6],"tags":[346,694,1045,1396],"featured_image_thumbnail_url":"https:\/\/fg.ull.es\/hemeroteca\/wp-content\/uploads\/sites\/14\/2015\/03\/exterior-FGULL-300x201.jpg","_links":{"self":[{"href":"https:\/\/fg.ull.es\/hemeroteca\/wp-json\/wp\/v2\/posts\/31097"}],"collection":[{"href":"https:\/\/fg.ull.es\/hemeroteca\/wp-json\/wp\/v2\/posts"}],"about":[{"href":"https:\/\/fg.ull.es\/hemeroteca\/wp-json\/wp\/v2\/types\/post"}],"author":[{"embeddable":true,"href":"https:\/\/fg.ull.es\/hemeroteca\/wp-json\/wp\/v2\/users\/3"}],"replies":[{"embeddable":true,"href":"https:\/\/fg.ull.es\/hemeroteca\/wp-json\/wp\/v2\/comments?post=31097"}],"version-history":[{"count":0,"href":"https:\/\/fg.ull.es\/hemeroteca\/wp-json\/wp\/v2\/posts\/31097\/revisions"}],"wp:featuredmedia":[{"embeddable":true,"href":"https:\/\/fg.ull.es\/hemeroteca\/wp-json\/wp\/v2\/media\/27861"}],"wp:attachment":[{"href":"https:\/\/fg.ull.es\/hemeroteca\/wp-json\/wp\/v2\/media?parent=31097"}],"wp:term":[{"taxonomy":"category","embeddable":true,"href":"https:\/\/fg.ull.es\/hemeroteca\/wp-json\/wp\/v2\/categories?post=31097"},{"taxonomy":"post_tag","embeddable":true,"href":"https:\/\/fg.ull.es\/hemeroteca\/wp-json\/wp\/v2\/tags?post=31097"}],"curies":[{"name":"wp","href":"https:\/\/api.w.org\/{rel}","templated":true}]}}