{"id":31046,"date":"2016-12-23T15:26:53","date_gmt":"2016-12-23T15:26:53","guid":{"rendered":"http:\/\/www.fg.ull.es\/es\/?p=31046"},"modified":"2020-02-21T09:50:25","modified_gmt":"2020-02-21T08:50:25","slug":"la-actividad-cientificos-por-un-dia-trae-a-mas-de-250-estudiantes-de-eso-y-bachillerato-a-la-ull","status":"publish","type":"post","link":"https:\/\/fg.ull.es\/hemeroteca\/2016\/12\/23\/la-actividad-cientificos-por-un-dia-trae-a-mas-de-250-estudiantes-de-eso-y-bachillerato-a-la-ull\/","title":{"rendered":"La actividad \u201cNos convertimos en cient\u00edficos por un d\u00eda\u201d trae a m\u00e1s de 250 estudiantes de ESO y Bachillerato a la ULL"},"content":{"rendered":"<h1>La actividad \u201cNos convertimos en cient\u00edficos por un d\u00eda\u201d trae a m\u00e1s de 250 estudiantes de ESO y Bachillerato a la ULL<\/h1>\n<h4><strong>&nbsp;<\/strong>Durante los d\u00edas 20, 21 y 22 de diciembre alumnado de ESO y Bachillerato han participado en la segunda edici\u00f3n de estas jornadas que se enmarcan en el Programa de Navidades Cient\u00edficas e Innovadoras organizadas por la Consejer\u00eda de Econom\u00eda, Industria, Comercio y Conocimiento del Gobierno de Canarias.<\/h4>\n<p>Las Jornadas \u201cNos convertimos por un D\u00eda en Cient\u00edficos\u201d tienen como objetivo despertar las vocaciones cient\u00edficas del alumnado de 3\u00ba y 4\u00ba de la ESO y Bachillerato de los centros escolares de Tenerife, acercando la actividad investigadora desarrollada en la Universidad de La Laguna (ULL). Se centra en distintos \u00e1mbitos de inter\u00e9s para la sociedad canaria (energ\u00eda, sostenibilidad, medio ambiente y astrof\u00edsica) y se expone de una forma cercana y coloquial. Igualmente, se trata de mostrar las principales salidas profesionales que ofrecen los diferentes programas formativos que se imparten en la ULL.<br \/>\nA lo largo de cada jornada el alumnado cuenta con un programa de actividades compuesto por tres talleres pr\u00e1cticos que se desarrollan, simult\u00e1neamente, en diferentes laboratorios ubicados en las Secciones de F\u00edsica, Biolog\u00eda y Qu\u00edmica y por una charla cient\u00edfica impartida por un investigador de la Universidad de La Laguna.<br \/>\nLos talleres han tratado sobre el an\u00e1lisis y extracci\u00f3n de hongos, pilas de combustible y sus aplicaciones y Astrof\u00edsica y han sido realizados por la C\u00e1tedra CajaMar del sector agroalimentario dirigida por el Dr. Raimundao Cabrera, el grupo de investigaci\u00f3n de Ciencia de Superficies y Electrocat\u00e1lisis dirigido por la Dra. Elena Pastor y el Aula Cultural de Cassiopeia, respectivamente.<br \/>\nEl martes la charla cient\u00edfica trat\u00f3 sobre la labor de investigaci\u00f3n en el \u00e1rea de la geolog\u00eda y sus salidas profesionales y fue impartida por el Dr. Ram\u00f3n Casillas; el mi\u00e9rcoles corri\u00f3 a cargo de la investigadora Sara Garc\u00eda Ravelo miembro del Grupo de Investigaci\u00f3n Nutrici\u00f3n en Acuicultura y el jueves cont\u00f3 con el Dr. Juan Albino M\u00e9ndez P\u00e9rez del Grupo de Investigaci\u00f3n de Ingenier\u00eda de Control.<br \/>\nLos centros participantes en esta actividad han sido el IES San Mat\u00edas, el IES Sabino Berthelot, el IES Granadilla y el Colegio Luther King de San Miguel.<br \/>\nEsta actividad es promovida por la Universidad de La Laguna y su Fundaci\u00f3n General, a trav\u00e9s de su Unidad de Cultura Cient\u00edfica y de la Innovaci\u00f3n, dentro del Programa de Navidades Cient\u00edficas e Innovadoras de las Semanas de la Ciencia y la Innovaci\u00f3n en Canarias 2016 de la Consejer\u00eda de Econom\u00eda, Industria, Comercio y Conocimiento del Gobierno de Canarias, a trav\u00e9s de la ACIISI.<br \/>\n&nbsp;<br \/>\n&nbsp;<\/p>\n","protected":false},"excerpt":{"rendered":"<p> Durante los d\u00edas 20, 21 y 22 de diciembre alumnado de ESO y Bachillerato han participado en la segunda edici\u00f3n de estas jornadas que se enmarcan en el Programa de Navidades Cient\u00edficas e Innovadoras organizadas por la Consejer\u00eda de Econom\u00eda, Industria, Comercio y Conocimiento del Gobierno de Canarias.<\/p>\n","protected":false},"author":3,"featured_media":31252,"comment_status":"closed","ping_status":"closed","sticky":false,"template":"","format":"standard","meta":{"footnotes":""},"categories":[8],"tags":[342,472,1396,1426],"featured_image_thumbnail_url":"https:\/\/fg.ull.es\/hemeroteca\/wp-content\/uploads\/sites\/14\/2016\/12\/20-24-300x201.jpg","_links":{"self":[{"href":"https:\/\/fg.ull.es\/hemeroteca\/wp-json\/wp\/v2\/posts\/31046"}],"collection":[{"href":"https:\/\/fg.ull.es\/hemeroteca\/wp-json\/wp\/v2\/posts"}],"about":[{"href":"https:\/\/fg.ull.es\/hemeroteca\/wp-json\/wp\/v2\/types\/post"}],"author":[{"embeddable":true,"href":"https:\/\/fg.ull.es\/hemeroteca\/wp-json\/wp\/v2\/users\/3"}],"replies":[{"embeddable":true,"href":"https:\/\/fg.ull.es\/hemeroteca\/wp-json\/wp\/v2\/comments?post=31046"}],"version-history":[{"count":1,"href":"https:\/\/fg.ull.es\/hemeroteca\/wp-json\/wp\/v2\/posts\/31046\/revisions"}],"predecessor-version":[{"id":31253,"href":"https:\/\/fg.ull.es\/hemeroteca\/wp-json\/wp\/v2\/posts\/31046\/revisions\/31253"}],"wp:featuredmedia":[{"embeddable":true,"href":"https:\/\/fg.ull.es\/hemeroteca\/wp-json\/wp\/v2\/media\/31252"}],"wp:attachment":[{"href":"https:\/\/fg.ull.es\/hemeroteca\/wp-json\/wp\/v2\/media?parent=31046"}],"wp:term":[{"taxonomy":"category","embeddable":true,"href":"https:\/\/fg.ull.es\/hemeroteca\/wp-json\/wp\/v2\/categories?post=31046"},{"taxonomy":"post_tag","embeddable":true,"href":"https:\/\/fg.ull.es\/hemeroteca\/wp-json\/wp\/v2\/tags?post=31046"}],"curies":[{"name":"wp","href":"https:\/\/api.w.org\/{rel}","templated":true}]}}