{"id":31001,"date":"2016-12-16T15:12:48","date_gmt":"2016-12-16T15:12:48","guid":{"rendered":"http:\/\/www.fg.ull.es\/es\/?p=31001"},"modified":"2016-12-16T15:12:48","modified_gmt":"2016-12-16T15:12:48","slug":"anulada-la-convocatoria-de-seleccion-de-personal-para-conformar-una-bolsa-de-empleo-con-perfil-tecnicoa-para-el-desarrollo-de-actividades-de-gestion-administrativa-de-proyectos-para-la-fundacion","status":"publish","type":"post","link":"https:\/\/fg.ull.es\/hemeroteca\/2016\/12\/16\/anulada-la-convocatoria-de-seleccion-de-personal-para-conformar-una-bolsa-de-empleo-con-perfil-tecnicoa-para-el-desarrollo-de-actividades-de-gestion-administrativa-de-proyectos-para-la-fundacion\/","title":{"rendered":"Anulada la convocatoria de selecci\u00f3n de personal para conformar una bolsa de empleo con perfil &#034;T\u00e9cnico\/a para el desarrollo de actividades de gesti\u00f3n administrativa de proyectos&#034; para la Fundaci\u00f3n General de la Universidad de La Laguna."},"content":{"rendered":"<h1>Anulada la convocatoria de selecci\u00f3n de personal para conformar una bolsa de empleo con perfil &#8220;T\u00e9cnico\/a para el desarrollo de actividades de gesti\u00f3n administrativa de proyectos&#8221; para la Fundaci\u00f3n General de la Universidad de La Laguna.<\/h1>\n<h4>Se anula la convocatoria de selecci\u00f3n de personal para conformar una bolsa de empleo con perfil &#8220;T\u00e9cnico\/a para el desarrollo de actividades de gesti\u00f3n administrativa de proyectos&#8221; para la Fundaci\u00f3n General de la Universidad de La Laguna.<\/h4>\n<p>Finalizado el periodo de inscripci\u00f3n el pasado d\u00eda 6 de diciembre la Comisi\u00f3n de Selecci\u00f3n procede a anular la convocatoria al haberse detectado los siguientes errores de forma:<\/p>\n<p style=\"padding-left: 30px\">\u2022 \u00a0 \u00a0La sede electr\u00f3nica destinada al registro en el proceso selectivo no estuvo operativa durante todo el periodo de inscripci\u00f3n.<br \/>\n\u2022 \u00a0 \u00a0Problemas de accesibilidad con el \u201cAnexo I: Documento de Autobaremaci\u00f3n\u201d<\/p>\n","protected":false},"excerpt":{"rendered":"<p>Anulada la convocatoria de selecci\u00f3n de personal para conformar una bolsa de empleo con perfil &#8220;T\u00e9cnico\/a para el desarrollo de actividades de gesti\u00f3n administrativa de proyectos&#8221; para la Fundaci\u00f3n General de la Universidad de La Laguna. Se anula la convocatoria de selecci\u00f3n de personal para conformar una bolsa de empleo con perfil &#8220;T\u00e9cnico\/a para el&#8230;<\/p>\n","protected":false},"author":8,"featured_media":0,"comment_status":"closed","ping_status":"closed","sticky":false,"template":"","format":"standard","meta":{"footnotes":""},"categories":[2],"tags":[518,722],"featured_image_thumbnail_url":null,"_links":{"self":[{"href":"https:\/\/fg.ull.es\/hemeroteca\/wp-json\/wp\/v2\/posts\/31001"}],"collection":[{"href":"https:\/\/fg.ull.es\/hemeroteca\/wp-json\/wp\/v2\/posts"}],"about":[{"href":"https:\/\/fg.ull.es\/hemeroteca\/wp-json\/wp\/v2\/types\/post"}],"author":[{"embeddable":true,"href":"https:\/\/fg.ull.es\/hemeroteca\/wp-json\/wp\/v2\/users\/8"}],"replies":[{"embeddable":true,"href":"https:\/\/fg.ull.es\/hemeroteca\/wp-json\/wp\/v2\/comments?post=31001"}],"version-history":[{"count":0,"href":"https:\/\/fg.ull.es\/hemeroteca\/wp-json\/wp\/v2\/posts\/31001\/revisions"}],"wp:attachment":[{"href":"https:\/\/fg.ull.es\/hemeroteca\/wp-json\/wp\/v2\/media?parent=31001"}],"wp:term":[{"taxonomy":"category","embeddable":true,"href":"https:\/\/fg.ull.es\/hemeroteca\/wp-json\/wp\/v2\/categories?post=31001"},{"taxonomy":"post_tag","embeddable":true,"href":"https:\/\/fg.ull.es\/hemeroteca\/wp-json\/wp\/v2\/tags?post=31001"}],"curies":[{"name":"wp","href":"https:\/\/api.w.org\/{rel}","templated":true}]}}