{"id":30855,"date":"2016-12-07T15:06:39","date_gmt":"2016-12-07T15:06:39","guid":{"rendered":"http:\/\/www.fg.ull.es\/es\/?p=30855"},"modified":"2020-02-20T12:19:27","modified_gmt":"2020-02-20T11:19:27","slug":"regresan-los-viernes-turisticos-a-la-ull","status":"publish","type":"post","link":"https:\/\/fg.ull.es\/hemeroteca\/2016\/12\/07\/regresan-los-viernes-turisticos-a-la-ull\/","title":{"rendered":"Regresan los \u201cviernes tur\u00edsticos\u201d a la ULL"},"content":{"rendered":"<h1>Regresan los \u201cviernes tur\u00edsticos\u201d a la ULL<\/h1>\n<h4>Se trata de una iniciativa que engloba diversos seminarios enfocados a este sector, que se desarrollar\u00e1n durante el presente curso acad\u00e9mico en horario de ma\u00f1ana<\/h4>\n<p>La nueva temporada de los \u201cviernes tur\u00edsticos\u201d, reunir\u00e1 ponencias de empresarios y empresarias, responsables de instituciones y personal de investigaci\u00f3n en turismo. El objetivo es que compartan con el p\u00fablico asistente sus experiencias, foment\u00e1ndose as\u00ed la relaci\u00f3n entre el plano acad\u00e9mico y el empresarial.<br \/>\nCuenta con la organizaci\u00f3n del M\u00e1ster Universitario en Direcci\u00f3n y Planificaci\u00f3n del Turismo y con el apoyo de la C\u00e1tedra de Turismo CajaCanarias \u2013 Ashotel \u2013 Universidad de La Laguna. Ya est\u00e1 disponible <a href=\"http:\/\/www.fg.ull.es\/wp-content\/uploads\/2016\/12\/Captura-1.jpg\" target=\"_blank\" rel=\"noopener noreferrer\">el calendario&nbsp;con la previsi\u00f3n de conferencias <\/a>para este curso acad\u00e9mico 2016\/17.<br \/>\nLas actividades se estructurar\u00e1n en torno a doce jornadas, completamente gratuitas y con l\u00edmite de plazas, por lo que ser\u00e1 necesario inscribirse. Adem\u00e1s, la C\u00e1tedra de Turismo ofrece la posibilidad de entregar certificados de asistencia a las personas que asistan a un 80% de los encuentros y que se inscriban mediante <a href=\"https:\/\/docs.google.com\/forms\/d\/e\/1FAIpQLSdDmmwNH9zsNlMKtqQpcqSNo6HzDxL8yggI8ZXEpkgZK6eyFQ\/viewform?usp=send_form\" target=\"_blank\" rel=\"noopener noreferrer\">este formulario<\/a>.<\/p>\n","protected":false},"excerpt":{"rendered":"<p>Se trata de una iniciativa que engloba diversos seminarios enfocados a este sector, que se desarrollar\u00e1n durante el presente curso acad\u00e9mico en horario de ma\u00f1ana<\/p>\n","protected":false},"author":37,"featured_media":31236,"comment_status":"closed","ping_status":"closed","sticky":false,"template":"","format":"standard","meta":{"footnotes":""},"categories":[8],"tags":[98,379,1392,1396,1462],"featured_image_thumbnail_url":"https:\/\/fg.ull.es\/hemeroteca\/wp-content\/uploads\/sites\/14\/2016\/12\/Cruceros_en_el_puerto_de_Santa_Cruz_de_Tenerife-300x225.jpg","_links":{"self":[{"href":"https:\/\/fg.ull.es\/hemeroteca\/wp-json\/wp\/v2\/posts\/30855"}],"collection":[{"href":"https:\/\/fg.ull.es\/hemeroteca\/wp-json\/wp\/v2\/posts"}],"about":[{"href":"https:\/\/fg.ull.es\/hemeroteca\/wp-json\/wp\/v2\/types\/post"}],"author":[{"embeddable":true,"href":"https:\/\/fg.ull.es\/hemeroteca\/wp-json\/wp\/v2\/users\/37"}],"replies":[{"embeddable":true,"href":"https:\/\/fg.ull.es\/hemeroteca\/wp-json\/wp\/v2\/comments?post=30855"}],"version-history":[{"count":1,"href":"https:\/\/fg.ull.es\/hemeroteca\/wp-json\/wp\/v2\/posts\/30855\/revisions"}],"predecessor-version":[{"id":31237,"href":"https:\/\/fg.ull.es\/hemeroteca\/wp-json\/wp\/v2\/posts\/30855\/revisions\/31237"}],"wp:featuredmedia":[{"embeddable":true,"href":"https:\/\/fg.ull.es\/hemeroteca\/wp-json\/wp\/v2\/media\/31236"}],"wp:attachment":[{"href":"https:\/\/fg.ull.es\/hemeroteca\/wp-json\/wp\/v2\/media?parent=30855"}],"wp:term":[{"taxonomy":"category","embeddable":true,"href":"https:\/\/fg.ull.es\/hemeroteca\/wp-json\/wp\/v2\/categories?post=30855"},{"taxonomy":"post_tag","embeddable":true,"href":"https:\/\/fg.ull.es\/hemeroteca\/wp-json\/wp\/v2\/tags?post=30855"}],"curies":[{"name":"wp","href":"https:\/\/api.w.org\/{rel}","templated":true}]}}