{"id":30849,"date":"2016-12-07T14:27:25","date_gmt":"2016-12-07T14:27:25","guid":{"rendered":"http:\/\/www.fg.ull.es\/es\/?p=30849"},"modified":"2016-12-07T14:27:25","modified_gmt":"2016-12-07T14:27:25","slug":"obiten-comparte-experiencias-y-perspectivas-diversas-sobre-el-papel-de-la-comunidad-en-materia-de-acogida-y-refugio-en-su-xvi-jornada-tecnica","status":"publish","type":"post","link":"https:\/\/fg.ull.es\/hemeroteca\/2016\/12\/07\/obiten-comparte-experiencias-y-perspectivas-diversas-sobre-el-papel-de-la-comunidad-en-materia-de-acogida-y-refugio-en-su-xvi-jornada-tecnica\/","title":{"rendered":"OBITen comparte experiencias y perspectivas diversas sobre el papel de la comunidad en materia de acogida y refugio en su XVI Jornada T\u00e9cnica"},"content":{"rendered":"<h1>OBITen comparte experiencias y perspectivas diversas sobre el papel de la comunidad en materia de acogida y refugio en su XVI Jornada T\u00e9cnica<\/h1>\n<h4>La decimosexta edici\u00f3n de este encuentro t\u00e9cnico abord\u00f3 la cuesti\u00f3n de la acogida a las personas refugiadas, conjugando una perspectiva global y europea con otra m\u00e1s local y comunitaria, contando con la presencia de personas y entidades que mostraron experiencias que se est\u00e1n llevando a cabo tanto en el \u00e1mbito internacional y nacional como auton\u00f3mico e insular, planteando adem\u00e1s las dificultades y retos que hay que enfrentar as\u00ed como distintas propuestas de actuaci\u00f3n<\/h4>\n<p>El Observatorio de la Inmigraci\u00f3n de Tenerife (OBITen), entidad respaldada por el Cabildo de Tenerife y la Universidad de La Laguna, celebr\u00f3 este pasado jueves, 1 de diciembre, la d\u00e9cimo sexta edici\u00f3n de su Jornada T\u00e9cnica, un encuentro anual de car\u00e1cter cient\u00edfico-t\u00e9cnico que en esta ocasi\u00f3n analiz\u00f3 desde diferentes \u00e1mbitos y perspectivas la cuesti\u00f3n de la acogida de personas refugiadas desde un punto de vista comunitario.<br \/>\nCon una asistencia que estuvo en torno a las sesenta personas a lo largo de la jornada y bajo el t\u00edtulo general de \u201cComunidad, acogida y refugio\u201d, esta edici\u00f3n de la Jornada T\u00e9cnica abord\u00f3 una cuesti\u00f3n de m\u00e1xima actualidad, como es la acogida de personas refugiadas, poniendo el foco en el papel que puede desempe\u00f1ar la comunidad de acogida en este proceso. De este modo, la sesi\u00f3n matinal de la Jornada se enfoc\u00f3 a situar el panorama general en torno a esta materia y a compartir experiencias nacionales e internacionales que se est\u00e1n desarrollando, como es el caso de la labor de acogida desarrollada por entidades como los ayuntamientos de Barcelona y Sabadell o el Servicio Casa Migrantes de C\u00e1ritas en la ciudad italiana de Bolzano. La parte de la tarde se dedic\u00f3 a conocer iniciativas enfocadas a esta cuesti\u00f3n en un \u00e1mbito m\u00e1s local y cercano, junto a otras que abordan este asunto desde la perspectiva del trabajo con la comunidad de acogida.<br \/>\nEl consejero de Empleo, Comercio, Industria y Desarrollo Econ\u00f3mico del Cabildo de Tenerife, Efra\u00edn Medina, agradeci\u00f3 en la inauguraci\u00f3n de esta cita a la Universidad de La Laguna el trabajo que desarrolla a trav\u00e9s del Observatorio de la Inmigraci\u00f3n de Tenerife, y que, en su opini\u00f3n, \u201ces un ejemplo para otras comunidades aut\u00f3nomas\u201d. Y asegur\u00f3, adem\u00e1s, que el Cabildo de Tenerife \u201cseguir\u00e1 apoyando tanto las tareas de investigaci\u00f3n que se realiza en este Observatorio como la labor aplicada a trav\u00e9s de iniciativas como <em>Juntos En la misma direcci\u00f3n<\/em>, que mediante experiencias como el Grupo Antirrumores de Tenerife est\u00e1n trabajando de forma anticipada para prevenir conductas negativas hacia las personas refugiadas y para preparar a nuestra comunidad para la acogida a estas personas, ya que el Cabildo insular ha mostrado su total disposici\u00f3n a que Tenerife sea una Isla de acogida\u201d.<br \/>\nPor su parte, el rector de la Universidad de La Laguna, Antonio Martin\u00f3n, alab\u00f3 el trabajo que viene desarrollando desde hace diecis\u00e9is a\u00f1os OBITen en favor de la integraci\u00f3n y la cohesi\u00f3n social, y asimismo, destac\u00f3 el apoyo del Cabildo de Tenerife a esta iniciativa para hacer posible que sea \u201cuno de los pocos observatorios de este tipo que siguen en activo a nivel nacional\u201d. Adem\u00e1s, puso en valor el hecho de que la Jornada T\u00e9cnica contin\u00fae \u201csuscitando inter\u00e9s despu\u00e9s de tantas ediciones y siga encontrando tem\u00e1ticas atractivas y de m\u00e1xima actualidad\u201c.<br \/>\nLas personas participantes valoraron de forma muy positiva tanto el contenido como el desarrollo de la Jornada T\u00e9cnica y felicitaron a las entidades organizadoras, mostrando mucho inter\u00e9s por el tema abordado, por los diferentes enfoques aportados sobre esta cuesti\u00f3n y proponiendo m\u00e1s espacios como la presentaci\u00f3n de experiencias, que tuvo lugar durante la sesi\u00f3n de tarde de la Jornada.<br \/>\nLa primera ponencia de la Jornada de este a\u00f1o estuvo a cargo de Ram\u00f3n Sanahuja y V\u00e9lez, director de Atenci\u00f3n y Acogida de la Inmigraci\u00f3n del Ayuntamiento de Barcelona, que hizo un an\u00e1lisis general de la situaci\u00f3n, a nivel pol\u00edtico y legal, de la acogida a personas refugiadas en el \u00e1mbito europeo y nacional, y que, adem\u00e1s, mostr\u00f3 el trabajo en esta materia que se realiza en el Ayuntamiento de Barcelona.<br \/>\nLa Jornada T\u00e9cnica continu\u00f3 con un teatro foro, en el que, a trav\u00e9s de la escenificaci\u00f3n de una situaci\u00f3n cotidiana y de t\u00e9cnicas de lo que se conoce como \u201cTeatro del oprimido\u201d, se busc\u00f3 la complicidad del p\u00fablico participante para analizar c\u00f3mo se puede actuar ante situaciones en las que las personas de nuestro entorno realizan comentarios racistas o xen\u00f3fobos. La \u00faltima exposici\u00f3n de la ma\u00f1ana se centr\u00f3 en dos experiencias con efecto demostrativo, con la intervenci\u00f3n de Sandro Tognolo, responsable del Servicio Casa Migrantes de C\u00e1ritas de Bolzano (Italia), y Cristina Puente Malla, jefa del \u00c1rea de Acogida y Nueva Ciudadan\u00eda del Ayuntamiento de Sabadell que habl\u00f3 sobre la iniciativa \u201cSabadell, ciudad refugio\u201d.<br \/>\nEn esta sesi\u00f3n matinal tambi\u00e9n tuvo lugar el habitual acto de entrega del Reconocimiento OBITen, que premia la labor y trayectoria de personas que han aportado y trabajado por la convivencia y la cohesi\u00f3n social en la Isla favoreciendo el di\u00e1logo intercultural. El nombramiento de este a\u00f1o fue para Puchi M\u00e9ndez, locutora de Radio Club Tenerife y directora del programa \u201cHoy por Hoy Tajaraste\u201d, por su constante apoyo en la difusi\u00f3n y el fortalecimiento de la labor que se realiza en la Isla en materia de gesti\u00f3n de la diversidad e interculturalidad, con ejemplos como el espacio \u201cDiversando\u201d, que realiza junto al Grupo J\u00f3venes por la Diversidad un jueves de cada mes para tratar diferentes cuestiones de actualidad desde una perspectiva intercultural.<br \/>\nTras el descanso para el almuerzo, la <em>Jornada T\u00e9cnica<\/em> continu\u00f3 por la tarde con la presentaci\u00f3n de la gu\u00eda \u201cClaves para la acogida comunitaria de personas refugiadas: comunicaci\u00f3n social antirracista y participativa\u201d, \u00a0fruto del trabajo conjunto con el Gobierno de Canarias, a trav\u00e9s de la Direcci\u00f3n General de Pol\u00edticas Sociales e Inmigraci\u00f3n. La gu\u00eda ha sido realizada en su\u00a0 mayor parte por Daniel Buraschi y Natalia Oldano, promotores de la Asociaci\u00f3n para la Convivencia Mosaico Canarias. Tambi\u00e9n se ofrecieron los resultados de la investigaci\u00f3n del Observatorio \u201cTIC y empoderamiento de los migrantes: Estudiantes de \u00c1frica en la Universidad de Laguna\u201d, por parte de Paloma L\u00f3pez-Reillo, integrante del equipo de investigaci\u00f3n de OBITen y responsable de dicha investigaci\u00f3n.<br \/>\nFinalmente, la \u00faltima parte de la <em>Jornada<\/em> se dedic\u00f3 al desarrollo de un panel de iniciativas locales vinculadas con la acogida y el refugio, con experiencias como las de CEAR Canarias, presentada por Juan Carlos Lorenzo de Armas; Candelaria por la paz y el derecho al refugio, a cargo de Anselmo Fari\u00f1a Meli\u00e1n; la \u201cGu\u00eda de Acogida para personas reci\u00e9n llegadas a Tenerife\u201d de parte del Grupo de Participaci\u00f3n Infantil \u2018Amiguitos y Amiguitas\u2019 de <em>Juntos En la misma direcci\u00f3n<\/em>; y Proactiva Open Arms, una experiencia compartida por Jos\u00e9 Luis Smoris P\u00e9rez. Asimismo se invit\u00f3 a exponer su experiencia a la representante de <em>Welcome Refugees<\/em>, Marina Delgado que asisti\u00f3 como participante a la XVI Jornada T\u00e9cnica, compartiendo la experiencia de esta respuesta ciudadana.<br \/>\n&nbsp;<\/p>\n","protected":false},"excerpt":{"rendered":"<p>La decimosexta edici\u00f3n de este encuentro t\u00e9cnico abord\u00f3 la cuesti\u00f3n de la acogida a las personas refugiadas, conjugando una perspectiva global y europea con otra m\u00e1s local y comunitaria, contando con la presencia de personas y entidades que mostraron experiencias que se est\u00e1n llevando a cabo tanto en el \u00e1mbito internacional y nacional como auton\u00f3mico e insular, planteando adem\u00e1s las dificultades y retos que hay que enfrentar as\u00ed como distintas propuestas de actuaci\u00f3n<\/p>\n","protected":false},"author":37,"featured_media":30850,"comment_status":"closed","ping_status":"closed","sticky":false,"template":"","format":"standard","meta":{"footnotes":""},"categories":[8],"tags":[97,1060,1499],"featured_image_thumbnail_url":"https:\/\/fg.ull.es\/hemeroteca\/wp-content\/uploads\/sites\/14\/2016\/12\/IMG_6374-300x143.jpg","_links":{"self":[{"href":"https:\/\/fg.ull.es\/hemeroteca\/wp-json\/wp\/v2\/posts\/30849"}],"collection":[{"href":"https:\/\/fg.ull.es\/hemeroteca\/wp-json\/wp\/v2\/posts"}],"about":[{"href":"https:\/\/fg.ull.es\/hemeroteca\/wp-json\/wp\/v2\/types\/post"}],"author":[{"embeddable":true,"href":"https:\/\/fg.ull.es\/hemeroteca\/wp-json\/wp\/v2\/users\/37"}],"replies":[{"embeddable":true,"href":"https:\/\/fg.ull.es\/hemeroteca\/wp-json\/wp\/v2\/comments?post=30849"}],"version-history":[{"count":0,"href":"https:\/\/fg.ull.es\/hemeroteca\/wp-json\/wp\/v2\/posts\/30849\/revisions"}],"wp:featuredmedia":[{"embeddable":true,"href":"https:\/\/fg.ull.es\/hemeroteca\/wp-json\/wp\/v2\/media\/30850"}],"wp:attachment":[{"href":"https:\/\/fg.ull.es\/hemeroteca\/wp-json\/wp\/v2\/media?parent=30849"}],"wp:term":[{"taxonomy":"category","embeddable":true,"href":"https:\/\/fg.ull.es\/hemeroteca\/wp-json\/wp\/v2\/categories?post=30849"},{"taxonomy":"post_tag","embeddable":true,"href":"https:\/\/fg.ull.es\/hemeroteca\/wp-json\/wp\/v2\/tags?post=30849"}],"curies":[{"name":"wp","href":"https:\/\/api.w.org\/{rel}","templated":true}]}}