{"id":30840,"date":"2016-12-07T09:57:29","date_gmt":"2016-12-07T09:57:29","guid":{"rendered":"http:\/\/www.fg.ull.es\/es\/?p=30840"},"modified":"2016-12-07T09:57:29","modified_gmt":"2016-12-07T09:57:29","slug":"alumnado-de-tenerife-se-acercara-al-tejido-empresarial-canario-con-un-programa-de-visitas-a-empresas-e-instituciones","status":"publish","type":"post","link":"https:\/\/fg.ull.es\/hemeroteca\/2016\/12\/07\/alumnado-de-tenerife-se-acercara-al-tejido-empresarial-canario-con-un-programa-de-visitas-a-empresas-e-instituciones\/","title":{"rendered":"Alumnado de Tenerife se acercar\u00e1 al tejido empresarial canario con un programa de &#034;visitas a empresas e instituciones&#034;"},"content":{"rendered":"<p>&nbsp;<\/p>\n<h1>Alumnado de Tenerife se acercar\u00e1 al tejido empresarial canario con un programa de &#8220;visitas a empresas e instituciones&#8221;<\/h1>\n<h4>Est\u00e1 enmarcado dentro del Programa de Acciones para el Fomento de las Vocaciones Cient\u00edficas y Profesionales en la isla de Tenerife que impulsa la ULL y cuenta con el apoyo de la Consejer\u00eda de Educaci\u00f3n del Gobierno de Canarias. Se desarrollar\u00e1 durante este curso acad\u00e9mico y quiere mostrar a los j\u00f3venes, de primera mano, los entresijos y caracter\u00edsticas del trabajo en diferentes sectores empresariales.<\/h4>\n<p>El Programa de Acciones para el Fomento de las Vocaciones Cient\u00edficas y Profesionales de la isla de Tenerife, que se lleva desarrollando desde hace varios a\u00f1os, engloba dos bloques de acciones diferentes. Por un lado, las \u201cRutas Cient\u00edficas de la ULL\u201d, que comenzaron el 5 de noviembre, y por el otro, \u201clas visitas a empresas e instituciones\u201d, que arrancaron el martes, 15 de noviembre. Siguiendo la misma metodolog\u00eda que las primeras, las visitas a empresas consisten en un recorrido por compa\u00f1\u00edas tinerfe\u00f1as de diversos sectores, en las que los chicos y chicas pueden conocer, de forma directa, el trabajo que en ellas se realiza.<br \/>\nEl itinerario de visitas lo abri\u00f3, el 15 de noviembre el IES M\u00aa Rosa Alonso. Un grupo de 25 estudiantes de Bachillerato de este centro de A\u00f1aza, acudi\u00f3 a las instalaciones de la empresa Libby\u2019s, donde el personal explic\u00f3 c\u00f3mo desarrolla su actividad diaria y qu\u00e9 proceso se sigue en la creaci\u00f3n de los productos de esta conocida f\u00e1brica.<br \/>\nEl Programa de Acciones para el Fomento de las Vocaciones Cient\u00edficas y Profesionales de la Isla de Tenerife, es una iniciativa de la Universidad de La Laguna y su Fundaci\u00f3n General, a trav\u00e9s de Cienci@ULL, que cuenta con la financiaci\u00f3n del Cabildo Insular de Tenerife, la Consejer\u00eda de Educaci\u00f3n del Gobierno de Canarias y Universidades. La finalidad de la actividad es que el alumnado participante realice visitas a empresas o administraciones de inter\u00e9s, para que conozca la actividad que realizan las personas que trabajan all\u00ed, as\u00ed como los diferentes perfiles profesionales y la cualificaci\u00f3n que requieren para cada caso.<br \/>\nLa actividad se encuadra dentro de las Semanas Canarias de la Ciencia y la Innovaci\u00f3n del Gobierno organizadas por la Consejer\u00eda de Econom\u00eda, Industria, Comercio y Conocimiento del Gobierno de Canarias a trav\u00e9s de la Agencia Canaria de Investigaci\u00f3n, Innovaci\u00f3n y Sociedad de la Informaci\u00f3n (ACIISI).<\/p>\n","protected":false},"excerpt":{"rendered":"<p>Est\u00e1 enmarcado dentro del Programa de Acciones para el Fomento de las Vocaciones Cient\u00edficas y Profesionales en la isla de Tenerife que impulsa la ULL y cuenta con el apoyo de la Consejer\u00eda de Educaci\u00f3n del Gobierno de Canarias. Se desarrollar\u00e1 durante este curso acad\u00e9mico y quiere mostrar a los j\u00f3venes, de primera mano, los entresijos y caracter\u00edsticas del trabajo en diferentes sectores empresariales.<\/p>\n","protected":false},"author":37,"featured_media":30841,"comment_status":"closed","ping_status":"closed","sticky":false,"template":"","format":"standard","meta":{"footnotes":""},"categories":[8],"tags":[703,1396,1473],"featured_image_thumbnail_url":"https:\/\/fg.ull.es\/hemeroteca\/wp-content\/uploads\/sites\/14\/2016\/12\/d-300x201.jpg","_links":{"self":[{"href":"https:\/\/fg.ull.es\/hemeroteca\/wp-json\/wp\/v2\/posts\/30840"}],"collection":[{"href":"https:\/\/fg.ull.es\/hemeroteca\/wp-json\/wp\/v2\/posts"}],"about":[{"href":"https:\/\/fg.ull.es\/hemeroteca\/wp-json\/wp\/v2\/types\/post"}],"author":[{"embeddable":true,"href":"https:\/\/fg.ull.es\/hemeroteca\/wp-json\/wp\/v2\/users\/37"}],"replies":[{"embeddable":true,"href":"https:\/\/fg.ull.es\/hemeroteca\/wp-json\/wp\/v2\/comments?post=30840"}],"version-history":[{"count":0,"href":"https:\/\/fg.ull.es\/hemeroteca\/wp-json\/wp\/v2\/posts\/30840\/revisions"}],"wp:featuredmedia":[{"embeddable":true,"href":"https:\/\/fg.ull.es\/hemeroteca\/wp-json\/wp\/v2\/media\/30841"}],"wp:attachment":[{"href":"https:\/\/fg.ull.es\/hemeroteca\/wp-json\/wp\/v2\/media?parent=30840"}],"wp:term":[{"taxonomy":"category","embeddable":true,"href":"https:\/\/fg.ull.es\/hemeroteca\/wp-json\/wp\/v2\/categories?post=30840"},{"taxonomy":"post_tag","embeddable":true,"href":"https:\/\/fg.ull.es\/hemeroteca\/wp-json\/wp\/v2\/tags?post=30840"}],"curies":[{"name":"wp","href":"https:\/\/api.w.org\/{rel}","templated":true}]}}