{"id":30825,"date":"2016-12-07T09:13:29","date_gmt":"2016-12-07T09:13:29","guid":{"rendered":"http:\/\/www.fg.ull.es\/es\/?p=30825"},"modified":"2016-12-07T09:13:29","modified_gmt":"2016-12-07T09:13:29","slug":"la-ull-acoge-unas-jornadas-sobre-proteccion-de-la-infancia-y-la-familia","status":"publish","type":"post","link":"https:\/\/fg.ull.es\/hemeroteca\/2016\/12\/07\/la-ull-acoge-unas-jornadas-sobre-proteccion-de-la-infancia-y-la-familia\/","title":{"rendered":"La ULL acoge unas jornadas sobre protecci\u00f3n de la infancia y la familia"},"content":{"rendered":"<section class=\"wpb-content-wrapper\"><p>[vc_row][vc_column][vc_column_text]<\/p>\n<h1>La ULL acoge unas jornadas sobre protecci\u00f3n de\u00a0la infancia y la familia<\/h1>\n<h4>El encuentro, que cuenta con la colaboraci\u00f3n de la Fundaci\u00f3n General de la ULL, tendr\u00e1 lugar el 14 de diciembre, en la Facultad de Econ\u00f3micas de la Universidad de La Laguna.<\/h4>\n<p>Las &#8220;I Jornadas de Normativa B\u00e1sica en el \u00c1mbito de Protecci\u00f3n a la Infancia y la Familia&#8221; se realizan con el objetivo de formar y capacitar, conforme a la reforma de la normativa b\u00e1sica, al equipo de profesionales del \u00e1mbito que interviene en las administraciones locales con infancia y familia. El evento est\u00e1 financiado por el Instituto de Atenci\u00f3n Social y Sociosanitaria del Cabildo Insular de Tenerife (IASS), a trav\u00e9s de la Unidad de Infancia y Familia, y cuenta con la colaboraci\u00f3n de la Universidad de La Laguna, a trav\u00e9s de su Fundaci\u00f3n General.<br \/>\nSe desarrollar\u00e1 el pr\u00f3ximo mi\u00e9rcoles, 14 de diciembre, en el Aula Magna de la Facultad de Econ\u00f3micas de la ULL, de 8 a 14.30 horas, y el <strong><a href=\"http:\/\/www.fg.ull.es\/es\/programa-oficial-1-1\/\" target=\"_blank\" rel=\"noopener noreferrer\">programa<\/a> <\/strong>lo componen siete intervenciones diferentes.Las personas interesadas en asistir, tiene de plazo hasta el domingo 11 de diciembre, para inscribirse de forma gratuita. Las plazas son limitadas y se adjudicar\u00e1n por orden de inscripci\u00f3n.<br \/>\n&nbsp;<br \/>\n[\/vc_column_text][vc_btn title=&#8221;INSCRIPCI\u00d3N AQU\u00cd&#8221; shape=&#8221;square&#8221; color=&#8221;danger&#8221; link=&#8221;url:https%3A%2F%2Fdocs.google.com%2Fa%2Ffg.ull.es%2Fforms%2Fd%2Fe%2F1FAIpQLSfdTiCbgq8aBjlNzeBLokE8Hau26ZJwcOU9PRHHX-TpBIsF5Q%2Fviewform||target:%20_blank|&#8221; css=&#8221;.vc_custom_1481106931477{padding-top: -30px !important;}&#8221;][vc_btn title=&#8221;PROGRAMA&#8221; shape=&#8221;square&#8221; color=&#8221;danger&#8221; link=&#8221;url:http%3A%2F%2Fwww.fg.ull.es%2Fwp-content%2Fuploads%2F2016%2F12%2FPrograma-oficial-1-1.pdf||target:%20_blank|&#8221;][\/vc_column][\/vc_row]<\/p>\n<\/section>","protected":false},"excerpt":{"rendered":"<p> El encuentro, que cuenta con la colaboraci\u00f3n de la Fundaci\u00f3n General de la ULL, tendr\u00e1 lugar el 14 de diciembre, en la Facultad de Econ\u00f3micas de la Universidad de La Laguna.<\/p>\n","protected":false},"author":37,"featured_media":30826,"comment_status":"closed","ping_status":"closed","sticky":false,"template":"","format":"standard","meta":{"footnotes":""},"categories":[8],"tags":[631,703,892,1179,1396],"featured_image_thumbnail_url":"https:\/\/fg.ull.es\/hemeroteca\/wp-content\/uploads\/sites\/14\/2016\/12\/Sin-t\u00edtulos-300x213.png","_links":{"self":[{"href":"https:\/\/fg.ull.es\/hemeroteca\/wp-json\/wp\/v2\/posts\/30825"}],"collection":[{"href":"https:\/\/fg.ull.es\/hemeroteca\/wp-json\/wp\/v2\/posts"}],"about":[{"href":"https:\/\/fg.ull.es\/hemeroteca\/wp-json\/wp\/v2\/types\/post"}],"author":[{"embeddable":true,"href":"https:\/\/fg.ull.es\/hemeroteca\/wp-json\/wp\/v2\/users\/37"}],"replies":[{"embeddable":true,"href":"https:\/\/fg.ull.es\/hemeroteca\/wp-json\/wp\/v2\/comments?post=30825"}],"version-history":[{"count":0,"href":"https:\/\/fg.ull.es\/hemeroteca\/wp-json\/wp\/v2\/posts\/30825\/revisions"}],"wp:featuredmedia":[{"embeddable":true,"href":"https:\/\/fg.ull.es\/hemeroteca\/wp-json\/wp\/v2\/media\/30826"}],"wp:attachment":[{"href":"https:\/\/fg.ull.es\/hemeroteca\/wp-json\/wp\/v2\/media?parent=30825"}],"wp:term":[{"taxonomy":"category","embeddable":true,"href":"https:\/\/fg.ull.es\/hemeroteca\/wp-json\/wp\/v2\/categories?post=30825"},{"taxonomy":"post_tag","embeddable":true,"href":"https:\/\/fg.ull.es\/hemeroteca\/wp-json\/wp\/v2\/tags?post=30825"}],"curies":[{"name":"wp","href":"https:\/\/api.w.org\/{rel}","templated":true}]}}